{"id":160271,"date":"2016-09-02T18:51:26","date_gmt":"2016-09-02T16:51:26","guid":{"rendered":"http:\/\/www.andreas-edler.de\/blog\/?p=160271"},"modified":"2016-09-03T14:08:49","modified_gmt":"2016-09-03T12:08:49","slug":"feierabendrunde-85","status":"publish","type":"post","link":"https:\/\/www.andreas-edler.de\/blog\/2016\/09\/feierabendrunde-85\/","title":{"rendered":"Feierabendrunde"},"content":{"rendered":"<p>September und der Sommer will nicht weichen. Ich aber im B\u00fcro &#8230; habe n\u00e4mlich fr\u00fcher Feierabend gemacht, damit ich noch eine Runde mit dem Rad drehen kann, bevor abends das #TwiBloTBOl auf dem Weinfest stattfindet. Dolle Lust habe ich &#8211; wie immer in letzter Zeit &#8211; aber nicht gehabt. Das eigentliche Ziel &#8222;Schutzh\u00fctte an der Krausen Buche&#8220; habe ich in H\u00f6he der W\u00f6hrener Stra\u00dfe gecancelt und bin links abgebogen auf die Nordumgehung. Der dann bis zur Werrebr\u00fccke am Kreuz L\u00f6hne gefolgt und \u00fcber den Else-Werre-Radweg bis zur Kussbr\u00fccke an der Weser zur\u00fcck. Kann man sehr gut fahren die Runde. <figure id=\"attachment_160273\" aria-describedby=\"caption-attachment-160273\" style=\"width: 470px\" class=\"wp-caption aligncenter\"><a href=\"http:\/\/www.andreas-edler.de\/blog\/wp-content\/uploads\/2016\/09\/20160902_werre.jpg\"><img loading=\"lazy\" decoding=\"async\" src=\"http:\/\/www.andreas-edler.de\/blog\/wp-content\/uploads\/2016\/09\/20160902_werre-470x247.jpg\" alt=\"Die Werre von der Autobahnbr\u00fccke in L\u00f6hne Richtung Westen schauend.\" width=\"470\" height=\"247\" class=\"size-large wp-image-160273\" srcset=\"https:\/\/www.andreas-edler.de\/blog\/wp-content\/uploads\/2016\/09\/20160902_werre-470x247.jpg 470w, https:\/\/www.andreas-edler.de\/blog\/wp-content\/uploads\/2016\/09\/20160902_werre-250x132.jpg 250w, https:\/\/www.andreas-edler.de\/blog\/wp-content\/uploads\/2016\/09\/20160902_werre-768x404.jpg 768w, https:\/\/www.andreas-edler.de\/blog\/wp-content\/uploads\/2016\/09\/20160902_werre-100x53.jpg 100w, https:\/\/www.andreas-edler.de\/blog\/wp-content\/uploads\/2016\/09\/20160902_werre-150x79.jpg 150w, https:\/\/www.andreas-edler.de\/blog\/wp-content\/uploads\/2016\/09\/20160902_werre-200x105.jpg 200w, https:\/\/www.andreas-edler.de\/blog\/wp-content\/uploads\/2016\/09\/20160902_werre-300x158.jpg 300w, https:\/\/www.andreas-edler.de\/blog\/wp-content\/uploads\/2016\/09\/20160902_werre-450x237.jpg 450w, https:\/\/www.andreas-edler.de\/blog\/wp-content\/uploads\/2016\/09\/20160902_werre-600x316.jpg 600w, https:\/\/www.andreas-edler.de\/blog\/wp-content\/uploads\/2016\/09\/20160902_werre-900x474.jpg 900w, https:\/\/www.andreas-edler.de\/blog\/wp-content\/uploads\/2016\/09\/20160902_werre.jpg 1280w\" sizes=\"auto, (max-width: 470px) 100vw, 470px\" \/><\/a><figcaption id=\"caption-attachment-160273\" class=\"wp-caption-text\">Die Werre von der Autobahnbr\u00fccke in L\u00f6hne Richtung Westen schauend.<\/figcaption><\/figure> Nur im Siel zwang mich ein unangeleinter Hund zum Bremsen. Erst als ich den Hinweis auf die Leine gegeben habe, erkannte ich aus den Augenwinkeln, dass die Halterin eine ehemalige Mitsch\u00fclerin war. Aber ich habe ja nicht rumgep\u00f6belt, sondern nur gesagt, dass eine Leine hilfreich w\u00e4re ;-) Aber an Regeln \u00e4ndert sich ja auch nichts, nur weil man denjenigen der sich gerade nicht dran h\u00e4lt zuf\u00e4llig kennt. Habe auch schon mal einer Arbeitskollegin, die mich mit dem Auto in einer Baustelle angehupt hat, ziemlich deutlich die Meinung gesagt (weil ich sie nicht sofort erkannt habe). Hat sie nachhaltig monatelang irritiert ;-) <!--more--> <\/p>\n<p style=\"text-align:center;font-size: smaller;\"><iframe src='https:\/\/connect.garmin.com\/modern\/activity\/embed\/1333895391' title='Eidinghausen, Nordumgehung, Werste, Rehme' width='465' height='500' frameborder='0'><\/iframe><\/p>\n","protected":false},"excerpt":{"rendered":"<p>September und der Sommer will nicht weichen. Ich aber im B\u00fcro &#8230; habe n\u00e4mlich fr\u00fcher Feierabend gemacht, damit ich noch eine Runde mit dem Rad drehen kann, bevor abends das #TwiBloTBOl auf dem Weinfest stattfindet. Dolle Lust habe ich &#8211; &hellip;<\/p>\n<p class=\"read-more\"> <a class=\"more-link\" href=\"https:\/\/www.andreas-edler.de\/blog\/2016\/09\/feierabendrunde-85\/\"> <span class=\"screen-reader-text\">Feierabendrunde<\/span> Weiterlesen &raquo;<\/a><\/p>\n","protected":false},"author":1,"featured_media":0,"comment_status":"open","ping_status":"open","sticky":false,"template":"","format":"standard","meta":{"ngg_post_thumbnail":0,"activitypub_content_warning":"","activitypub_content_visibility":"","activitypub_max_image_attachments":2,"activitypub_interaction_policy_quote":"anyone","activitypub_status":"","footnotes":""},"categories":[15],"tags":[35,132],"class_list":["post-160271","post","type-post","status-publish","format-standard","hentry","category-fahrrad","tag-nordumgehung","tag-radtour"],"share_on_mastodon":{"url":"","error":""},"_links":{"self":[{"href":"https:\/\/www.andreas-edler.de\/blog\/wp-json\/wp\/v2\/posts\/160271","targetHints":{"allow":["GET"]}}],"collection":[{"href":"https:\/\/www.andreas-edler.de\/blog\/wp-json\/wp\/v2\/posts"}],"about":[{"href":"https:\/\/www.andreas-edler.de\/blog\/wp-json\/wp\/v2\/types\/post"}],"author":[{"embeddable":true,"href":"https:\/\/www.andreas-edler.de\/blog\/wp-json\/wp\/v2\/users\/1"}],"replies":[{"embeddable":true,"href":"https:\/\/www.andreas-edler.de\/blog\/wp-json\/wp\/v2\/comments?post=160271"}],"version-history":[{"count":0,"href":"https:\/\/www.andreas-edler.de\/blog\/wp-json\/wp\/v2\/posts\/160271\/revisions"}],"wp:attachment":[{"href":"https:\/\/www.andreas-edler.de\/blog\/wp-json\/wp\/v2\/media?parent=160271"}],"wp:term":[{"taxonomy":"category","embeddable":true,"href":"https:\/\/www.andreas-edler.de\/blog\/wp-json\/wp\/v2\/categories?post=160271"},{"taxonomy":"post_tag","embeddable":true,"href":"https:\/\/www.andreas-edler.de\/blog\/wp-json\/wp\/v2\/tags?post=160271"}],"curies":[{"name":"wp","href":"https:\/\/api.w.org\/{rel}","templated":true}]}}