{"id":160258,"date":"2016-08-24T07:49:14","date_gmt":"2016-08-24T05:49:14","guid":{"rendered":"http:\/\/www.andreas-edler.de\/blog\/?p=160258"},"modified":"2016-08-24T07:49:14","modified_gmt":"2016-08-24T05:49:14","slug":"unvermeidlich-wollte-abbiegen-kam-zum-zusammenstoss","status":"publish","type":"post","link":"https:\/\/www.andreas-edler.de\/blog\/2016\/08\/unvermeidlich-wollte-abbiegen-kam-zum-zusammenstoss\/","title":{"rendered":"Unvermeidlich: &#8230; wollte abbiegen, kam zum Zusammensto\u00df &#8230;"},"content":{"rendered":"<p>Autofahrerin kann auf nasser Stra\u00dfe nicht bremsen &#8211; war dann wohl mit nicht angepasster Geschwindigkeit unterwegs &#8211; und m\u00e4ht vorfahrtberechtigten Radfahrer um. Das kann die Polizei so nat\u00fcrlich nicht schreiben. <cite><b><a href=\"http:\/\/www.presseportal.de\/blaulicht\/pm\/43553\/3410450\">Radfahrer zu sp\u00e4t gesehen<\/a><\/b><br \/>\n&#8230; beabsichtigte nach rechts auf die Gehlenbecker Stra\u00dfe abzubiegen. Dabei kam es den Angaben der Polizei zufolge zum Zusammensto\u00df mit dem Radfahrer, der auf dem Radweg in Richtung Mittellandkanal fuhr. Vergeblich hatte die Autofahrerin noch versucht durch ein Bremsman\u00f6ver den Unfall zu verhindern &#8230;<\/cite> <!--more--> Ich war an der Kreuzung noch nie, aber auf Google-Maps erkennt man sogar die markierte Furt des Radweges und die Haltelinien. Besonders schlecht einzusehen scheint das auch nicht zu sein.  <\/p>\n<p style=\"text-align:center;font-size: smaller;\"><iframe loading=\"lazy\" src=\"https:\/\/www.google.com\/maps\/embed?pb=!1m14!1m12!1m3!1d1155.7494865646781!2d8.651327021312186!3d52.33995823305338!2m3!1f0!2f0!3f0!3m2!1i1024!2i768!4f13.1!5e1!3m2!1sde!2sde!4v1472017377948\" width=\"600\" height=\"250\" frameborder=\"0\" style=\"border:0\" allowfullscreen><\/iframe><\/p>\n<p> Und wenn die Autofahrerin beabsichtigte 90\u00b0 rechts abzubiegen, dann muss sie doch sowieso langsam unterwegs sein. Die Polizei schreibt der Autofahrerin aber mal wieder keinerlei Fehlverhalten wie &#8222;zu schnell&#8220;, &#8222;Vorfahrt genommen&#8220;, &#8222;nicht aufgepasst&#8220; zu, sondern &#8222;lobt&#8220; quasi noch, dass sie sogar noch versucht hat durch Bremsen den Unfall zu vermeiden. Was f\u00fcr eine Heldin! Hat sogar noch gebremst, mehr kann man wirklich nicht verlangen. *Seufz*<\/p>\n","protected":false},"excerpt":{"rendered":"<p>Autofahrerin kann auf nasser Stra\u00dfe nicht bremsen &#8211; war dann wohl mit nicht angepasster Geschwindigkeit unterwegs &#8211; und m\u00e4ht vorfahrtberechtigten Radfahrer um. Das kann die Polizei so nat\u00fcrlich nicht schreiben. Radfahrer zu sp\u00e4t gesehen &#8230; beabsichtigte nach rechts auf die &hellip;<\/p>\n<p class=\"read-more\"> <a class=\"more-link\" href=\"https:\/\/www.andreas-edler.de\/blog\/2016\/08\/unvermeidlich-wollte-abbiegen-kam-zum-zusammenstoss\/\"> <span class=\"screen-reader-text\">Unvermeidlich: &#8230; wollte abbiegen, kam zum Zusammensto\u00df &#8230;<\/span> Weiterlesen &raquo;<\/a><\/p>\n","protected":false},"author":1,"featured_media":0,"comment_status":"open","ping_status":"open","sticky":false,"template":"","format":"standard","meta":{"ngg_post_thumbnail":0,"activitypub_content_warning":"","activitypub_content_visibility":"","activitypub_max_image_attachments":2,"activitypub_interaction_policy_quote":"anyone","activitypub_status":"","footnotes":""},"categories":[15,13],"tags":[34,127,71],"class_list":["post-160258","post","type-post","status-publish","format-standard","hentry","category-fahrrad","category-verkehr","tag-kommunikation","tag-polizei","tag-regeln"],"share_on_mastodon":{"url":"","error":""},"_links":{"self":[{"href":"https:\/\/www.andreas-edler.de\/blog\/wp-json\/wp\/v2\/posts\/160258","targetHints":{"allow":["GET"]}}],"collection":[{"href":"https:\/\/www.andreas-edler.de\/blog\/wp-json\/wp\/v2\/posts"}],"about":[{"href":"https:\/\/www.andreas-edler.de\/blog\/wp-json\/wp\/v2\/types\/post"}],"author":[{"embeddable":true,"href":"https:\/\/www.andreas-edler.de\/blog\/wp-json\/wp\/v2\/users\/1"}],"replies":[{"embeddable":true,"href":"https:\/\/www.andreas-edler.de\/blog\/wp-json\/wp\/v2\/comments?post=160258"}],"version-history":[{"count":0,"href":"https:\/\/www.andreas-edler.de\/blog\/wp-json\/wp\/v2\/posts\/160258\/revisions"}],"wp:attachment":[{"href":"https:\/\/www.andreas-edler.de\/blog\/wp-json\/wp\/v2\/media?parent=160258"}],"wp:term":[{"taxonomy":"category","embeddable":true,"href":"https:\/\/www.andreas-edler.de\/blog\/wp-json\/wp\/v2\/categories?post=160258"},{"taxonomy":"post_tag","embeddable":true,"href":"https:\/\/www.andreas-edler.de\/blog\/wp-json\/wp\/v2\/tags?post=160258"}],"curies":[{"name":"wp","href":"https:\/\/api.w.org\/{rel}","templated":true}]}}