{"id":160236,"date":"2016-08-16T20:49:10","date_gmt":"2016-08-16T18:49:10","guid":{"rendered":"http:\/\/www.andreas-edler.de\/blog\/?p=160236"},"modified":"2016-08-16T20:49:10","modified_gmt":"2016-08-16T18:49:10","slug":"umleitungsschild-mitten-auf-benutzungspflichtigem-radweg","status":"publish","type":"post","link":"https:\/\/www.andreas-edler.de\/blog\/2016\/08\/umleitungsschild-mitten-auf-benutzungspflichtigem-radweg\/","title":{"rendered":"Umleitungsschild mitten auf benutzungspflichtigem Radweg"},"content":{"rendered":"<p>Ich merke hier ja des\u00f6fteren an, dass man sich bei der Beschilderung von Baustellen einen Dreck um den Radverkehr k\u00fcmmert. Wenn ich andere Blogs so lese, ist das aber nicht nur bei uns so. <a href=\"http:\/\/www.andreas-edler.de\/blog\/2016\/07\/schild-in-augenhoehe\/\">Zuletzt ragte ein Schild vor der Bahnunterf\u00fchrung an der Steinstra\u00dfe gef\u00e4hrlich in den Weg.<\/a> Nun wird eine andere Br\u00fccke saniert und die Umleitungsstrecke wird \u00fcber die Steinstra\u00dfe geleitet. Und wo stellen die fachkundigen und versierten Schilderaufbauer die Zeichen auf? <figure id=\"attachment_160237\" aria-describedby=\"caption-attachment-160237\" style=\"width: 470px\" class=\"wp-caption aligncenter\"><a href=\"http:\/\/www.andreas-edler.de\/blog\/wp-content\/uploads\/2016\/08\/20160816_unterfuehrung_steinstrasse.jpg\"><img loading=\"lazy\" decoding=\"async\" src=\"http:\/\/www.andreas-edler.de\/blog\/wp-content\/uploads\/2016\/08\/20160816_unterfuehrung_steinstrasse-470x264.jpg\" alt=\"Umleitungsschild mitten auf dem benutzungspflichtigen Radweg in der dunklen Unterf\u00fchrung.\" width=\"470\" height=\"264\" class=\"size-large wp-image-160237\" srcset=\"https:\/\/www.andreas-edler.de\/blog\/wp-content\/uploads\/2016\/08\/20160816_unterfuehrung_steinstrasse-470x264.jpg 470w, https:\/\/www.andreas-edler.de\/blog\/wp-content\/uploads\/2016\/08\/20160816_unterfuehrung_steinstrasse-250x140.jpg 250w, https:\/\/www.andreas-edler.de\/blog\/wp-content\/uploads\/2016\/08\/20160816_unterfuehrung_steinstrasse-768x431.jpg 768w, https:\/\/www.andreas-edler.de\/blog\/wp-content\/uploads\/2016\/08\/20160816_unterfuehrung_steinstrasse-100x56.jpg 100w, https:\/\/www.andreas-edler.de\/blog\/wp-content\/uploads\/2016\/08\/20160816_unterfuehrung_steinstrasse-150x84.jpg 150w, https:\/\/www.andreas-edler.de\/blog\/wp-content\/uploads\/2016\/08\/20160816_unterfuehrung_steinstrasse-200x112.jpg 200w, https:\/\/www.andreas-edler.de\/blog\/wp-content\/uploads\/2016\/08\/20160816_unterfuehrung_steinstrasse-300x169.jpg 300w, https:\/\/www.andreas-edler.de\/blog\/wp-content\/uploads\/2016\/08\/20160816_unterfuehrung_steinstrasse-450x253.jpg 450w, https:\/\/www.andreas-edler.de\/blog\/wp-content\/uploads\/2016\/08\/20160816_unterfuehrung_steinstrasse-600x337.jpg 600w, https:\/\/www.andreas-edler.de\/blog\/wp-content\/uploads\/2016\/08\/20160816_unterfuehrung_steinstrasse-900x506.jpg 900w, https:\/\/www.andreas-edler.de\/blog\/wp-content\/uploads\/2016\/08\/20160816_unterfuehrung_steinstrasse.jpg 1280w\" sizes=\"auto, (max-width: 470px) 100vw, 470px\" \/><\/a><figcaption id=\"caption-attachment-160237\" class=\"wp-caption-text\">Umleitungsschild mitten auf dem benutzungspflichtigen Radweg in der dunklen Unterf\u00fchrung.<\/figcaption><\/figure> <!--more--> Klar, hat irgendjemand mit etwas anderem gerechnet? Im Dunkeln, hinter einer Kurve, mitten auf dem Radweg. Wo auch sonst? Was fehlt da beim Aufstellen? Warum wird das nicht enstprechend geschult und angewiesen? Auf meinen letzten Text wurde mir noch geantwortet, man k\u00fcmmere sich sehr wohl um den Radverkehr. <figure id=\"attachment_160242\" aria-describedby=\"caption-attachment-160242\" style=\"width: 470px\" class=\"wp-caption aligncenter\"><a href=\"http:\/\/www.andreas-edler.de\/blog\/wp-content\/uploads\/2016\/08\/20160816_unterfuehrung_steinstrasse_draussen.jpg\"><img loading=\"lazy\" decoding=\"async\" src=\"http:\/\/www.andreas-edler.de\/blog\/wp-content\/uploads\/2016\/08\/20160816_unterfuehrung_steinstrasse_draussen-470x285.jpg\" alt=\"Blick von au\u00dfen in den Tunnel.ac\" width=\"470\" height=\"285\" class=\"size-large wp-image-160242\" srcset=\"https:\/\/www.andreas-edler.de\/blog\/wp-content\/uploads\/2016\/08\/20160816_unterfuehrung_steinstrasse_draussen-470x285.jpg 470w, https:\/\/www.andreas-edler.de\/blog\/wp-content\/uploads\/2016\/08\/20160816_unterfuehrung_steinstrasse_draussen-250x152.jpg 250w, https:\/\/www.andreas-edler.de\/blog\/wp-content\/uploads\/2016\/08\/20160816_unterfuehrung_steinstrasse_draussen-768x466.jpg 768w, https:\/\/www.andreas-edler.de\/blog\/wp-content\/uploads\/2016\/08\/20160816_unterfuehrung_steinstrasse_draussen-100x61.jpg 100w, https:\/\/www.andreas-edler.de\/blog\/wp-content\/uploads\/2016\/08\/20160816_unterfuehrung_steinstrasse_draussen-150x91.jpg 150w, https:\/\/www.andreas-edler.de\/blog\/wp-content\/uploads\/2016\/08\/20160816_unterfuehrung_steinstrasse_draussen-200x121.jpg 200w, https:\/\/www.andreas-edler.de\/blog\/wp-content\/uploads\/2016\/08\/20160816_unterfuehrung_steinstrasse_draussen-300x182.jpg 300w, https:\/\/www.andreas-edler.de\/blog\/wp-content\/uploads\/2016\/08\/20160816_unterfuehrung_steinstrasse_draussen-450x273.jpg 450w, https:\/\/www.andreas-edler.de\/blog\/wp-content\/uploads\/2016\/08\/20160816_unterfuehrung_steinstrasse_draussen-600x364.jpg 600w, https:\/\/www.andreas-edler.de\/blog\/wp-content\/uploads\/2016\/08\/20160816_unterfuehrung_steinstrasse_draussen-900x546.jpg 900w, https:\/\/www.andreas-edler.de\/blog\/wp-content\/uploads\/2016\/08\/20160816_unterfuehrung_steinstrasse_draussen.jpg 1280w\" sizes=\"auto, (max-width: 470px) 100vw, 470px\" \/><\/a><figcaption id=\"caption-attachment-160242\" class=\"wp-caption-text\">Blick von au\u00dfen in den Tunnel.ac<\/figcaption><\/figure> Auf dem Nachhauseweg stand das Schild \u00fcbrigens immer noch gef\u00e4hrlich mitten im Weg. Genau wegen solcher Dinge glaube ich eben nicht an einen \u00c4nderungswillen. Das wird ja nicht nur von mir nicht erst seit gestern angeprangert und benannt. Solche &#8222;Kleinigkeiten&#8220; machen Fahrradfreundlichkeit aus. Leuchtturmaktionen wie &#8222;Stadtradeln&#8220;, &#8222;Fahrradsommer&#8220; oder &#8222;Mit dem Rad zur Arbeit&#8220; bringen meiner Meinung nach leider so gut wie nichts. Das Denken muss durchg\u00e4ngig sein und f\u00e4ngt genau bei solch allt\u00e4glichen Dingen an. Alles andere sind Einzelaktionen, geplant und umgesetzt von wenigen, ohne Nachhall bei denen, die im t\u00e4glichen Leben mit Verkehrsinfrastruktur befasst sind.<\/p>\n<p>Sehr \u00e4rgerlich!<\/p>\n","protected":false},"excerpt":{"rendered":"<p>Ich merke hier ja des\u00f6fteren an, dass man sich bei der Beschilderung von Baustellen einen Dreck um den Radverkehr k\u00fcmmert. Wenn ich andere Blogs so lese, ist das aber nicht nur bei uns so. Zuletzt ragte ein Schild vor der &hellip;<\/p>\n<p class=\"read-more\"> <a class=\"more-link\" href=\"https:\/\/www.andreas-edler.de\/blog\/2016\/08\/umleitungsschild-mitten-auf-benutzungspflichtigem-radweg\/\"> <span class=\"screen-reader-text\">Umleitungsschild mitten auf benutzungspflichtigem Radweg<\/span> Weiterlesen &raquo;<\/a><\/p>\n","protected":false},"author":1,"featured_media":0,"comment_status":"open","ping_status":"open","sticky":false,"template":"","format":"standard","meta":{"ngg_post_thumbnail":0,"activitypub_content_warning":"","activitypub_content_visibility":"","activitypub_max_image_attachments":2,"activitypub_interaction_policy_quote":"anyone","activitypub_status":"","footnotes":""},"categories":[14,15,18,45,13],"tags":[110,251,79,72],"class_list":["post-160236","post","type-post","status-publish","format-standard","hentry","category-bad-oeynhausen","category-fahrrad","category-fraglich","category-politik","category-verkehr","tag-fahrradfreundliche-stadt","tag-infrastruktur","tag-stadtwerke","tag-verwaltung"],"share_on_mastodon":{"url":"","error":""},"_links":{"self":[{"href":"https:\/\/www.andreas-edler.de\/blog\/wp-json\/wp\/v2\/posts\/160236","targetHints":{"allow":["GET"]}}],"collection":[{"href":"https:\/\/www.andreas-edler.de\/blog\/wp-json\/wp\/v2\/posts"}],"about":[{"href":"https:\/\/www.andreas-edler.de\/blog\/wp-json\/wp\/v2\/types\/post"}],"author":[{"embeddable":true,"href":"https:\/\/www.andreas-edler.de\/blog\/wp-json\/wp\/v2\/users\/1"}],"replies":[{"embeddable":true,"href":"https:\/\/www.andreas-edler.de\/blog\/wp-json\/wp\/v2\/comments?post=160236"}],"version-history":[{"count":0,"href":"https:\/\/www.andreas-edler.de\/blog\/wp-json\/wp\/v2\/posts\/160236\/revisions"}],"wp:attachment":[{"href":"https:\/\/www.andreas-edler.de\/blog\/wp-json\/wp\/v2\/media?parent=160236"}],"wp:term":[{"taxonomy":"category","embeddable":true,"href":"https:\/\/www.andreas-edler.de\/blog\/wp-json\/wp\/v2\/categories?post=160236"},{"taxonomy":"post_tag","embeddable":true,"href":"https:\/\/www.andreas-edler.de\/blog\/wp-json\/wp\/v2\/tags?post=160236"}],"curies":[{"name":"wp","href":"https:\/\/api.w.org\/{rel}","templated":true}]}}