{"id":160227,"date":"2016-08-14T12:30:23","date_gmt":"2016-08-14T10:30:23","guid":{"rendered":"http:\/\/www.andreas-edler.de\/blog\/?p=160227"},"modified":"2016-08-14T12:30:23","modified_gmt":"2016-08-14T10:30:23","slug":"flutmulde-wuchert-zu","status":"publish","type":"post","link":"https:\/\/www.andreas-edler.de\/blog\/2016\/08\/flutmulde-wuchert-zu\/","title":{"rendered":"Flutmulde wuchert zu"},"content":{"rendered":"<p>Neulich habe ich hier mal <a href=\"http:\/\/www.andreas-edler.de\/blog\/2016\/07\/gruenpflege-an-radwegen\/\">Fotos vom Geh- und Radweg in der Flutmulde<\/a> gepostet. Passiert ist seitdem nichts, obwohl ich den Beitrag sogar zur Info an die Verwaltung weitergeleitet habe. Nun fahren wir da \u00f6fter mal lang und gestern habe ich wieder Bilder gemacht. <figure id=\"attachment_160229\" aria-describedby=\"caption-attachment-160229\" style=\"width: 470px\" class=\"wp-caption aligncenter\"><a href=\"http:\/\/www.andreas-edler.de\/blog\/wp-content\/uploads\/2016\/08\/20160813_flutmulde_01.jpg\"><img loading=\"lazy\" decoding=\"async\" src=\"http:\/\/www.andreas-edler.de\/blog\/wp-content\/uploads\/2016\/08\/20160813_flutmulde_01-470x241.jpg\" alt=\"Das abgem\u00e4hte Gras ist inzwischen vom Winde verweht oder eben platt gefahren.\" width=\"470\" height=\"241\" class=\"size-large wp-image-160229\" srcset=\"https:\/\/www.andreas-edler.de\/blog\/wp-content\/uploads\/2016\/08\/20160813_flutmulde_01-470x241.jpg 470w, https:\/\/www.andreas-edler.de\/blog\/wp-content\/uploads\/2016\/08\/20160813_flutmulde_01-250x128.jpg 250w, https:\/\/www.andreas-edler.de\/blog\/wp-content\/uploads\/2016\/08\/20160813_flutmulde_01-768x394.jpg 768w, https:\/\/www.andreas-edler.de\/blog\/wp-content\/uploads\/2016\/08\/20160813_flutmulde_01-100x51.jpg 100w, https:\/\/www.andreas-edler.de\/blog\/wp-content\/uploads\/2016\/08\/20160813_flutmulde_01-150x77.jpg 150w, https:\/\/www.andreas-edler.de\/blog\/wp-content\/uploads\/2016\/08\/20160813_flutmulde_01-200x103.jpg 200w, https:\/\/www.andreas-edler.de\/blog\/wp-content\/uploads\/2016\/08\/20160813_flutmulde_01-300x154.jpg 300w, https:\/\/www.andreas-edler.de\/blog\/wp-content\/uploads\/2016\/08\/20160813_flutmulde_01-450x231.jpg 450w, https:\/\/www.andreas-edler.de\/blog\/wp-content\/uploads\/2016\/08\/20160813_flutmulde_01-600x308.jpg 600w, https:\/\/www.andreas-edler.de\/blog\/wp-content\/uploads\/2016\/08\/20160813_flutmulde_01-900x461.jpg 900w, https:\/\/www.andreas-edler.de\/blog\/wp-content\/uploads\/2016\/08\/20160813_flutmulde_01.jpg 1280w\" sizes=\"auto, (max-width: 470px) 100vw, 470px\" \/><\/a><figcaption id=\"caption-attachment-160229\" class=\"wp-caption-text\">Das abgem\u00e4hte Gras ist inzwischen vom Winde verweht oder eben platt gefahren.<\/figcaption><\/figure> <!--more--> <figure id=\"attachment_160234\" aria-describedby=\"caption-attachment-160234\" style=\"width: 470px\" class=\"wp-caption aligncenter\"><a href=\"http:\/\/www.andreas-edler.de\/blog\/wp-content\/uploads\/2016\/08\/20160813_flutmulde_02.jpg\"><img loading=\"lazy\" decoding=\"async\" src=\"http:\/\/www.andreas-edler.de\/blog\/wp-content\/uploads\/2016\/08\/20160813_flutmulde_02-470x237.jpg\" alt=\"Die Reifen meines Fahrrades stehen genau auf der Begrenzungskante der Pflastersteine.\" width=\"470\" height=\"237\" class=\"size-large wp-image-160234\" srcset=\"https:\/\/www.andreas-edler.de\/blog\/wp-content\/uploads\/2016\/08\/20160813_flutmulde_02-470x237.jpg 470w, https:\/\/www.andreas-edler.de\/blog\/wp-content\/uploads\/2016\/08\/20160813_flutmulde_02-250x126.jpg 250w, https:\/\/www.andreas-edler.de\/blog\/wp-content\/uploads\/2016\/08\/20160813_flutmulde_02-768x387.jpg 768w, https:\/\/www.andreas-edler.de\/blog\/wp-content\/uploads\/2016\/08\/20160813_flutmulde_02-100x50.jpg 100w, https:\/\/www.andreas-edler.de\/blog\/wp-content\/uploads\/2016\/08\/20160813_flutmulde_02-150x76.jpg 150w, https:\/\/www.andreas-edler.de\/blog\/wp-content\/uploads\/2016\/08\/20160813_flutmulde_02-200x101.jpg 200w, https:\/\/www.andreas-edler.de\/blog\/wp-content\/uploads\/2016\/08\/20160813_flutmulde_02-300x151.jpg 300w, https:\/\/www.andreas-edler.de\/blog\/wp-content\/uploads\/2016\/08\/20160813_flutmulde_02-450x227.jpg 450w, https:\/\/www.andreas-edler.de\/blog\/wp-content\/uploads\/2016\/08\/20160813_flutmulde_02-600x302.jpg 600w, https:\/\/www.andreas-edler.de\/blog\/wp-content\/uploads\/2016\/08\/20160813_flutmulde_02-900x454.jpg 900w, https:\/\/www.andreas-edler.de\/blog\/wp-content\/uploads\/2016\/08\/20160813_flutmulde_02.jpg 1280w\" sizes=\"auto, (max-width: 470px) 100vw, 470px\" \/><\/a><figcaption id=\"caption-attachment-160234\" class=\"wp-caption-text\">Die Reifen meines Fahrrades stehen genau auf der Begrenzungskante der Pflastersteine.<\/figcaption><\/figure> <figure id=\"attachment_160233\" aria-describedby=\"caption-attachment-160233\" style=\"width: 470px\" class=\"wp-caption aligncenter\"><a href=\"http:\/\/www.andreas-edler.de\/blog\/wp-content\/uploads\/2016\/08\/20160813_flutmulde_03.jpg\"><img loading=\"lazy\" decoding=\"async\" src=\"http:\/\/www.andreas-edler.de\/blog\/wp-content\/uploads\/2016\/08\/20160813_flutmulde_03-470x229.jpg\" alt=\"Auch hier habe ich die Reifen meines Rades exakt auf die Kante des Weges gestellt.\" width=\"470\" height=\"229\" class=\"size-large wp-image-160233\" srcset=\"https:\/\/www.andreas-edler.de\/blog\/wp-content\/uploads\/2016\/08\/20160813_flutmulde_03-470x229.jpg 470w, https:\/\/www.andreas-edler.de\/blog\/wp-content\/uploads\/2016\/08\/20160813_flutmulde_03-250x122.jpg 250w, https:\/\/www.andreas-edler.de\/blog\/wp-content\/uploads\/2016\/08\/20160813_flutmulde_03-768x374.jpg 768w, https:\/\/www.andreas-edler.de\/blog\/wp-content\/uploads\/2016\/08\/20160813_flutmulde_03-100x49.jpg 100w, https:\/\/www.andreas-edler.de\/blog\/wp-content\/uploads\/2016\/08\/20160813_flutmulde_03-150x73.jpg 150w, https:\/\/www.andreas-edler.de\/blog\/wp-content\/uploads\/2016\/08\/20160813_flutmulde_03-200x97.jpg 200w, https:\/\/www.andreas-edler.de\/blog\/wp-content\/uploads\/2016\/08\/20160813_flutmulde_03-300x146.jpg 300w, https:\/\/www.andreas-edler.de\/blog\/wp-content\/uploads\/2016\/08\/20160813_flutmulde_03-450x219.jpg 450w, https:\/\/www.andreas-edler.de\/blog\/wp-content\/uploads\/2016\/08\/20160813_flutmulde_03-600x292.jpg 600w, https:\/\/www.andreas-edler.de\/blog\/wp-content\/uploads\/2016\/08\/20160813_flutmulde_03-900x438.jpg 900w, https:\/\/www.andreas-edler.de\/blog\/wp-content\/uploads\/2016\/08\/20160813_flutmulde_03.jpg 1280w\" sizes=\"auto, (max-width: 470px) 100vw, 470px\" \/><\/a><figcaption id=\"caption-attachment-160233\" class=\"wp-caption-text\">Auch hier habe ich die Reifen meines Rades exakt auf die Kante des Weges gestellt.<\/figcaption><\/figure> <figure id=\"attachment_160232\" aria-describedby=\"caption-attachment-160232\" style=\"width: 470px\" class=\"wp-caption aligncenter\"><a href=\"http:\/\/www.andreas-edler.de\/blog\/wp-content\/uploads\/2016\/08\/20160813_flutmulde_04.jpg\"><img loading=\"lazy\" decoding=\"async\" src=\"http:\/\/www.andreas-edler.de\/blog\/wp-content\/uploads\/2016\/08\/20160813_flutmulde_04-470x240.jpg\" alt=\"Moment, welches Fahrrad?\" width=\"470\" height=\"240\" class=\"size-large wp-image-160232\" srcset=\"https:\/\/www.andreas-edler.de\/blog\/wp-content\/uploads\/2016\/08\/20160813_flutmulde_04-470x240.jpg 470w, https:\/\/www.andreas-edler.de\/blog\/wp-content\/uploads\/2016\/08\/20160813_flutmulde_04-250x128.jpg 250w, https:\/\/www.andreas-edler.de\/blog\/wp-content\/uploads\/2016\/08\/20160813_flutmulde_04-768x392.jpg 768w, https:\/\/www.andreas-edler.de\/blog\/wp-content\/uploads\/2016\/08\/20160813_flutmulde_04-100x51.jpg 100w, https:\/\/www.andreas-edler.de\/blog\/wp-content\/uploads\/2016\/08\/20160813_flutmulde_04-150x77.jpg 150w, https:\/\/www.andreas-edler.de\/blog\/wp-content\/uploads\/2016\/08\/20160813_flutmulde_04-200x102.jpg 200w, https:\/\/www.andreas-edler.de\/blog\/wp-content\/uploads\/2016\/08\/20160813_flutmulde_04-300x153.jpg 300w, https:\/\/www.andreas-edler.de\/blog\/wp-content\/uploads\/2016\/08\/20160813_flutmulde_04-450x230.jpg 450w, https:\/\/www.andreas-edler.de\/blog\/wp-content\/uploads\/2016\/08\/20160813_flutmulde_04-600x306.jpg 600w, https:\/\/www.andreas-edler.de\/blog\/wp-content\/uploads\/2016\/08\/20160813_flutmulde_04-900x459.jpg 900w, https:\/\/www.andreas-edler.de\/blog\/wp-content\/uploads\/2016\/08\/20160813_flutmulde_04.jpg 1280w\" sizes=\"auto, (max-width: 470px) 100vw, 470px\" \/><\/a><figcaption id=\"caption-attachment-160232\" class=\"wp-caption-text\">Moment, welches Fahrrad?<\/figcaption><\/figure> <figure id=\"attachment_160231\" aria-describedby=\"caption-attachment-160231\" style=\"width: 470px\" class=\"wp-caption aligncenter\"><a href=\"http:\/\/www.andreas-edler.de\/blog\/wp-content\/uploads\/2016\/08\/20160813_flutmulde_05.jpg\"><img loading=\"lazy\" decoding=\"async\" src=\"http:\/\/www.andreas-edler.de\/blog\/wp-content\/uploads\/2016\/08\/20160813_flutmulde_05-470x261.jpg\" alt=\"na das hier, im Busch. Der Weg k\u00f6nnte so viel breiter sein, wenn man ihn pflegen w\u00fcrde. Im \u00fcbrigen genau an der asbch\u00fcssigen Stelle vor der nicht einsehbaren Kurve.\" width=\"470\" height=\"261\" class=\"size-large wp-image-160231\" srcset=\"https:\/\/www.andreas-edler.de\/blog\/wp-content\/uploads\/2016\/08\/20160813_flutmulde_05-470x261.jpg 470w, https:\/\/www.andreas-edler.de\/blog\/wp-content\/uploads\/2016\/08\/20160813_flutmulde_05-250x139.jpg 250w, https:\/\/www.andreas-edler.de\/blog\/wp-content\/uploads\/2016\/08\/20160813_flutmulde_05-768x427.jpg 768w, https:\/\/www.andreas-edler.de\/blog\/wp-content\/uploads\/2016\/08\/20160813_flutmulde_05-100x56.jpg 100w, https:\/\/www.andreas-edler.de\/blog\/wp-content\/uploads\/2016\/08\/20160813_flutmulde_05-150x83.jpg 150w, https:\/\/www.andreas-edler.de\/blog\/wp-content\/uploads\/2016\/08\/20160813_flutmulde_05-200x111.jpg 200w, https:\/\/www.andreas-edler.de\/blog\/wp-content\/uploads\/2016\/08\/20160813_flutmulde_05-300x167.jpg 300w, https:\/\/www.andreas-edler.de\/blog\/wp-content\/uploads\/2016\/08\/20160813_flutmulde_05-450x250.jpg 450w, https:\/\/www.andreas-edler.de\/blog\/wp-content\/uploads\/2016\/08\/20160813_flutmulde_05-600x333.jpg 600w, https:\/\/www.andreas-edler.de\/blog\/wp-content\/uploads\/2016\/08\/20160813_flutmulde_05-900x500.jpg 900w, https:\/\/www.andreas-edler.de\/blog\/wp-content\/uploads\/2016\/08\/20160813_flutmulde_05.jpg 1280w\" sizes=\"auto, (max-width: 470px) 100vw, 470px\" \/><\/a><figcaption id=\"caption-attachment-160231\" class=\"wp-caption-text\">na das hier, im Busch. Der Weg k\u00f6nnte so viel breiter sein, wenn man ihn pflegen w\u00fcrde. Im \u00fcbrigen genau an der asbch\u00fcssigen Stelle vor der nicht einsehbaren Kurve.<\/figcaption><\/figure> <figure id=\"attachment_160230\" aria-describedby=\"caption-attachment-160230\" style=\"width: 470px\" class=\"wp-caption aligncenter\"><a href=\"http:\/\/www.andreas-edler.de\/blog\/wp-content\/uploads\/2016\/08\/20160813_flutmulde_06.jpg\"><img loading=\"lazy\" decoding=\"async\" src=\"http:\/\/www.andreas-edler.de\/blog\/wp-content\/uploads\/2016\/08\/20160813_flutmulde_06-470x275.jpg\" alt=\"Direkt gegen\u00fcber ist auch noch Luft f\u00fcr Weg. Auch dort stehen meine Reifen direkt auf der Begrenzungskante.\" width=\"470\" height=\"275\" class=\"size-large wp-image-160230\" srcset=\"https:\/\/www.andreas-edler.de\/blog\/wp-content\/uploads\/2016\/08\/20160813_flutmulde_06-470x275.jpg 470w, https:\/\/www.andreas-edler.de\/blog\/wp-content\/uploads\/2016\/08\/20160813_flutmulde_06-250x146.jpg 250w, https:\/\/www.andreas-edler.de\/blog\/wp-content\/uploads\/2016\/08\/20160813_flutmulde_06-768x450.jpg 768w, https:\/\/www.andreas-edler.de\/blog\/wp-content\/uploads\/2016\/08\/20160813_flutmulde_06-100x59.jpg 100w, https:\/\/www.andreas-edler.de\/blog\/wp-content\/uploads\/2016\/08\/20160813_flutmulde_06-150x88.jpg 150w, https:\/\/www.andreas-edler.de\/blog\/wp-content\/uploads\/2016\/08\/20160813_flutmulde_06-200x117.jpg 200w, https:\/\/www.andreas-edler.de\/blog\/wp-content\/uploads\/2016\/08\/20160813_flutmulde_06-300x176.jpg 300w, https:\/\/www.andreas-edler.de\/blog\/wp-content\/uploads\/2016\/08\/20160813_flutmulde_06-450x264.jpg 450w, https:\/\/www.andreas-edler.de\/blog\/wp-content\/uploads\/2016\/08\/20160813_flutmulde_06-600x352.jpg 600w, https:\/\/www.andreas-edler.de\/blog\/wp-content\/uploads\/2016\/08\/20160813_flutmulde_06-900x527.jpg 900w, https:\/\/www.andreas-edler.de\/blog\/wp-content\/uploads\/2016\/08\/20160813_flutmulde_06.jpg 1280w\" sizes=\"auto, (max-width: 470px) 100vw, 470px\" \/><\/a><figcaption id=\"caption-attachment-160230\" class=\"wp-caption-text\">Direkt gegen\u00fcber ist auch noch Luft f\u00fcr Weg. Auch dort stehen meine Reifen direkt auf der Begrenzungskante.<\/figcaption><\/figure> Ich kann mir sowas nur mit v\u00f6lligem Desinteresse erkl\u00e4ren. Das ist nicht nur l\u00e4stig, an der Stelle ist es auch gef\u00e4hrlich. Genau hier fahren Familien unter anderem mit Fahrradanh\u00e4ngern und gestern begegneten mir dort wieder die \u00fcberfl\u00fcssigen, gef\u00fchrten Horden der Segway-Fahrer. Ist eine enge Kiste, da man von unten den H\u00fcgel nicht einsehen kann und von oben nicht nach rechts um die Ecke gucken kann. Viel Spa\u00df beim Aufr\u00e4umen &#8230;<\/p>\n","protected":false},"excerpt":{"rendered":"<p>Neulich habe ich hier mal Fotos vom Geh- und Radweg in der Flutmulde gepostet. Passiert ist seitdem nichts, obwohl ich den Beitrag sogar zur Info an die Verwaltung weitergeleitet habe. Nun fahren wir da \u00f6fter mal lang und gestern habe &hellip;<\/p>\n<p class=\"read-more\"> <a class=\"more-link\" href=\"https:\/\/www.andreas-edler.de\/blog\/2016\/08\/flutmulde-wuchert-zu\/\"> <span class=\"screen-reader-text\">Flutmulde wuchert zu<\/span> Weiterlesen &raquo;<\/a><\/p>\n","protected":false},"author":1,"featured_media":0,"comment_status":"open","ping_status":"open","sticky":false,"template":"","format":"standard","meta":{"ngg_post_thumbnail":0,"activitypub_content_warning":"","activitypub_content_visibility":"","activitypub_max_image_attachments":2,"activitypub_interaction_policy_quote":"anyone","activitypub_status":"","footnotes":""},"categories":[14,15,18,13],"tags":[110,251,79,72],"class_list":["post-160227","post","type-post","status-publish","format-standard","hentry","category-bad-oeynhausen","category-fahrrad","category-fraglich","category-verkehr","tag-fahrradfreundliche-stadt","tag-infrastruktur","tag-stadtwerke","tag-verwaltung"],"share_on_mastodon":{"url":"","error":""},"_links":{"self":[{"href":"https:\/\/www.andreas-edler.de\/blog\/wp-json\/wp\/v2\/posts\/160227","targetHints":{"allow":["GET"]}}],"collection":[{"href":"https:\/\/www.andreas-edler.de\/blog\/wp-json\/wp\/v2\/posts"}],"about":[{"href":"https:\/\/www.andreas-edler.de\/blog\/wp-json\/wp\/v2\/types\/post"}],"author":[{"embeddable":true,"href":"https:\/\/www.andreas-edler.de\/blog\/wp-json\/wp\/v2\/users\/1"}],"replies":[{"embeddable":true,"href":"https:\/\/www.andreas-edler.de\/blog\/wp-json\/wp\/v2\/comments?post=160227"}],"version-history":[{"count":0,"href":"https:\/\/www.andreas-edler.de\/blog\/wp-json\/wp\/v2\/posts\/160227\/revisions"}],"wp:attachment":[{"href":"https:\/\/www.andreas-edler.de\/blog\/wp-json\/wp\/v2\/media?parent=160227"}],"wp:term":[{"taxonomy":"category","embeddable":true,"href":"https:\/\/www.andreas-edler.de\/blog\/wp-json\/wp\/v2\/categories?post=160227"},{"taxonomy":"post_tag","embeddable":true,"href":"https:\/\/www.andreas-edler.de\/blog\/wp-json\/wp\/v2\/tags?post=160227"}],"curies":[{"name":"wp","href":"https:\/\/api.w.org\/{rel}","templated":true}]}}