{"id":160135,"date":"2016-07-09T22:11:44","date_gmt":"2016-07-09T20:11:44","guid":{"rendered":"http:\/\/www.andreas-edler.de\/blog\/?p=160135"},"modified":"2016-07-09T22:11:44","modified_gmt":"2016-07-09T20:11:44","slug":"urlaubsvorbereitungen","status":"publish","type":"post","link":"https:\/\/www.andreas-edler.de\/blog\/2016\/07\/urlaubsvorbereitungen\/","title":{"rendered":"Urlaubsvorbereitungen"},"content":{"rendered":"<p>Bald geht es los und vorher sollte man zusehen, dass auch alles beisammen ist. Wir haben in den letzten Jahren &#8211; sofern wir mit dem Caravan unterwegs waren &#8211; immer nur das leichte Vorzelt ohne Seitenw\u00e4nde mitgenommen. Da es dieses Jahr nach Norden geht, ist ein etwas dichteres Vorzelt sicher keine schlechte Idee. Nur wusste ich gar nicht mehr, wo wir es gelassen hatten. Habe bei meiner Mama gesucht und dort alle wuschig gemacht. Letzten Endes lag&#8217;s aber ganz naheliegend unter dem Doppelbett im Wohnwagen selbst. <figure id=\"attachment_160136\" aria-describedby=\"caption-attachment-160136\" style=\"width: 470px\" class=\"wp-caption aligncenter\"><a href=\"http:\/\/www.andreas-edler.de\/blog\/wp-content\/uploads\/2016\/07\/20160709_eriba_nova.jpg\"><img loading=\"lazy\" decoding=\"async\" src=\"http:\/\/www.andreas-edler.de\/blog\/wp-content\/uploads\/2016\/07\/20160709_eriba_nova-470x254.jpg\" alt=\"Vorzelt vor Eriba Nova\" width=\"470\" height=\"254\" class=\"size-large wp-image-160136\" srcset=\"https:\/\/www.andreas-edler.de\/blog\/wp-content\/uploads\/2016\/07\/20160709_eriba_nova-470x254.jpg 470w, https:\/\/www.andreas-edler.de\/blog\/wp-content\/uploads\/2016\/07\/20160709_eriba_nova-250x135.jpg 250w, https:\/\/www.andreas-edler.de\/blog\/wp-content\/uploads\/2016\/07\/20160709_eriba_nova-768x415.jpg 768w, https:\/\/www.andreas-edler.de\/blog\/wp-content\/uploads\/2016\/07\/20160709_eriba_nova-100x54.jpg 100w, https:\/\/www.andreas-edler.de\/blog\/wp-content\/uploads\/2016\/07\/20160709_eriba_nova-150x81.jpg 150w, https:\/\/www.andreas-edler.de\/blog\/wp-content\/uploads\/2016\/07\/20160709_eriba_nova-200x108.jpg 200w, https:\/\/www.andreas-edler.de\/blog\/wp-content\/uploads\/2016\/07\/20160709_eriba_nova-300x162.jpg 300w, https:\/\/www.andreas-edler.de\/blog\/wp-content\/uploads\/2016\/07\/20160709_eriba_nova-450x243.jpg 450w, https:\/\/www.andreas-edler.de\/blog\/wp-content\/uploads\/2016\/07\/20160709_eriba_nova-600x324.jpg 600w, https:\/\/www.andreas-edler.de\/blog\/wp-content\/uploads\/2016\/07\/20160709_eriba_nova-900x486.jpg 900w, https:\/\/www.andreas-edler.de\/blog\/wp-content\/uploads\/2016\/07\/20160709_eriba_nova.jpg 1280w\" sizes=\"auto, (max-width: 470px) 100vw, 470px\" \/><\/a><figcaption id=\"caption-attachment-160136\" class=\"wp-caption-text\">Vorzelt vor Eriba Nova<\/figcaption><\/figure><!--more--> Das gest\u00e4nge haben wir ganz entspannt aufgestellt bekommen, ohne dass die \u00d6sen aus dem Wagen gerissen sind. Auch das Zelt flutschte wie &#8217;ne Eins in die Kederleiste. Prima. Wir k\u00f6nnen also irgendwann mal los :-) F\u00fcr die kleine Veranda, die mein Papa damals noch selbst gekl\u00f6ppelt hat, fehlt irgendwie eine Stange. Die habe ich heute noch nachgeordert, inkl. ein paar Heringen f\u00fcr Sand und festen Boden. Ich habe im Moment sogar ein bisschen Lust :-)<\/p>\n","protected":false},"excerpt":{"rendered":"<p>Bald geht es los und vorher sollte man zusehen, dass auch alles beisammen ist. Wir haben in den letzten Jahren &#8211; sofern wir mit dem Caravan unterwegs waren &#8211; immer nur das leichte Vorzelt ohne Seitenw\u00e4nde mitgenommen. Da es dieses &hellip;<\/p>\n<p class=\"read-more\"> <a class=\"more-link\" href=\"https:\/\/www.andreas-edler.de\/blog\/2016\/07\/urlaubsvorbereitungen\/\"> <span class=\"screen-reader-text\">Urlaubsvorbereitungen<\/span> Weiterlesen &raquo;<\/a><\/p>\n","protected":false},"author":1,"featured_media":0,"comment_status":"open","ping_status":"open","sticky":false,"template":"","format":"standard","meta":{"ngg_post_thumbnail":0,"activitypub_content_warning":"","activitypub_content_visibility":"","activitypub_max_image_attachments":2,"activitypub_interaction_policy_quote":"anyone","activitypub_status":"","footnotes":""},"categories":[22,1],"tags":[28,102,253],"class_list":["post-160135","post","type-post","status-publish","format-standard","hentry","category-basteln","category-allgemein","tag-test","tag-urlaub","tag-wohnwagen"],"share_on_mastodon":{"url":"","error":""},"_links":{"self":[{"href":"https:\/\/www.andreas-edler.de\/blog\/wp-json\/wp\/v2\/posts\/160135","targetHints":{"allow":["GET"]}}],"collection":[{"href":"https:\/\/www.andreas-edler.de\/blog\/wp-json\/wp\/v2\/posts"}],"about":[{"href":"https:\/\/www.andreas-edler.de\/blog\/wp-json\/wp\/v2\/types\/post"}],"author":[{"embeddable":true,"href":"https:\/\/www.andreas-edler.de\/blog\/wp-json\/wp\/v2\/users\/1"}],"replies":[{"embeddable":true,"href":"https:\/\/www.andreas-edler.de\/blog\/wp-json\/wp\/v2\/comments?post=160135"}],"version-history":[{"count":0,"href":"https:\/\/www.andreas-edler.de\/blog\/wp-json\/wp\/v2\/posts\/160135\/revisions"}],"wp:attachment":[{"href":"https:\/\/www.andreas-edler.de\/blog\/wp-json\/wp\/v2\/media?parent=160135"}],"wp:term":[{"taxonomy":"category","embeddable":true,"href":"https:\/\/www.andreas-edler.de\/blog\/wp-json\/wp\/v2\/categories?post=160135"},{"taxonomy":"post_tag","embeddable":true,"href":"https:\/\/www.andreas-edler.de\/blog\/wp-json\/wp\/v2\/tags?post=160135"}],"curies":[{"name":"wp","href":"https:\/\/api.w.org\/{rel}","templated":true}]}}