{"id":160121,"date":"2016-07-06T20:35:22","date_gmt":"2016-07-06T18:35:22","guid":{"rendered":"http:\/\/www.andreas-edler.de\/blog\/?p=160121"},"modified":"2016-07-07T07:36:52","modified_gmt":"2016-07-07T05:36:52","slug":"einfahrt-verboten-aber-nur-wenns-keine-umstaende-macht","status":"publish","type":"post","link":"https:\/\/www.andreas-edler.de\/blog\/2016\/07\/einfahrt-verboten-aber-nur-wenns-keine-umstaende-macht\/","title":{"rendered":"Einfahrt verboten &#8211; aber nur wenn&#8217;s keine Umst\u00e4nde macht"},"content":{"rendered":"<p>Es gibt einige Schilder, die den Verkehrsflu\u00df regeln. Eigentlich gibt es sogar eine ganz erkleckliche Menge von Verkehrsschildern. Auf der K\u00f6nigstra\u00dfe wurde jetzt (nach Ank\u00fcndigung in der Presse) in Fahrtrichtung ZOB und direkt nach der Einm\u00fcndung der Heinrichstra\u00dfe ein Zeichen aufgestellt, welches den Verkehrsteilnehmern offensichtlich g\u00e4nzlich unbekannt ist. Es handelt sich um das <a href=\"http:\/\/www.sicherestrassen.de\/VKZKatalog\/index.htm?http:\/\/www.sicherestrassen.de\/VKZKatalog\/Kat267.htm\">Zeichen 267 &#8222;Einfahrt verboten&#8220;<\/a>. <figure id=\"attachment_160126\" aria-describedby=\"caption-attachment-160126\" style=\"width: 470px\" class=\"wp-caption aligncenter\"><a href=\"http:\/\/www.andreas-edler.de\/blog\/wp-content\/uploads\/2016\/07\/20160706_einfahrt_verboten_00.jpg\"><img loading=\"lazy\" decoding=\"async\" src=\"http:\/\/www.andreas-edler.de\/blog\/wp-content\/uploads\/2016\/07\/20160706_einfahrt_verboten_00-470x209.jpg\" alt=\"Gestern abend, als ich zum ADFC-Stammtisch unterwegs war.\" width=\"470\" height=\"209\" class=\"size-large wp-image-160126\" srcset=\"https:\/\/www.andreas-edler.de\/blog\/wp-content\/uploads\/2016\/07\/20160706_einfahrt_verboten_00-470x209.jpg 470w, https:\/\/www.andreas-edler.de\/blog\/wp-content\/uploads\/2016\/07\/20160706_einfahrt_verboten_00-250x111.jpg 250w, https:\/\/www.andreas-edler.de\/blog\/wp-content\/uploads\/2016\/07\/20160706_einfahrt_verboten_00-768x341.jpg 768w, https:\/\/www.andreas-edler.de\/blog\/wp-content\/uploads\/2016\/07\/20160706_einfahrt_verboten_00-100x44.jpg 100w, https:\/\/www.andreas-edler.de\/blog\/wp-content\/uploads\/2016\/07\/20160706_einfahrt_verboten_00-150x67.jpg 150w, https:\/\/www.andreas-edler.de\/blog\/wp-content\/uploads\/2016\/07\/20160706_einfahrt_verboten_00-200x89.jpg 200w, https:\/\/www.andreas-edler.de\/blog\/wp-content\/uploads\/2016\/07\/20160706_einfahrt_verboten_00-300x133.jpg 300w, https:\/\/www.andreas-edler.de\/blog\/wp-content\/uploads\/2016\/07\/20160706_einfahrt_verboten_00-450x200.jpg 450w, https:\/\/www.andreas-edler.de\/blog\/wp-content\/uploads\/2016\/07\/20160706_einfahrt_verboten_00-600x266.jpg 600w, https:\/\/www.andreas-edler.de\/blog\/wp-content\/uploads\/2016\/07\/20160706_einfahrt_verboten_00-900x399.jpg 900w, https:\/\/www.andreas-edler.de\/blog\/wp-content\/uploads\/2016\/07\/20160706_einfahrt_verboten_00.jpg 1280w\" sizes=\"auto, (max-width: 470px) 100vw, 470px\" \/><\/a><figcaption id=\"caption-attachment-160126\" class=\"wp-caption-text\">Gestern abend, als ich zum ADFC-stammtisch unterwegs war.<\/figcaption><\/figure><!--more--> Man muss nicht lange warten, bis dort ein Fahrzeug vorbei kommt. Gestern abend muss das Schild ganz frisch gewesen sein. Heute morgen sind die Leute allerdings durchgefahren, als w\u00e4re dort gar nichts. <figure id=\"attachment_160122\" aria-describedby=\"caption-attachment-160122\" style=\"width: 470px\" class=\"wp-caption aligncenter\"><a href=\"http:\/\/www.andreas-edler.de\/blog\/wp-content\/uploads\/2016\/07\/20160706_einfahrt_verboten_01.jpg\"><img loading=\"lazy\" decoding=\"async\" src=\"http:\/\/www.andreas-edler.de\/blog\/wp-content\/uploads\/2016\/07\/20160706_einfahrt_verboten_01-470x209.jpg\" alt=\"Was ist das blo\u00df f\u00fcr ein Zeichen?\" width=\"470\" height=\"209\" class=\"size-large wp-image-160122\" srcset=\"https:\/\/www.andreas-edler.de\/blog\/wp-content\/uploads\/2016\/07\/20160706_einfahrt_verboten_01-470x209.jpg 470w, https:\/\/www.andreas-edler.de\/blog\/wp-content\/uploads\/2016\/07\/20160706_einfahrt_verboten_01-250x111.jpg 250w, https:\/\/www.andreas-edler.de\/blog\/wp-content\/uploads\/2016\/07\/20160706_einfahrt_verboten_01-768x341.jpg 768w, https:\/\/www.andreas-edler.de\/blog\/wp-content\/uploads\/2016\/07\/20160706_einfahrt_verboten_01-100x44.jpg 100w, https:\/\/www.andreas-edler.de\/blog\/wp-content\/uploads\/2016\/07\/20160706_einfahrt_verboten_01-150x67.jpg 150w, https:\/\/www.andreas-edler.de\/blog\/wp-content\/uploads\/2016\/07\/20160706_einfahrt_verboten_01-200x89.jpg 200w, https:\/\/www.andreas-edler.de\/blog\/wp-content\/uploads\/2016\/07\/20160706_einfahrt_verboten_01-300x133.jpg 300w, https:\/\/www.andreas-edler.de\/blog\/wp-content\/uploads\/2016\/07\/20160706_einfahrt_verboten_01-450x200.jpg 450w, https:\/\/www.andreas-edler.de\/blog\/wp-content\/uploads\/2016\/07\/20160706_einfahrt_verboten_01-600x266.jpg 600w, https:\/\/www.andreas-edler.de\/blog\/wp-content\/uploads\/2016\/07\/20160706_einfahrt_verboten_01-900x399.jpg 900w, https:\/\/www.andreas-edler.de\/blog\/wp-content\/uploads\/2016\/07\/20160706_einfahrt_verboten_01.jpg 1280w\" sizes=\"auto, (max-width: 470px) 100vw, 470px\" \/><\/a><figcaption id=\"caption-attachment-160122\" class=\"wp-caption-text\">Was ist das blo\u00df f\u00fcr ein Zeichen?<\/figcaption><\/figure><figure id=\"attachment_160127\" aria-describedby=\"caption-attachment-160127\" style=\"width: 470px\" class=\"wp-caption aligncenter\"><a href=\"http:\/\/www.andreas-edler.de\/blog\/wp-content\/uploads\/2016\/07\/20160706_einfahrt_verboten_02.jpg\"><img loading=\"lazy\" decoding=\"async\" src=\"http:\/\/www.andreas-edler.de\/blog\/wp-content\/uploads\/2016\/07\/20160706_einfahrt_verboten_02-470x209.jpg\" alt=\"Leider hat die Kamera gesponnen, aber auch Schwerlastverkehr ignoriert das.\" width=\"470\" height=\"209\" class=\"size-large wp-image-160127\" srcset=\"https:\/\/www.andreas-edler.de\/blog\/wp-content\/uploads\/2016\/07\/20160706_einfahrt_verboten_02-470x209.jpg 470w, https:\/\/www.andreas-edler.de\/blog\/wp-content\/uploads\/2016\/07\/20160706_einfahrt_verboten_02-250x111.jpg 250w, https:\/\/www.andreas-edler.de\/blog\/wp-content\/uploads\/2016\/07\/20160706_einfahrt_verboten_02-768x341.jpg 768w, https:\/\/www.andreas-edler.de\/blog\/wp-content\/uploads\/2016\/07\/20160706_einfahrt_verboten_02-100x44.jpg 100w, https:\/\/www.andreas-edler.de\/blog\/wp-content\/uploads\/2016\/07\/20160706_einfahrt_verboten_02-150x67.jpg 150w, https:\/\/www.andreas-edler.de\/blog\/wp-content\/uploads\/2016\/07\/20160706_einfahrt_verboten_02-200x89.jpg 200w, https:\/\/www.andreas-edler.de\/blog\/wp-content\/uploads\/2016\/07\/20160706_einfahrt_verboten_02-300x133.jpg 300w, https:\/\/www.andreas-edler.de\/blog\/wp-content\/uploads\/2016\/07\/20160706_einfahrt_verboten_02-450x200.jpg 450w, https:\/\/www.andreas-edler.de\/blog\/wp-content\/uploads\/2016\/07\/20160706_einfahrt_verboten_02-600x266.jpg 600w, https:\/\/www.andreas-edler.de\/blog\/wp-content\/uploads\/2016\/07\/20160706_einfahrt_verboten_02-900x400.jpg 900w\" sizes=\"auto, (max-width: 470px) 100vw, 470px\" \/><\/a><figcaption id=\"caption-attachment-160127\" class=\"wp-caption-text\">Leider hat die Kamera gesponnen, aber auch Schwerlastverkehr ignoriert das.<\/figcaption><\/figure><figure id=\"attachment_160125\" aria-describedby=\"caption-attachment-160125\" style=\"width: 470px\" class=\"wp-caption aligncenter\"><a href=\"http:\/\/www.andreas-edler.de\/blog\/wp-content\/uploads\/2016\/07\/20160706_einfahrt_verboten_03.jpg\"><img loading=\"lazy\" decoding=\"async\" src=\"http:\/\/www.andreas-edler.de\/blog\/wp-content\/uploads\/2016\/07\/20160706_einfahrt_verboten_03-470x209.jpg\" alt=\"Und damit es nicht wieder hei\u00dft, ich meckere nur \u00fcber Autofahrer ...\" width=\"470\" height=\"209\" class=\"size-large wp-image-160125\" srcset=\"https:\/\/www.andreas-edler.de\/blog\/wp-content\/uploads\/2016\/07\/20160706_einfahrt_verboten_03-470x209.jpg 470w, https:\/\/www.andreas-edler.de\/blog\/wp-content\/uploads\/2016\/07\/20160706_einfahrt_verboten_03-250x111.jpg 250w, https:\/\/www.andreas-edler.de\/blog\/wp-content\/uploads\/2016\/07\/20160706_einfahrt_verboten_03-768x341.jpg 768w, https:\/\/www.andreas-edler.de\/blog\/wp-content\/uploads\/2016\/07\/20160706_einfahrt_verboten_03-100x44.jpg 100w, https:\/\/www.andreas-edler.de\/blog\/wp-content\/uploads\/2016\/07\/20160706_einfahrt_verboten_03-150x67.jpg 150w, https:\/\/www.andreas-edler.de\/blog\/wp-content\/uploads\/2016\/07\/20160706_einfahrt_verboten_03-200x89.jpg 200w, https:\/\/www.andreas-edler.de\/blog\/wp-content\/uploads\/2016\/07\/20160706_einfahrt_verboten_03-300x133.jpg 300w, https:\/\/www.andreas-edler.de\/blog\/wp-content\/uploads\/2016\/07\/20160706_einfahrt_verboten_03-450x200.jpg 450w, https:\/\/www.andreas-edler.de\/blog\/wp-content\/uploads\/2016\/07\/20160706_einfahrt_verboten_03-600x266.jpg 600w, https:\/\/www.andreas-edler.de\/blog\/wp-content\/uploads\/2016\/07\/20160706_einfahrt_verboten_03-900x399.jpg 900w, https:\/\/www.andreas-edler.de\/blog\/wp-content\/uploads\/2016\/07\/20160706_einfahrt_verboten_03.jpg 1280w\" sizes=\"auto, (max-width: 470px) 100vw, 470px\" \/><\/a><figcaption id=\"caption-attachment-160125\" class=\"wp-caption-text\">Und damit es nicht wieder hei\u00dft, ich meckere nur \u00fcber Autofahrer &#8230;<\/figcaption><\/figure><figure id=\"attachment_160124\" aria-describedby=\"caption-attachment-160124\" style=\"width: 470px\" class=\"wp-caption aligncenter\"><a href=\"http:\/\/www.andreas-edler.de\/blog\/wp-content\/uploads\/2016\/07\/20160706_einfahrt_verboten_04.jpg\"><img loading=\"lazy\" decoding=\"async\" src=\"http:\/\/www.andreas-edler.de\/blog\/wp-content\/uploads\/2016\/07\/20160706_einfahrt_verboten_04-470x209.jpg\" alt=\"Im Sekundentakt ...\" width=\"470\" height=\"209\" class=\"size-large wp-image-160124\" srcset=\"https:\/\/www.andreas-edler.de\/blog\/wp-content\/uploads\/2016\/07\/20160706_einfahrt_verboten_04-470x209.jpg 470w, https:\/\/www.andreas-edler.de\/blog\/wp-content\/uploads\/2016\/07\/20160706_einfahrt_verboten_04-250x111.jpg 250w, https:\/\/www.andreas-edler.de\/blog\/wp-content\/uploads\/2016\/07\/20160706_einfahrt_verboten_04-768x341.jpg 768w, https:\/\/www.andreas-edler.de\/blog\/wp-content\/uploads\/2016\/07\/20160706_einfahrt_verboten_04-100x44.jpg 100w, https:\/\/www.andreas-edler.de\/blog\/wp-content\/uploads\/2016\/07\/20160706_einfahrt_verboten_04-150x67.jpg 150w, https:\/\/www.andreas-edler.de\/blog\/wp-content\/uploads\/2016\/07\/20160706_einfahrt_verboten_04-200x89.jpg 200w, https:\/\/www.andreas-edler.de\/blog\/wp-content\/uploads\/2016\/07\/20160706_einfahrt_verboten_04-300x133.jpg 300w, https:\/\/www.andreas-edler.de\/blog\/wp-content\/uploads\/2016\/07\/20160706_einfahrt_verboten_04-450x200.jpg 450w, https:\/\/www.andreas-edler.de\/blog\/wp-content\/uploads\/2016\/07\/20160706_einfahrt_verboten_04-600x266.jpg 600w, https:\/\/www.andreas-edler.de\/blog\/wp-content\/uploads\/2016\/07\/20160706_einfahrt_verboten_04-900x399.jpg 900w, https:\/\/www.andreas-edler.de\/blog\/wp-content\/uploads\/2016\/07\/20160706_einfahrt_verboten_04.jpg 1280w\" sizes=\"auto, (max-width: 470px) 100vw, 470px\" \/><\/a><figcaption id=\"caption-attachment-160124\" class=\"wp-caption-text\">Im Sekundentakt &#8230;<\/figcaption><\/figure><figure id=\"attachment_160132\" aria-describedby=\"caption-attachment-160132\" style=\"width: 470px\" class=\"wp-caption aligncenter\"><a href=\"http:\/\/www.andreas-edler.de\/blog\/wp-content\/uploads\/2016\/07\/20160706_einfahrt_verboten_05.jpg\"><img loading=\"lazy\" decoding=\"async\" src=\"http:\/\/www.andreas-edler.de\/blog\/wp-content\/uploads\/2016\/07\/20160706_einfahrt_verboten_05-470x209.jpg\" alt=\"... fahren die Fahrzeuge durch!\" width=\"470\" height=\"209\" class=\"size-large wp-image-160132\" srcset=\"https:\/\/www.andreas-edler.de\/blog\/wp-content\/uploads\/2016\/07\/20160706_einfahrt_verboten_05-470x209.jpg 470w, https:\/\/www.andreas-edler.de\/blog\/wp-content\/uploads\/2016\/07\/20160706_einfahrt_verboten_05-250x111.jpg 250w, https:\/\/www.andreas-edler.de\/blog\/wp-content\/uploads\/2016\/07\/20160706_einfahrt_verboten_05-768x341.jpg 768w, https:\/\/www.andreas-edler.de\/blog\/wp-content\/uploads\/2016\/07\/20160706_einfahrt_verboten_05-100x44.jpg 100w, https:\/\/www.andreas-edler.de\/blog\/wp-content\/uploads\/2016\/07\/20160706_einfahrt_verboten_05-150x67.jpg 150w, https:\/\/www.andreas-edler.de\/blog\/wp-content\/uploads\/2016\/07\/20160706_einfahrt_verboten_05-200x89.jpg 200w, https:\/\/www.andreas-edler.de\/blog\/wp-content\/uploads\/2016\/07\/20160706_einfahrt_verboten_05-300x133.jpg 300w, https:\/\/www.andreas-edler.de\/blog\/wp-content\/uploads\/2016\/07\/20160706_einfahrt_verboten_05-450x200.jpg 450w, https:\/\/www.andreas-edler.de\/blog\/wp-content\/uploads\/2016\/07\/20160706_einfahrt_verboten_05-600x266.jpg 600w, https:\/\/www.andreas-edler.de\/blog\/wp-content\/uploads\/2016\/07\/20160706_einfahrt_verboten_05-900x399.jpg 900w, https:\/\/www.andreas-edler.de\/blog\/wp-content\/uploads\/2016\/07\/20160706_einfahrt_verboten_05.jpg 1280w\" sizes=\"auto, (max-width: 470px) 100vw, 470px\" \/><\/a><figcaption id=\"caption-attachment-160132\" class=\"wp-caption-text\">&#8230; fahren die Fahrzeuge durch!<\/figcaption><\/figure><\/p>\n","protected":false},"excerpt":{"rendered":"<p>Es gibt einige Schilder, die den Verkehrsflu\u00df regeln. Eigentlich gibt es sogar eine ganz erkleckliche Menge von Verkehrsschildern. Auf der K\u00f6nigstra\u00dfe wurde jetzt (nach Ank\u00fcndigung in der Presse) in Fahrtrichtung ZOB und direkt nach der Einm\u00fcndung der Heinrichstra\u00dfe ein Zeichen &hellip;<\/p>\n<p class=\"read-more\"> <a class=\"more-link\" href=\"https:\/\/www.andreas-edler.de\/blog\/2016\/07\/einfahrt-verboten-aber-nur-wenns-keine-umstaende-macht\/\"> <span class=\"screen-reader-text\">Einfahrt verboten &#8211; aber nur wenn&#8217;s keine Umst\u00e4nde macht<\/span> Weiterlesen &raquo;<\/a><\/p>\n","protected":false},"author":1,"featured_media":0,"comment_status":"open","ping_status":"open","sticky":false,"template":"","format":"standard","meta":{"ngg_post_thumbnail":0,"activitypub_content_warning":"","activitypub_content_visibility":"","activitypub_max_image_attachments":2,"activitypub_interaction_policy_quote":"anyone","activitypub_status":"","footnotes":""},"categories":[14,13],"tags":[37,71,260],"class_list":["post-160121","post","type-post","status-publish","format-standard","hentry","category-bad-oeynhausen","category-verkehr","tag-auto","tag-regeln","tag-stvo"],"share_on_mastodon":{"url":"","error":""},"_links":{"self":[{"href":"https:\/\/www.andreas-edler.de\/blog\/wp-json\/wp\/v2\/posts\/160121","targetHints":{"allow":["GET"]}}],"collection":[{"href":"https:\/\/www.andreas-edler.de\/blog\/wp-json\/wp\/v2\/posts"}],"about":[{"href":"https:\/\/www.andreas-edler.de\/blog\/wp-json\/wp\/v2\/types\/post"}],"author":[{"embeddable":true,"href":"https:\/\/www.andreas-edler.de\/blog\/wp-json\/wp\/v2\/users\/1"}],"replies":[{"embeddable":true,"href":"https:\/\/www.andreas-edler.de\/blog\/wp-json\/wp\/v2\/comments?post=160121"}],"version-history":[{"count":0,"href":"https:\/\/www.andreas-edler.de\/blog\/wp-json\/wp\/v2\/posts\/160121\/revisions"}],"wp:attachment":[{"href":"https:\/\/www.andreas-edler.de\/blog\/wp-json\/wp\/v2\/media?parent=160121"}],"wp:term":[{"taxonomy":"category","embeddable":true,"href":"https:\/\/www.andreas-edler.de\/blog\/wp-json\/wp\/v2\/categories?post=160121"},{"taxonomy":"post_tag","embeddable":true,"href":"https:\/\/www.andreas-edler.de\/blog\/wp-json\/wp\/v2\/tags?post=160121"}],"curies":[{"name":"wp","href":"https:\/\/api.w.org\/{rel}","templated":true}]}}