{"id":160092,"date":"2016-06-29T17:27:41","date_gmt":"2016-06-29T15:27:41","guid":{"rendered":"http:\/\/www.andreas-edler.de\/blog\/?p=160092"},"modified":"2016-06-29T12:10:39","modified_gmt":"2016-06-29T10:10:39","slug":"wer-was-sagt-ist-immer-der-arsch","status":"publish","type":"post","link":"https:\/\/www.andreas-edler.de\/blog\/2016\/06\/wer-was-sagt-ist-immer-der-arsch\/","title":{"rendered":"Wer was sagt, ist immer der Arsch"},"content":{"rendered":"<div class=\"bild\" style=\"font-size: smaller;\"><img decoding=\"async\" src=\"http:\/\/www.andreas-edler.de\/grafik\/logo_rad.png\" alt=\"Logo: Fahrrad\" title=\"Logo: Fahrrad\" width=\"250\" border=\"0\"><\/div>\n<p> Mich \u00e4rgern die Geisterfahrer, welche mir jeden Tag entgegen kommen. St\u00e4ndig. Das ist gef\u00e4hrlich, es ist l\u00e4stig, es ist verboten. Ich hab&#8217;s hier im Blog schon des\u00f6fteren geschrieben. Es sind Sch\u00fcler, denen es von ihren Eltern ganz offensichtlich nicht richtig erkl\u00e4rt wurde. Es sind die Eltern, die es wom\u00f6glich nicht wissen. Es sind u.a. auch Verwaltungsmitarbeiter, die es definitiv wissen m\u00fcssen, und die mir darauf angesprochen nur antworteten. &#8222;Ich bin doch ganz vorsichtig!&#8220; &#8230; wichtig ist, dabei den Helm auf dem Kopf zu haben. Es sind aber auch die Senioren auf ihren Pedelecs, die gerne mal auf der verkehrten Seite um die Ecke geschossen kommen. Das war schon mehrfach ziemlich brenzlig. Ich habe sogar den Eindruck, dass es schlimmer wird.<!--more--><\/p>\n<p>Eigentlich sage ich dann auch jedesmal was. Ich kann meinen Mund nicht halten, wenn ich mitbekomme, wie jemand sich asozial verh\u00e4lt. Asozial im Sinne von &#8222;gegen die Gemeinschaft&#8220;. Es funktioniert nur dann, wenn sich alle an die Regeln halten und nicht einige meinen, sie k\u00f6nnten frei entscheiden, was f\u00fcr sie gilt und was nicht. Die Briten erleben das hoffentlich gerade auf einer etwas gr\u00f6\u00dferen B\u00fchne.<\/p>\n<p>Wie gesagt, ich gebe meistens Laut. Manchmal murmelnd und kopfsch\u00fcttelnd, manchmal &#8211; wenn es knapp ist &#8211; auch etwas lauter und deutlicher. Vor ein paar Tagen war eine Situation auf der Eidinghausener Stra\u00dfe in H\u00f6he eines der dortigen Friseurgesch\u00e4fte. Eine besonders schmale Stelle. Mir kam auf dem Nachhauseweg ein Teenager in der falschen Richtung entgegen. Ich habe nichts gesagt, bin aber auf dem Radweg angehalten, als abzusehen war, dass der Geisterfahrer nicht ausweichen wollte. Was sollte ich machen? In den Eingang des Friseurs fahren? Der Junge hielt auch an und schaute irritiert. Dann erst habe ich ihm *gesagt*, er fahre in die falsche Richtung. Er ist dann wortlos weiter. In dem Augenblick kam ein Mann aus dem Laden und fragte mich was das solle. Offensichtlich hat er mitbekommen, wie ich vor ein paar Tagen eine Vollbremsung an der gleichen Stelle machte, da eine Frau mit dem Auto ohne zu schauen auf den Radweg fuhr. Das fand ich nicht so lustig und habe das auch entsprechend kommentiert.<\/p>\n<p>Jedenfalls meinte der Mann, ob ich die Polizei sei, was das solle und warum ich mich so aufrege. Tja, grunds\u00e4tzlich wegen Menschen wie ihm, denen offensichtlich die Regeln auch nicht klar sind. Die sich in solchen Situationen auch nicht bewusst machen, wie gef\u00e4hrlich das Tun gerade ist und die sich dann aber dar\u00fcber aufregen, dass &#8222;alle Radfahrer auf der falschen Seite&#8220; fahren. Ich habe versucht ihm das zu erkl\u00e4ren, interessierte ihn aber nicht und er verschwand \u00fcber die Stra\u00dfe. Und ich habe wirklich lange daran geknabbert. Ist es wirklich hilfreich, wenn ich Leuten sage, wenn sie was verkehrt machen? Mir geht es auch manchmal auf den Sack, &#8222;der B\u00f6se&#8220; zu sein. Andererseits \u00e4rgere ich mich sehr, wenn mich jemand bedr\u00e4ngt oder gef\u00e4hrdet und ich es einfach hinnehme. Und wenn niemand was sagt, dann \u00e4ndert sich auch nichts. Auch das habe ich hier schon mehrfach geschrieben.<\/p>\n<p>Jedenfalls war ich ein paar Tage echt unzufrieden. Ich habe nichts verkehrt gemacht, bin nicht laut geworden und trotzdem werde ich bl\u00f6d angemacht und nicht derjenige, der sich gerade ziemlich gef\u00e4hrdend verhalten hat. Was soll das?<\/p>\n<p>Ende letzter Woche hat mich dann auf dem Gehweg der Dr.-Neuh\u00e4usser-Stra\u00dfe, als ich gerade zum B\u00e4cker meines Vertrauens ging, ein nicht mehr ganz junger Radfahrer fast gerammt und mir noch s\u00fcffisant zugerufen, ich solle micht nicht bewegen. Und der hielt dann auch beim B\u00e4cker und wollte dort einkaufen. Er schien mit den Damen gut bekannt und machte Scherzchen. Das hat es mir nochmal schwerer gemacht etwas zu sagen. Aber weil es nun gerade passiert war, in einer 30-Zone ein Radfahrer auf dem Gehweg nichts zu suchen hat und er auch noch einen Spruch gebracht hatte, habe ich ihm dann sehr h\u00f6flich gesagt, dass das nicht in Ordnung war. Hat er \u00fcberhaupt nicht eingesehen, hat gelacht, er mache das schon 14 Jahre so, was ich \u00fcberhaupt wollte. Ich habe ihm dann weiter h\u00f6flich &#8211; immerhin bin ich fast t\u00e4glich bei dem B\u00e4cker &#8211; erkl\u00e4rt, dass er sich dann schon 14 Jahre falsch verh\u00e4lt und es nicht zu sp\u00e4t zum Lernen sei. Interessiert ihn alles nicht. Die beiden B\u00e4ckereifachverk\u00e4uferinnen guckten in einer Mischung aus Interesse und Unwohlsein dem Treiben zu. Ich habe dann bezahlt und bin gegangen.<\/p>\n<p>Gestern habe ich dort wieder ein Teilchen gekauft. Die Verk\u00e4uferin sprach mich beim Bezahlen an und bedankte sich, dass ich dem Mann gesagt habe, dass er sich falsch verh\u00e4lt! Er w\u00fcrde das immer so machen, es h\u00e4tten sich bei ihr schon oft Kunden \u00fcber das r\u00fccksichtslose Verhalten ge\u00e4u\u00dfert und er w\u00e4re halt schon nervig. Ehrlich gesagt hat mich das ein bisschen gefreut! Ganz offensichtlich habe ich doch keine so ungew\u00f6hnliche Einzelsicht der Dinge, ganz offensichtlich \u00e4rgern sich viele Menschen \u00fcber r\u00fccksichtsloses Verhalten. Nur keiner sagt was! Das ist ja auch meine Vermutung gewesen. Leider ist man dann als Einzelner immer der Arsch.<\/p>\n<p>Ich sage also weiterhin, was mir nicht passt.<\/p>\n","protected":false},"excerpt":{"rendered":"<p>Mich \u00e4rgern die Geisterfahrer, welche mir jeden Tag entgegen kommen. St\u00e4ndig. Das ist gef\u00e4hrlich, es ist l\u00e4stig, es ist verboten. Ich hab&#8217;s hier im Blog schon des\u00f6fteren geschrieben. Es sind Sch\u00fcler, denen es von ihren Eltern ganz offensichtlich nicht richtig &hellip;<\/p>\n<p class=\"read-more\"> <a class=\"more-link\" href=\"https:\/\/www.andreas-edler.de\/blog\/2016\/06\/wer-was-sagt-ist-immer-der-arsch\/\"> <span class=\"screen-reader-text\">Wer was sagt, ist immer der Arsch<\/span> Weiterlesen &raquo;<\/a><\/p>\n","protected":false},"author":1,"featured_media":0,"comment_status":"open","ping_status":"open","sticky":false,"template":"","format":"standard","meta":{"ngg_post_thumbnail":0,"activitypub_content_warning":"","activitypub_content_visibility":"","activitypub_max_image_attachments":2,"activitypub_interaction_policy_quote":"anyone","activitypub_status":"","footnotes":""},"categories":[14,18,13],"tags":[63,34,73,71,76],"class_list":["post-160092","post","type-post","status-publish","format-standard","hentry","category-bad-oeynhausen","category-fraglich","category-verkehr","tag-benehmen","tag-kommunikation","tag-recht","tag-regeln","tag-sicherheit"],"share_on_mastodon":{"url":"","error":""},"_links":{"self":[{"href":"https:\/\/www.andreas-edler.de\/blog\/wp-json\/wp\/v2\/posts\/160092","targetHints":{"allow":["GET"]}}],"collection":[{"href":"https:\/\/www.andreas-edler.de\/blog\/wp-json\/wp\/v2\/posts"}],"about":[{"href":"https:\/\/www.andreas-edler.de\/blog\/wp-json\/wp\/v2\/types\/post"}],"author":[{"embeddable":true,"href":"https:\/\/www.andreas-edler.de\/blog\/wp-json\/wp\/v2\/users\/1"}],"replies":[{"embeddable":true,"href":"https:\/\/www.andreas-edler.de\/blog\/wp-json\/wp\/v2\/comments?post=160092"}],"version-history":[{"count":0,"href":"https:\/\/www.andreas-edler.de\/blog\/wp-json\/wp\/v2\/posts\/160092\/revisions"}],"wp:attachment":[{"href":"https:\/\/www.andreas-edler.de\/blog\/wp-json\/wp\/v2\/media?parent=160092"}],"wp:term":[{"taxonomy":"category","embeddable":true,"href":"https:\/\/www.andreas-edler.de\/blog\/wp-json\/wp\/v2\/categories?post=160092"},{"taxonomy":"post_tag","embeddable":true,"href":"https:\/\/www.andreas-edler.de\/blog\/wp-json\/wp\/v2\/tags?post=160092"}],"curies":[{"name":"wp","href":"https:\/\/api.w.org\/{rel}","templated":true}]}}