{"id":160031,"date":"2016-06-06T17:05:21","date_gmt":"2016-06-06T15:05:21","guid":{"rendered":"http:\/\/www.andreas-edler.de\/blog\/?p=160031"},"modified":"2016-06-06T17:33:02","modified_gmt":"2016-06-06T15:33:02","slug":"fdp-will-werredeiche-erhoehen","status":"publish","type":"post","link":"https:\/\/www.andreas-edler.de\/blog\/2016\/06\/fdp-will-werredeiche-erhoehen\/","title":{"rendered":"FDP will Werredeiche erh\u00f6hen"},"content":{"rendered":"<p>Mit der Ratspost am Freitag erreichte die Ratsmitglieder ein Antrag des FDP-Ratsmitgliedes zum Deichl\u00fcckenschluss in Werste. Dieser war bis vor etlichen Monaten geplant, wurde dann aber wegen der anstehenden <a href=\"http:\/\/www.andreas-edler.de\/blog\/tag\/sielwehr\/\">Renaturierung des Sielwehrs<\/a> unter anderem vom <a href=\"http:\/\/www.werre-wasserverband.de\">Werre-Wasserverband<\/a> &#8211; der Institution, welche im \u00fcbrigen genau f\u00fcr den Hochwasserschutz an der Werre zust\u00e4ndig ist &#8211; als nicht mehr notwendig angesehen. Auch auf eine geplante Erh\u00f6hung der Deiche kann verzichtet werden, da im Zuge des Abbaus des Sielwehres auch der Wasserpegel in H\u00f6he des Wehres um ca. 1 Meter gesenkt werden wird. Weiterhin wird die Sohle erh\u00f6ht, was ingesamt der Flie\u00dfgeschwindigkeit zu Gute kommt. <\/p>\n<p style=\"text-align:center;font-size: smaller;\"><img decoding=\"async\" src=\"http:\/\/www.andreas-edler.de\/grafik\/blog_2010\/20100828_sielwehr.jpg\" width=\"470\" border=\"0\" alt=\"\" title=\"\"><\/p>\n<p><!--more--> <a href=\"http:\/\/www.andreas-edler.de\/blog\/tag\/sielwehr\/\">Steht hier alles schon im Blog.<\/a> Durch die Erweiterung des Flussbettes werden au\u00dferdem \u00dcberflutungsfl\u00e4chen geschaffen, die ein sehr effizienter Hochwasserschutz sind. Genau das, <a href=\"http:\/\/www.derwesten.de\/politik\/klima-experten-in-zukunft-noch-mehr-unwetter-id11883736.html\">was der BUND auch angesichts der aktuellen Unwetter fordert<\/a>. Und dann ben\u00f6tigt man schlicht und ergreifend keine h\u00f6heren Deiche mehr.<\/p>\n<p>All das sollte auch der FDP bekannt sein, immerhin ist der Vertreter deutlich l\u00e4nger im Rat vertreten als ich und m\u00fcsste die entsprechenden Unterlagen und Gutachten kennen. Aber man kann das nat\u00fcrlich auch ignorieren und einfach mal fordern, <a href=\"http:\/\/www.fdpbadoeynhausen.de\/\">Geld f\u00fcr h\u00f6here Deiche auszugeben<\/a>, statt die Ursachen f\u00fcr das Hochwasser zu beseitigen. Klar kann man den Planern vorwerfen den Deichl\u00fcckenschluss abgelehnt zu haben &#8230; <a href=\"http:\/\/www.sitzungsdienst-bad-oeynhausen.de\/bi\/vo020.asp?VOLFDNR=8430\">nur stimmt das halt nicht<\/a>: <cite><strong>Umweltausschuss vom 01.10.2014:<\/strong> Anl\u00e4sslich der Sitzung vom 11.02.2014 wurde dem Ausschuss f\u00fcr Klima-, Umwelt- und Hochwasserschutz mitgeteilt, dass die Bezirksregierung Detmold aktuelle Abflusswerte f\u00fcr das Bemessungshochwasser der Werre festgelegt hat. Auf der Grundlage dieser Abflusswerte hat dann die Planung der Deiche bzw. der Hochwasserschutzanlagen insgesamt zu erfolgen.<br \/>\n<br \/>\nEs wurde erl\u00e4utert, dass die aktuellen Abflusswerte im Vergleich zu den bisher festgesetzten deutlich geringer ausfallen und mitgeteilt, dass die zu errichtenden Hochwasserschutzanlagen daher voraussichtlich in geringer Dimensionierung oder ge\u00e4nderter Form errichtet werden k\u00f6nnen. In diesem Zusammenhang wurde die nach den vorliegenden hydraulischen Berechnungen diesbez\u00fcglich g\u00fcnstige Wirkung der in der Planung befindlichen Umgestaltung des Sielwehres (Variante 2) vorgestellt.<br \/>\n<br \/>\nDer aktuelle Sachstand einschlie\u00dflich des mit den Genehmigungs- und Zuwendungsbeh\u00f6rden abgestimmten weiteren Vorgehens wird w\u00e4hrend der Sitzung erl\u00e4utert.<\/b><\/cite> Und die FDP muss auch keine Angst haben, f\u00fcr &#8222;Nachl\u00e4ssigkeiten des Rates&#8220; verantwortlich gemacht zu werden. Sie darf ja ganz normal mitarbeiten!<\/p>\n","protected":false},"excerpt":{"rendered":"<p>Mit der Ratspost am Freitag erreichte die Ratsmitglieder ein Antrag des FDP-Ratsmitgliedes zum Deichl\u00fcckenschluss in Werste. Dieser war bis vor etlichen Monaten geplant, wurde dann aber wegen der anstehenden Renaturierung des Sielwehrs unter anderem vom Werre-Wasserverband &#8211; der Institution, welche &hellip;<\/p>\n<p class=\"read-more\"> <a class=\"more-link\" href=\"https:\/\/www.andreas-edler.de\/blog\/2016\/06\/fdp-will-werredeiche-erhoehen\/\"> <span class=\"screen-reader-text\">FDP will Werredeiche erh\u00f6hen<\/span> Weiterlesen &raquo;<\/a><\/p>\n","protected":false},"author":1,"featured_media":0,"comment_status":"open","ping_status":"open","sticky":false,"template":"","format":"standard","meta":{"ngg_post_thumbnail":0,"activitypub_content_warning":"","activitypub_content_visibility":"","activitypub_max_image_attachments":2,"activitypub_interaction_policy_quote":"anyone","activitypub_status":"","footnotes":""},"categories":[14,45],"tags":[125,77,72],"class_list":["post-160031","post","type-post","status-publish","format-standard","hentry","category-bad-oeynhausen","category-politik","tag-sielwehr","tag-stadtrat","tag-verwaltung"],"share_on_mastodon":{"url":"","error":""},"_links":{"self":[{"href":"https:\/\/www.andreas-edler.de\/blog\/wp-json\/wp\/v2\/posts\/160031","targetHints":{"allow":["GET"]}}],"collection":[{"href":"https:\/\/www.andreas-edler.de\/blog\/wp-json\/wp\/v2\/posts"}],"about":[{"href":"https:\/\/www.andreas-edler.de\/blog\/wp-json\/wp\/v2\/types\/post"}],"author":[{"embeddable":true,"href":"https:\/\/www.andreas-edler.de\/blog\/wp-json\/wp\/v2\/users\/1"}],"replies":[{"embeddable":true,"href":"https:\/\/www.andreas-edler.de\/blog\/wp-json\/wp\/v2\/comments?post=160031"}],"version-history":[{"count":0,"href":"https:\/\/www.andreas-edler.de\/blog\/wp-json\/wp\/v2\/posts\/160031\/revisions"}],"wp:attachment":[{"href":"https:\/\/www.andreas-edler.de\/blog\/wp-json\/wp\/v2\/media?parent=160031"}],"wp:term":[{"taxonomy":"category","embeddable":true,"href":"https:\/\/www.andreas-edler.de\/blog\/wp-json\/wp\/v2\/categories?post=160031"},{"taxonomy":"post_tag","embeddable":true,"href":"https:\/\/www.andreas-edler.de\/blog\/wp-json\/wp\/v2\/tags?post=160031"}],"curies":[{"name":"wp","href":"https:\/\/api.w.org\/{rel}","templated":true}]}}