{"id":159951,"date":"2016-05-17T06:50:18","date_gmt":"2016-05-17T04:50:18","guid":{"rendered":"http:\/\/www.andreas-edler.de\/blog\/?p=159951"},"modified":"2020-07-26T12:08:50","modified_gmt":"2020-07-26T10:08:50","slug":"metertiefes-loch-im-radweg","status":"publish","type":"post","link":"https:\/\/www.andreas-edler.de\/blog\/2016\/05\/metertiefes-loch-im-radweg\/","title":{"rendered":"Metertiefes Loch im Radweg"},"content":{"rendered":"<p>Ein Wochenende hat gereicht, um <a href=\"http:\/\/www.andreas-edler.de\/blog\/2016\/05\/mein-lieblingsloch-ist-wieder-da\/\">das Loch<\/a> metertief absacken zu lassen. Den Boden kann man nicht mehr sehen. <figure id=\"attachment_159952\" aria-describedby=\"caption-attachment-159952\" style=\"width: 470px\" class=\"wp-caption aligncenter\"><a href=\"http:\/\/www.andreas-edler.de\/blog\/wp-content\/uploads\/2016\/05\/20160517_metertief.jpg\"><img loading=\"lazy\" decoding=\"async\" src=\"http:\/\/www.andreas-edler.de\/blog\/wp-content\/uploads\/2016\/05\/20160517_metertief-470x353.jpg\" alt=\"Gefahr im Verzug - der Boden des Loches ist nicht zu erkennen.\" width=\"470\" height=\"353\" class=\"size-large wp-image-159952\" srcset=\"https:\/\/www.andreas-edler.de\/blog\/wp-content\/uploads\/2016\/05\/20160517_metertief-470x353.jpg 470w, https:\/\/www.andreas-edler.de\/blog\/wp-content\/uploads\/2016\/05\/20160517_metertief-250x188.jpg 250w, https:\/\/www.andreas-edler.de\/blog\/wp-content\/uploads\/2016\/05\/20160517_metertief-768x576.jpg 768w, https:\/\/www.andreas-edler.de\/blog\/wp-content\/uploads\/2016\/05\/20160517_metertief-100x75.jpg 100w, https:\/\/www.andreas-edler.de\/blog\/wp-content\/uploads\/2016\/05\/20160517_metertief-150x113.jpg 150w, https:\/\/www.andreas-edler.de\/blog\/wp-content\/uploads\/2016\/05\/20160517_metertief-200x150.jpg 200w, https:\/\/www.andreas-edler.de\/blog\/wp-content\/uploads\/2016\/05\/20160517_metertief-300x225.jpg 300w, https:\/\/www.andreas-edler.de\/blog\/wp-content\/uploads\/2016\/05\/20160517_metertief-450x338.jpg 450w, https:\/\/www.andreas-edler.de\/blog\/wp-content\/uploads\/2016\/05\/20160517_metertief-600x450.jpg 600w, https:\/\/www.andreas-edler.de\/blog\/wp-content\/uploads\/2016\/05\/20160517_metertief-900x675.jpg 900w, https:\/\/www.andreas-edler.de\/blog\/wp-content\/uploads\/2016\/05\/20160517_metertief.jpg 1280w\" sizes=\"auto, (max-width: 470px) 100vw, 470px\" \/><\/a><figcaption id=\"caption-attachment-159952\" class=\"wp-caption-text\">Gefahr im Verzug &#8211; der Boden des Loches ist nicht zu erkennen.<\/figcaption><\/figure><!--more--> Jetzt muss wirklich dringend was passieren.<\/p>\n<p><a name=\"update1\">Update 17.05.2016:<\/a><\/p>\n<h4>Benutzungspflicht des Radweges ab Mattenkamp aufgehoben<\/h4>\n<p>Zumindest bedeutet das meiner Meinung nach die Warnbake, die im Laufe des Tages auf das Loch gestellt wurde. Da man aber den benutzungspflichtigen Radweg an der am wenigstens gef\u00e4hrlichen Stelle verlassen sollte, ist dies sehr wahrscheinlich schon unten an der <a href=\"http:\/\/www.andreas-edler.de\/blog\/2014\/09\/nutzung-der-neuen-radfuehrung-an-der-eidinghausener-strasse\/\">Bl\u00f6baum Kreuzung<\/a>, die ja mit einer Fahrradampel versehen ist, welche dem Radverkehr vor dem motorisierten Verkehr gr\u00fcn signalisiert. So ist gew\u00e4hrleistet, dass man gefahrlos auf die Fahrbahn der Eidinghausener Stra\u00dfe gelangt. <figure id=\"attachment_159955\" aria-describedby=\"caption-attachment-159955\" style=\"width: 470px\" class=\"wp-caption aligncenter\"><a href=\"http:\/\/www.andreas-edler.de\/blog\/wp-content\/uploads\/2016\/05\/20160517_warnbake_auf_loch.jpg\"><img loading=\"lazy\" decoding=\"async\" src=\"http:\/\/www.andreas-edler.de\/blog\/wp-content\/uploads\/2016\/05\/20160517_warnbake_auf_loch-470x276.jpg\" alt=\"Warnbake (ein Lieblingsverkehrszeichen) auf Lieblingsloch.\" width=\"470\" height=\"276\" class=\"size-large wp-image-159955\" srcset=\"https:\/\/www.andreas-edler.de\/blog\/wp-content\/uploads\/2016\/05\/20160517_warnbake_auf_loch-470x276.jpg 470w, https:\/\/www.andreas-edler.de\/blog\/wp-content\/uploads\/2016\/05\/20160517_warnbake_auf_loch-250x147.jpg 250w, https:\/\/www.andreas-edler.de\/blog\/wp-content\/uploads\/2016\/05\/20160517_warnbake_auf_loch-768x451.jpg 768w, https:\/\/www.andreas-edler.de\/blog\/wp-content\/uploads\/2016\/05\/20160517_warnbake_auf_loch-100x59.jpg 100w, https:\/\/www.andreas-edler.de\/blog\/wp-content\/uploads\/2016\/05\/20160517_warnbake_auf_loch-150x88.jpg 150w, https:\/\/www.andreas-edler.de\/blog\/wp-content\/uploads\/2016\/05\/20160517_warnbake_auf_loch-200x117.jpg 200w, https:\/\/www.andreas-edler.de\/blog\/wp-content\/uploads\/2016\/05\/20160517_warnbake_auf_loch-300x176.jpg 300w, https:\/\/www.andreas-edler.de\/blog\/wp-content\/uploads\/2016\/05\/20160517_warnbake_auf_loch-450x264.jpg 450w, https:\/\/www.andreas-edler.de\/blog\/wp-content\/uploads\/2016\/05\/20160517_warnbake_auf_loch-600x352.jpg 600w, https:\/\/www.andreas-edler.de\/blog\/wp-content\/uploads\/2016\/05\/20160517_warnbake_auf_loch-900x528.jpg 900w, https:\/\/www.andreas-edler.de\/blog\/wp-content\/uploads\/2016\/05\/20160517_warnbake_auf_loch.jpg 1280w\" sizes=\"auto, (max-width: 470px) 100vw, 470px\" \/><\/a><figcaption id=\"caption-attachment-159955\" class=\"wp-caption-text\">Warnbake (ein Lieblingsverkehrszeichen) auf Lieblingsloch.<\/figcaption><\/figure> Ich bin mal gespannt, wie lange diese L\u00f6sung bestehen wird. Geht man von <a href=\"http:\/\/www.andreas-edler.de\/blog\/2012\/04\/die-bake-ist-wieder-da\/\">meiner Lieblingsbake<\/a> aus, k\u00f6nnen das durchaus mehrere Jahre sein. Allerdings bef\u00fcrchte ich, dass die Bake vorher mitsamt dem Sockel im Boden versinken wird.<\/p>\n<p><a name=\"update2\">Update 18.05.2016:<\/a><\/p>\n<h4>Sind die schnell!<\/h4>\n<p>Ehrlich, ich bin \u00fcberrascht! Heute auf dem Nachhauseweg war nicht nur 1 Bake \u00fcber dem Loch, nein zwei St\u00fcck sperrten nebst zwei Gittern die Stelle ab. Und dort hat sich sogar was getan. Der defekte Asphalt gro\u00dffl\u00e4chig entfernt und darunter mit Schotter aufgef\u00fcllt und augenscheinlich auch bereits verdichtet. Ob vorher das Problem beseitigt wurde, kann ich so nat\u00fcrlich nicht sagen. <figure id=\"attachment_159957\" aria-describedby=\"caption-attachment-159957\" style=\"width: 470px\" class=\"wp-caption aligncenter\"><a href=\"http:\/\/www.andreas-edler.de\/blog\/wp-content\/uploads\/2016\/05\/20160518_zwei_baken_zwei_gitter.jpg\"><img loading=\"lazy\" decoding=\"async\" src=\"http:\/\/www.andreas-edler.de\/blog\/wp-content\/uploads\/2016\/05\/20160518_zwei_baken_zwei_gitter-470x258.jpg\" alt=\"Defekte Stelle im Radweg ausgefr\u00e4st und neu geschottert.\" width=\"470\" height=\"258\" class=\"size-large wp-image-159957\" srcset=\"https:\/\/www.andreas-edler.de\/blog\/wp-content\/uploads\/2016\/05\/20160518_zwei_baken_zwei_gitter-470x258.jpg 470w, https:\/\/www.andreas-edler.de\/blog\/wp-content\/uploads\/2016\/05\/20160518_zwei_baken_zwei_gitter-250x137.jpg 250w, https:\/\/www.andreas-edler.de\/blog\/wp-content\/uploads\/2016\/05\/20160518_zwei_baken_zwei_gitter-768x422.jpg 768w, https:\/\/www.andreas-edler.de\/blog\/wp-content\/uploads\/2016\/05\/20160518_zwei_baken_zwei_gitter-100x55.jpg 100w, https:\/\/www.andreas-edler.de\/blog\/wp-content\/uploads\/2016\/05\/20160518_zwei_baken_zwei_gitter-150x82.jpg 150w, https:\/\/www.andreas-edler.de\/blog\/wp-content\/uploads\/2016\/05\/20160518_zwei_baken_zwei_gitter-200x110.jpg 200w, https:\/\/www.andreas-edler.de\/blog\/wp-content\/uploads\/2016\/05\/20160518_zwei_baken_zwei_gitter-300x165.jpg 300w, https:\/\/www.andreas-edler.de\/blog\/wp-content\/uploads\/2016\/05\/20160518_zwei_baken_zwei_gitter-450x247.jpg 450w, https:\/\/www.andreas-edler.de\/blog\/wp-content\/uploads\/2016\/05\/20160518_zwei_baken_zwei_gitter-600x330.jpg 600w, https:\/\/www.andreas-edler.de\/blog\/wp-content\/uploads\/2016\/05\/20160518_zwei_baken_zwei_gitter-900x494.jpg 900w, https:\/\/www.andreas-edler.de\/blog\/wp-content\/uploads\/2016\/05\/20160518_zwei_baken_zwei_gitter.jpg 1280w\" sizes=\"auto, (max-width: 470px) 100vw, 470px\" \/><\/a><figcaption id=\"caption-attachment-159957\" class=\"wp-caption-text\">Defekte Stelle im Radweg ausgefr\u00e4st und neu geschottert.<\/figcaption><\/figure> Irgendwo wird da unten wahrscheinlich Wasser flie\u00dfen und Material fort tragen. Oder es war einfach nur so ein fettes Loch im Boden. Falls Letzteres frage ich mich allerdings: warum? Wie dem auch sei, es ist ziemlich fix was getan worden. Und das ist gut so :-)<\/p>\n","protected":false},"excerpt":{"rendered":"<p>Ein Wochenende hat gereicht, um das Loch metertief absacken zu lassen. Den Boden kann man nicht mehr sehen.<\/p>\n","protected":false},"author":1,"featured_media":0,"comment_status":"open","ping_status":"open","sticky":false,"template":"","format":"standard","meta":{"ngg_post_thumbnail":0,"activitypub_content_warning":"","activitypub_content_visibility":"","activitypub_max_image_attachments":2,"activitypub_interaction_policy_quote":"anyone","activitypub_status":"","footnotes":""},"categories":[14,15,45,13],"tags":[262,110,251,241,207,79,72],"class_list":["post-159951","post","type-post","status-publish","format-standard","hentry","category-bad-oeynhausen","category-fahrrad","category-politik","category-verkehr","tag-eidinghausener-strasse","tag-fahrradfreundliche-stadt","tag-infrastruktur","tag-radverkehrsanlagen","tag-radweg","tag-stadtwerke","tag-verwaltung"],"share_on_mastodon":{"url":"","error":""},"_links":{"self":[{"href":"https:\/\/www.andreas-edler.de\/blog\/wp-json\/wp\/v2\/posts\/159951","targetHints":{"allow":["GET"]}}],"collection":[{"href":"https:\/\/www.andreas-edler.de\/blog\/wp-json\/wp\/v2\/posts"}],"about":[{"href":"https:\/\/www.andreas-edler.de\/blog\/wp-json\/wp\/v2\/types\/post"}],"author":[{"embeddable":true,"href":"https:\/\/www.andreas-edler.de\/blog\/wp-json\/wp\/v2\/users\/1"}],"replies":[{"embeddable":true,"href":"https:\/\/www.andreas-edler.de\/blog\/wp-json\/wp\/v2\/comments?post=159951"}],"version-history":[{"count":0,"href":"https:\/\/www.andreas-edler.de\/blog\/wp-json\/wp\/v2\/posts\/159951\/revisions"}],"wp:attachment":[{"href":"https:\/\/www.andreas-edler.de\/blog\/wp-json\/wp\/v2\/media?parent=159951"}],"wp:term":[{"taxonomy":"category","embeddable":true,"href":"https:\/\/www.andreas-edler.de\/blog\/wp-json\/wp\/v2\/categories?post=159951"},{"taxonomy":"post_tag","embeddable":true,"href":"https:\/\/www.andreas-edler.de\/blog\/wp-json\/wp\/v2\/tags?post=159951"}],"curies":[{"name":"wp","href":"https:\/\/api.w.org\/{rel}","templated":true}]}}