{"id":159930,"date":"2016-05-09T20:14:23","date_gmt":"2016-05-09T18:14:23","guid":{"rendered":"http:\/\/www.andreas-edler.de\/blog\/?p=159930"},"modified":"2016-05-10T20:20:09","modified_gmt":"2016-05-10T18:20:09","slug":"mist-war-wohl-doch-zu-rot","status":"publish","type":"post","link":"https:\/\/www.andreas-edler.de\/blog\/2016\/05\/mist-war-wohl-doch-zu-rot\/","title":{"rendered":"Mist, war wohl doch zu rot"},"content":{"rendered":"<p>Da hat er sich heute morgen nicht weiter getraut, der Herr Autofahrer. Bei orange nicht bremsen und dann feststellen, dass die Ampel doch auf rot umspringt und nicht zur\u00fcck auf gr\u00fcn. V\u00f6llig selbstverst\u00e4ndlich, dass dann Fu\u00dfg\u00e4nger und Radfahrer behindert werden. Immerhin zahlt man als Autofahrer Steuern f\u00fcr die Wege, die man blockiert. <figure id=\"attachment_159931\" aria-describedby=\"caption-attachment-159931\" style=\"width: 470px\" class=\"wp-caption aligncenter\"><a href=\"http:\/\/www.andreas-edler.de\/blog\/wp-content\/uploads\/2016\/05\/20160509_halten_auf_furt.png\"><img loading=\"lazy\" decoding=\"async\" src=\"http:\/\/www.andreas-edler.de\/blog\/wp-content\/uploads\/2016\/05\/20160509_halten_auf_furt-470x264.png\" alt=\"Furt blockieren\" width=\"470\" height=\"264\" class=\"size-large wp-image-159931\" srcset=\"https:\/\/www.andreas-edler.de\/blog\/wp-content\/uploads\/2016\/05\/20160509_halten_auf_furt-470x264.png 470w, https:\/\/www.andreas-edler.de\/blog\/wp-content\/uploads\/2016\/05\/20160509_halten_auf_furt-250x141.png 250w, https:\/\/www.andreas-edler.de\/blog\/wp-content\/uploads\/2016\/05\/20160509_halten_auf_furt-768x432.png 768w, https:\/\/www.andreas-edler.de\/blog\/wp-content\/uploads\/2016\/05\/20160509_halten_auf_furt-100x56.png 100w, https:\/\/www.andreas-edler.de\/blog\/wp-content\/uploads\/2016\/05\/20160509_halten_auf_furt-150x84.png 150w, https:\/\/www.andreas-edler.de\/blog\/wp-content\/uploads\/2016\/05\/20160509_halten_auf_furt-200x113.png 200w, https:\/\/www.andreas-edler.de\/blog\/wp-content\/uploads\/2016\/05\/20160509_halten_auf_furt-300x169.png 300w, https:\/\/www.andreas-edler.de\/blog\/wp-content\/uploads\/2016\/05\/20160509_halten_auf_furt-450x253.png 450w, https:\/\/www.andreas-edler.de\/blog\/wp-content\/uploads\/2016\/05\/20160509_halten_auf_furt-600x338.png 600w, https:\/\/www.andreas-edler.de\/blog\/wp-content\/uploads\/2016\/05\/20160509_halten_auf_furt-900x506.png 900w, https:\/\/www.andreas-edler.de\/blog\/wp-content\/uploads\/2016\/05\/20160509_halten_auf_furt.png 1280w\" sizes=\"auto, (max-width: 470px) 100vw, 470px\" \/><\/a><figcaption id=\"caption-attachment-159931\" class=\"wp-caption-text\">Furt blockieren<\/figcaption><\/figure> <!--more--> Ich fahre echt nicht extra rum, um solche Screenshots zu bekommen. Das passiert immer nur auf dem Weg ins B\u00fcro und zur\u00fcck. Und wenn ich dann jeden Tag solche Szenen erlebe, dann ist doch die logischen Schlu\u00dffolgerung, dass das rund um die Uhr so passiert. Nur ist es inzwischen so selbstverst\u00e4ndlich, dass das niemanden interessiert. Autofahrer eh nicht. Ich sehe wirklich &#8211; au\u00dfer die elenden Geisterfahrer &#8211; selten Radfahrer in solcher H\u00e4ufigkeit Regelverst\u00f6\u00dfe begehen.<\/p>\n","protected":false},"excerpt":{"rendered":"<p>Da hat er sich heute morgen nicht weiter getraut, der Herr Autofahrer. Bei orange nicht bremsen und dann feststellen, dass die Ampel doch auf rot umspringt und nicht zur\u00fcck auf gr\u00fcn. V\u00f6llig selbstverst\u00e4ndlich, dass dann Fu\u00dfg\u00e4nger und Radfahrer behindert werden. &hellip;<\/p>\n<p class=\"read-more\"> <a class=\"more-link\" href=\"https:\/\/www.andreas-edler.de\/blog\/2016\/05\/mist-war-wohl-doch-zu-rot\/\"> <span class=\"screen-reader-text\">Mist, war wohl doch zu rot<\/span> Weiterlesen &raquo;<\/a><\/p>\n","protected":false},"author":1,"featured_media":0,"comment_status":"open","ping_status":"open","sticky":false,"template":"","format":"standard","meta":{"ngg_post_thumbnail":0,"activitypub_content_warning":"","activitypub_content_visibility":"","activitypub_max_image_attachments":2,"activitypub_interaction_policy_quote":"anyone","activitypub_status":"","footnotes":""},"categories":[14,15,13],"tags":[110,71,76],"class_list":["post-159930","post","type-post","status-publish","format-standard","hentry","category-bad-oeynhausen","category-fahrrad","category-verkehr","tag-fahrradfreundliche-stadt","tag-regeln","tag-sicherheit"],"share_on_mastodon":{"url":"","error":""},"_links":{"self":[{"href":"https:\/\/www.andreas-edler.de\/blog\/wp-json\/wp\/v2\/posts\/159930","targetHints":{"allow":["GET"]}}],"collection":[{"href":"https:\/\/www.andreas-edler.de\/blog\/wp-json\/wp\/v2\/posts"}],"about":[{"href":"https:\/\/www.andreas-edler.de\/blog\/wp-json\/wp\/v2\/types\/post"}],"author":[{"embeddable":true,"href":"https:\/\/www.andreas-edler.de\/blog\/wp-json\/wp\/v2\/users\/1"}],"replies":[{"embeddable":true,"href":"https:\/\/www.andreas-edler.de\/blog\/wp-json\/wp\/v2\/comments?post=159930"}],"version-history":[{"count":0,"href":"https:\/\/www.andreas-edler.de\/blog\/wp-json\/wp\/v2\/posts\/159930\/revisions"}],"wp:attachment":[{"href":"https:\/\/www.andreas-edler.de\/blog\/wp-json\/wp\/v2\/media?parent=159930"}],"wp:term":[{"taxonomy":"category","embeddable":true,"href":"https:\/\/www.andreas-edler.de\/blog\/wp-json\/wp\/v2\/categories?post=159930"},{"taxonomy":"post_tag","embeddable":true,"href":"https:\/\/www.andreas-edler.de\/blog\/wp-json\/wp\/v2\/tags?post=159930"}],"curies":[{"name":"wp","href":"https:\/\/api.w.org\/{rel}","templated":true}]}}