{"id":159921,"date":"2016-05-10T19:39:32","date_gmt":"2016-05-10T17:39:32","guid":{"rendered":"http:\/\/www.andreas-edler.de\/blog\/?p=159921"},"modified":"2016-05-10T19:39:32","modified_gmt":"2016-05-10T17:39:32","slug":"dooring-auf-der-eidinghausener-strasse","status":"publish","type":"post","link":"https:\/\/www.andreas-edler.de\/blog\/2016\/05\/dooring-auf-der-eidinghausener-strasse\/","title":{"rendered":"Dooring auf der Eidinghausener Stra\u00dfe"},"content":{"rendered":"<p>Genau darum ist der Radweg an der Eidinghausener Stra\u00dfe eine solche Katastrophe. Nicht nur wegen der grottigen Beschaffenheit, nein, man f\u00e4hrt auch die ganze Zeit im \u00d6ffnungsbereich der T\u00fcrgen der dort parkenden Kraftfahrzeuge. <figure id=\"attachment_159922\" aria-describedby=\"caption-attachment-159922\" style=\"width: 470px\" class=\"wp-caption aligncenter\"><a href=\"http:\/\/www.andreas-edler.de\/blog\/wp-content\/uploads\/2016\/05\/20160510_dooring.png\"><img loading=\"lazy\" decoding=\"async\" src=\"http:\/\/www.andreas-edler.de\/blog\/wp-content\/uploads\/2016\/05\/20160510_dooring-470x249.png\" alt=\"Lieferwagenfahrer \u00f6ffnet die Beifahrert\u00fcr, nachdem er anscheinend vom Fahrersitz nach rechts r\u00fcbergekrabbelt ist.\" width=\"470\" height=\"249\" class=\"size-large wp-image-159922\" srcset=\"https:\/\/www.andreas-edler.de\/blog\/wp-content\/uploads\/2016\/05\/20160510_dooring-470x249.png 470w, https:\/\/www.andreas-edler.de\/blog\/wp-content\/uploads\/2016\/05\/20160510_dooring-250x132.png 250w, https:\/\/www.andreas-edler.de\/blog\/wp-content\/uploads\/2016\/05\/20160510_dooring-768x406.png 768w, https:\/\/www.andreas-edler.de\/blog\/wp-content\/uploads\/2016\/05\/20160510_dooring-100x53.png 100w, https:\/\/www.andreas-edler.de\/blog\/wp-content\/uploads\/2016\/05\/20160510_dooring-150x79.png 150w, https:\/\/www.andreas-edler.de\/blog\/wp-content\/uploads\/2016\/05\/20160510_dooring-200x106.png 200w, https:\/\/www.andreas-edler.de\/blog\/wp-content\/uploads\/2016\/05\/20160510_dooring-300x159.png 300w, https:\/\/www.andreas-edler.de\/blog\/wp-content\/uploads\/2016\/05\/20160510_dooring-450x238.png 450w, https:\/\/www.andreas-edler.de\/blog\/wp-content\/uploads\/2016\/05\/20160510_dooring-600x317.png 600w, https:\/\/www.andreas-edler.de\/blog\/wp-content\/uploads\/2016\/05\/20160510_dooring-900x476.png 900w, https:\/\/www.andreas-edler.de\/blog\/wp-content\/uploads\/2016\/05\/20160510_dooring.png 945w\" sizes=\"auto, (max-width: 470px) 100vw, 470px\" \/><\/a><figcaption id=\"caption-attachment-159922\" class=\"wp-caption-text\">Lieferwagenfahrer \u00f6ffnet die Beifahrert\u00fcr, nachdem er anscheinend vom Fahrersitz nach rechts r\u00fcbergekrabbelt ist.<\/figcaption><\/figure> <!--more--><\/p>\n<p>Und weil es einigen Fahrern zu gef\u00e4hrlich ist, die Fahrert\u00fcr zur Fahrbahn hin aufzumachen, gef\u00e4hrden sie lieber andere Verkehrsteilnehmer, statt sich selbst. Der Lieferwagenfahrer heute morgen hat die T\u00fcr gl\u00fccklicherweise nicht mit Schmackes aufgesto\u00dfen und ich konnte noch reagieren. Man sieht es an der Schr\u00e4glage des Screenshots. Wann wird hier endlich die Benutzungspflicht aufgehoben? Oder alternativ die Parkbuchten entfernt? Nat\u00fcrlich habe ich die Situation auf Video &#8211; das sieht dann auch noch spektakul\u00e4rer aus. Allerdings erkennt man auch die Firma des Fahrers und ich bin mir unsicher, ob ich das ver\u00f6ffentlichen darf oder nicht.<\/p>\n","protected":false},"excerpt":{"rendered":"<p>Genau darum ist der Radweg an der Eidinghausener Stra\u00dfe eine solche Katastrophe. Nicht nur wegen der grottigen Beschaffenheit, nein, man f\u00e4hrt auch die ganze Zeit im \u00d6ffnungsbereich der T\u00fcrgen der dort parkenden Kraftfahrzeuge.<\/p>\n","protected":false},"author":1,"featured_media":0,"comment_status":"open","ping_status":"open","sticky":false,"template":"","format":"standard","meta":{"ngg_post_thumbnail":0,"activitypub_content_warning":"","activitypub_content_visibility":"","activitypub_max_image_attachments":2,"activitypub_interaction_policy_quote":"anyone","activitypub_status":"","footnotes":""},"categories":[14,15,13],"tags":[37,63,110,71],"class_list":["post-159921","post","type-post","status-publish","format-standard","hentry","category-bad-oeynhausen","category-fahrrad","category-verkehr","tag-auto","tag-benehmen","tag-fahrradfreundliche-stadt","tag-regeln"],"share_on_mastodon":{"url":"","error":""},"_links":{"self":[{"href":"https:\/\/www.andreas-edler.de\/blog\/wp-json\/wp\/v2\/posts\/159921","targetHints":{"allow":["GET"]}}],"collection":[{"href":"https:\/\/www.andreas-edler.de\/blog\/wp-json\/wp\/v2\/posts"}],"about":[{"href":"https:\/\/www.andreas-edler.de\/blog\/wp-json\/wp\/v2\/types\/post"}],"author":[{"embeddable":true,"href":"https:\/\/www.andreas-edler.de\/blog\/wp-json\/wp\/v2\/users\/1"}],"replies":[{"embeddable":true,"href":"https:\/\/www.andreas-edler.de\/blog\/wp-json\/wp\/v2\/comments?post=159921"}],"version-history":[{"count":0,"href":"https:\/\/www.andreas-edler.de\/blog\/wp-json\/wp\/v2\/posts\/159921\/revisions"}],"wp:attachment":[{"href":"https:\/\/www.andreas-edler.de\/blog\/wp-json\/wp\/v2\/media?parent=159921"}],"wp:term":[{"taxonomy":"category","embeddable":true,"href":"https:\/\/www.andreas-edler.de\/blog\/wp-json\/wp\/v2\/categories?post=159921"},{"taxonomy":"post_tag","embeddable":true,"href":"https:\/\/www.andreas-edler.de\/blog\/wp-json\/wp\/v2\/tags?post=159921"}],"curies":[{"name":"wp","href":"https:\/\/api.w.org\/{rel}","templated":true}]}}