{"id":159912,"date":"2016-05-04T16:31:01","date_gmt":"2016-05-04T14:31:01","guid":{"rendered":"http:\/\/www.andreas-edler.de\/blog\/?p=159912"},"modified":"2016-05-04T16:31:01","modified_gmt":"2016-05-04T14:31:01","slug":"alle-radfahrer-fahren-bei-rot-rueber","status":"publish","type":"post","link":"https:\/\/www.andreas-edler.de\/blog\/2016\/05\/alle-radfahrer-fahren-bei-rot-rueber\/","title":{"rendered":"Alle Radfahrer fahren bei rot r\u00fcber"},"content":{"rendered":"<p>Naja, nicht alle. Tats\u00e4chlich sehe ich ziemlich selten mal jemanden, der &#8222;bei rot&#8220; r\u00fcber huscht. Meist liegt das daran, dass Fahrradampeln einfach kein orange haben und man nicht innerhalb von nichts anhalten kann. Wenn ich mit 20 Km\/h (und das ist nicht schnell) auf eine gr\u00fcne Ampel zu fahre und die springt dann kurz vorher auf rot, dann *kann* ich nicht rechtzeitig anhalten. Punkt. Autoampeln haben orange. Ich als Radfahrer halte mich daran &#8230; Autofahrer ignorieren das oft. <\/p>\n<p style=\"text-align:center;font-size: smaller;\"><iframe loading=\"lazy\" width=\"470\" height=\"264\" src=\"https:\/\/www.youtube-nocookie.com\/embed\/rKPYl126wEo\" frameborder=\"0\" allowfullscreen><\/iframe><\/p>\n","protected":false},"excerpt":{"rendered":"<p>Naja, nicht alle. Tats\u00e4chlich sehe ich ziemlich selten mal jemanden, der &#8222;bei rot&#8220; r\u00fcber huscht. Meist liegt das daran, dass Fahrradampeln einfach kein orange haben und man nicht innerhalb von nichts anhalten kann. Wenn ich mit 20 Km\/h (und das &hellip;<\/p>\n<p class=\"read-more\"> <a class=\"more-link\" href=\"https:\/\/www.andreas-edler.de\/blog\/2016\/05\/alle-radfahrer-fahren-bei-rot-rueber\/\"> <span class=\"screen-reader-text\">Alle Radfahrer fahren bei rot r\u00fcber<\/span> Weiterlesen &raquo;<\/a><\/p>\n","protected":false},"author":1,"featured_media":0,"comment_status":"open","ping_status":"open","sticky":false,"template":"","format":"standard","meta":{"ngg_post_thumbnail":0,"activitypub_content_warning":"","activitypub_content_visibility":"","activitypub_max_image_attachments":2,"activitypub_interaction_policy_quote":"anyone","activitypub_status":"","footnotes":""},"categories":[14,15,13],"tags":[37,63,71,76],"class_list":["post-159912","post","type-post","status-publish","format-standard","hentry","category-bad-oeynhausen","category-fahrrad","category-verkehr","tag-auto","tag-benehmen","tag-regeln","tag-sicherheit"],"share_on_mastodon":{"url":"","error":""},"_links":{"self":[{"href":"https:\/\/www.andreas-edler.de\/blog\/wp-json\/wp\/v2\/posts\/159912","targetHints":{"allow":["GET"]}}],"collection":[{"href":"https:\/\/www.andreas-edler.de\/blog\/wp-json\/wp\/v2\/posts"}],"about":[{"href":"https:\/\/www.andreas-edler.de\/blog\/wp-json\/wp\/v2\/types\/post"}],"author":[{"embeddable":true,"href":"https:\/\/www.andreas-edler.de\/blog\/wp-json\/wp\/v2\/users\/1"}],"replies":[{"embeddable":true,"href":"https:\/\/www.andreas-edler.de\/blog\/wp-json\/wp\/v2\/comments?post=159912"}],"version-history":[{"count":0,"href":"https:\/\/www.andreas-edler.de\/blog\/wp-json\/wp\/v2\/posts\/159912\/revisions"}],"wp:attachment":[{"href":"https:\/\/www.andreas-edler.de\/blog\/wp-json\/wp\/v2\/media?parent=159912"}],"wp:term":[{"taxonomy":"category","embeddable":true,"href":"https:\/\/www.andreas-edler.de\/blog\/wp-json\/wp\/v2\/categories?post=159912"},{"taxonomy":"post_tag","embeddable":true,"href":"https:\/\/www.andreas-edler.de\/blog\/wp-json\/wp\/v2\/tags?post=159912"}],"curies":[{"name":"wp","href":"https:\/\/api.w.org\/{rel}","templated":true}]}}