{"id":159903,"date":"2016-04-30T20:05:03","date_gmt":"2016-04-30T18:05:03","guid":{"rendered":"http:\/\/www.andreas-edler.de\/blog\/?p=159903"},"modified":"2019-12-31T13:16:45","modified_gmt":"2019-12-31T12:16:45","slug":"sram-dualdrive-inne-dutten","status":"publish","type":"post","link":"https:\/\/www.andreas-edler.de\/blog\/2016\/04\/sram-dualdrive-inne-dutten\/","title":{"rendered":"SRAM DualDrive inne Dutten"},"content":{"rendered":"<p>Alex hat vor ein paar Jahren das alte Kettler-Rad meines Onkels bekommen, da dieser altersbedingt nicht mehr damit f\u00e4hrt. Schick mit Vollfederung und gut beieinander. Leider hat es in der letzten im gr\u00f6\u00dften der drei G\u00e4nge des DualDrive gewaltig geklackert. Im ersten und zweiten alles in Ordnung, nur in der gr\u00f6\u00dften \u00dcbersetzung war an entspanntes Fahren nicht zu denken. Also damit zum H\u00e4ndler, der zun\u00e4chst eine gel\u00e4ngte Kette und verschlissene Ritzel diagnostizierte. \u00c4h, nein. Das ist ganz offensichtlich nicht urs\u00e4chlich f\u00fcr die Ger\u00e4usche. Angeblich sei die Kette bei der Probefahrt sogar durchgerutscht &#8230; muss ein anderes Rad gewesen sein, aber nicht das meiner Frau. Nachdem ich erkl\u00e4rt hatte, dass es wohl eher die Nabe sei, blieb das Rad nochmal da, um genauer gecheckt zu werden. Jedoch gleich mit dem Hinweis verbunden, dass ein Tausch der Nabe deutlich \u00fcber dreihundert Euro k\u00e4me und ein Neukauf dann doch wirtschaftlicher sei. <!--more--><\/p>\n<p>Das Rad hat irgendwann angeblich etwas unter 2.000 DM gekostet, also alles andere als Baumarktschrott. Ich denke, man kann da ruhig mal \u00fcber eine neue Schaltung nachdenken. Nach zwei Tagen wurde mir dann best\u00e4tigt, was ich schon wusste: die Nabe ist wohl hin\u00fcber. Man habe aber alles ges\u00e4ubert und zumindest die Kette w\u00fcrde nicht mehr \u00fcberspringen. Weder ist mir ein besonderer Unterschied zu vorher aufgefallen, noch sprang die Kette \u00fcber. Sei&#8217;s drum. Bin ich halt selbst angefangen zu schrauben. <figure id=\"attachment_159904\" aria-describedby=\"caption-attachment-159904\" style=\"width: 470px\" class=\"wp-caption aligncenter\"><a href=\"http:\/\/www.andreas-edler.de\/blog\/wp-content\/uploads\/2016\/04\/20160430_sram_dualdrive.jpg\"><img loading=\"lazy\" decoding=\"async\" src=\"http:\/\/www.andreas-edler.de\/blog\/wp-content\/uploads\/2016\/04\/20160430_sram_dualdrive-470x246.jpg\" alt=\"SRAM Dualdrive zerlegt\" width=\"470\" height=\"246\" class=\"size-large wp-image-159904\" srcset=\"https:\/\/www.andreas-edler.de\/blog\/wp-content\/uploads\/2016\/04\/20160430_sram_dualdrive-470x246.jpg 470w, https:\/\/www.andreas-edler.de\/blog\/wp-content\/uploads\/2016\/04\/20160430_sram_dualdrive-250x131.jpg 250w, https:\/\/www.andreas-edler.de\/blog\/wp-content\/uploads\/2016\/04\/20160430_sram_dualdrive-768x401.jpg 768w, https:\/\/www.andreas-edler.de\/blog\/wp-content\/uploads\/2016\/04\/20160430_sram_dualdrive-100x52.jpg 100w, https:\/\/www.andreas-edler.de\/blog\/wp-content\/uploads\/2016\/04\/20160430_sram_dualdrive-150x78.jpg 150w, https:\/\/www.andreas-edler.de\/blog\/wp-content\/uploads\/2016\/04\/20160430_sram_dualdrive-200x105.jpg 200w, https:\/\/www.andreas-edler.de\/blog\/wp-content\/uploads\/2016\/04\/20160430_sram_dualdrive-300x157.jpg 300w, https:\/\/www.andreas-edler.de\/blog\/wp-content\/uploads\/2016\/04\/20160430_sram_dualdrive-450x235.jpg 450w, https:\/\/www.andreas-edler.de\/blog\/wp-content\/uploads\/2016\/04\/20160430_sram_dualdrive-600x314.jpg 600w, https:\/\/www.andreas-edler.de\/blog\/wp-content\/uploads\/2016\/04\/20160430_sram_dualdrive-900x470.jpg 900w, https:\/\/www.andreas-edler.de\/blog\/wp-content\/uploads\/2016\/04\/20160430_sram_dualdrive.jpg 1280w\" sizes=\"auto, (max-width: 470px) 100vw, 470px\" \/><\/a><figcaption id=\"caption-attachment-159904\" class=\"wp-caption-text\">SRAM Dualdrive zerlegt<\/figcaption><\/figure> Ja, die ist kaputt. Einer der kleinen Mitnehmer ist in der Mitte gebrochen und das Teil fliegt irgendwo rum. Wahrscheinlich weil die l\u00e4ngliche Feder, welche die Mitnehmer an Ort und Stelle halten soll, gerissen ist. Ich kann das nicht reparieren, weil ich keine Ersatzteile und auch keine andere Nabe in den \u00fcblichen Kleinanzeigen gefunden habe. Also habe ich kurzerhand ein komplettes Laufrad inkl. neuer Dualdrive bestellt. Nur die Nabe h\u00e4tte mich knapp 100 \u20ac gekostet. Mit Felge und Speichen fertig zusammengebaut sind es nun 130 \u20ac. Der H\u00e4ndler hat f\u00fcr eine neue Nabe einspeichen schon mal um die 250 \u20ac avisiert. Den Einbau eines fertigen Laufrades bekomme ich gerade noch so hin. Ich hoffe, das passt alles soweit. Sehe ich aber erst \u00fcbern\u00e4chste Woche &#8211; so lange dauert die Lieferung. Bin gespannt.<\/p>\n","protected":false},"excerpt":{"rendered":"<p>Alex hat vor ein paar Jahren das alte Kettler-Rad meines Onkels bekommen, da dieser altersbedingt nicht mehr damit f\u00e4hrt. Schick mit Vollfederung und gut beieinander. Leider hat es in der letzten im gr\u00f6\u00dften der drei G\u00e4nge des DualDrive gewaltig geklackert. &hellip;<\/p>\n<p class=\"read-more\"> <a class=\"more-link\" href=\"https:\/\/www.andreas-edler.de\/blog\/2016\/04\/sram-dualdrive-inne-dutten\/\"> <span class=\"screen-reader-text\">SRAM DualDrive inne Dutten<\/span> Weiterlesen &raquo;<\/a><\/p>\n","protected":false},"author":1,"featured_media":0,"comment_status":"open","ping_status":"open","sticky":false,"template":"","format":"standard","meta":{"ngg_post_thumbnail":0,"activitypub_content_warning":"","activitypub_content_visibility":"","activitypub_max_image_attachments":2,"activitypub_interaction_policy_quote":"anyone","activitypub_status":"","footnotes":""},"categories":[22,15],"tags":[64,33],"class_list":["post-159903","post","type-post","status-publish","format-standard","hentry","category-basteln","category-fahrrad","tag-konsum","tag-service"],"share_on_mastodon":{"url":"","error":""},"_links":{"self":[{"href":"https:\/\/www.andreas-edler.de\/blog\/wp-json\/wp\/v2\/posts\/159903","targetHints":{"allow":["GET"]}}],"collection":[{"href":"https:\/\/www.andreas-edler.de\/blog\/wp-json\/wp\/v2\/posts"}],"about":[{"href":"https:\/\/www.andreas-edler.de\/blog\/wp-json\/wp\/v2\/types\/post"}],"author":[{"embeddable":true,"href":"https:\/\/www.andreas-edler.de\/blog\/wp-json\/wp\/v2\/users\/1"}],"replies":[{"embeddable":true,"href":"https:\/\/www.andreas-edler.de\/blog\/wp-json\/wp\/v2\/comments?post=159903"}],"version-history":[{"count":0,"href":"https:\/\/www.andreas-edler.de\/blog\/wp-json\/wp\/v2\/posts\/159903\/revisions"}],"wp:attachment":[{"href":"https:\/\/www.andreas-edler.de\/blog\/wp-json\/wp\/v2\/media?parent=159903"}],"wp:term":[{"taxonomy":"category","embeddable":true,"href":"https:\/\/www.andreas-edler.de\/blog\/wp-json\/wp\/v2\/categories?post=159903"},{"taxonomy":"post_tag","embeddable":true,"href":"https:\/\/www.andreas-edler.de\/blog\/wp-json\/wp\/v2\/tags?post=159903"}],"curies":[{"name":"wp","href":"https:\/\/api.w.org\/{rel}","templated":true}]}}