{"id":159858,"date":"2016-04-09T23:19:08","date_gmt":"2016-04-09T21:19:08","guid":{"rendered":"http:\/\/www.andreas-edler.de\/blog\/?p=159858"},"modified":"2016-04-09T23:19:08","modified_gmt":"2016-04-09T21:19:08","slug":"holzterrasse-neu-gekaerchert","status":"publish","type":"post","link":"https:\/\/www.andreas-edler.de\/blog\/2016\/04\/holzterrasse-neu-gekaerchert\/","title":{"rendered":"Holzterrasse neu gek\u00e4rchert"},"content":{"rendered":"<p>Im letzten Jahr habe ich die <a href=\"http:\/\/www.andreas-edler.de\/blog\/holzterrasse\/\">Holzterrasse<\/a> gar nicht sauber gemacht. War genug damit besch\u00e4ftigt, das Ding zu erweitern. Der &#8222;alte&#8220; Teil war aber in den eher schattigen Bereichen schon richtig dunkelgr\u00fcn. <figure id=\"attachment_159859\" aria-describedby=\"caption-attachment-159859\" style=\"width: 470px\" class=\"wp-caption aligncenter\"><a href=\"http:\/\/www.andreas-edler.de\/blog\/wp-content\/uploads\/2016\/04\/20160409_moos.jpg\" rel=\"attachment wp-att-159859\"><img loading=\"lazy\" decoding=\"async\" src=\"http:\/\/www.andreas-edler.de\/blog\/wp-content\/uploads\/2016\/04\/20160409_moos-470x201.jpg\" alt=\"Moos unter dem Kirschlorbeer\" width=\"470\" height=\"201\" class=\"size-large wp-image-159859\" srcset=\"https:\/\/www.andreas-edler.de\/blog\/wp-content\/uploads\/2016\/04\/20160409_moos-470x201.jpg 470w, https:\/\/www.andreas-edler.de\/blog\/wp-content\/uploads\/2016\/04\/20160409_moos-250x107.jpg 250w, https:\/\/www.andreas-edler.de\/blog\/wp-content\/uploads\/2016\/04\/20160409_moos-768x328.jpg 768w, https:\/\/www.andreas-edler.de\/blog\/wp-content\/uploads\/2016\/04\/20160409_moos-100x43.jpg 100w, https:\/\/www.andreas-edler.de\/blog\/wp-content\/uploads\/2016\/04\/20160409_moos-150x64.jpg 150w, https:\/\/www.andreas-edler.de\/blog\/wp-content\/uploads\/2016\/04\/20160409_moos-200x85.jpg 200w, https:\/\/www.andreas-edler.de\/blog\/wp-content\/uploads\/2016\/04\/20160409_moos-300x128.jpg 300w, https:\/\/www.andreas-edler.de\/blog\/wp-content\/uploads\/2016\/04\/20160409_moos-450x192.jpg 450w, https:\/\/www.andreas-edler.de\/blog\/wp-content\/uploads\/2016\/04\/20160409_moos-600x256.jpg 600w, https:\/\/www.andreas-edler.de\/blog\/wp-content\/uploads\/2016\/04\/20160409_moos-900x385.jpg 900w, https:\/\/www.andreas-edler.de\/blog\/wp-content\/uploads\/2016\/04\/20160409_moos.jpg 1280w\" sizes=\"auto, (max-width: 470px) 100vw, 470px\" \/><\/a><figcaption id=\"caption-attachment-159859\" class=\"wp-caption-text\">Moos unter dem Kirschlorbeer<\/figcaption><\/figure> <!--more--><br \/>\nSah nicht gut aus und hat mich schon ein bisschen gest\u00f6rt. Heute lag nicht weiter etwas an und darum habe ich recht fr\u00fch den K\u00e4rcher gez\u00fcckt und bin dem Gammel zu Leibe ger\u00fcckt. Wenn man mit der Dreckfr\u00e4se nicht zu nah ans Holz geht und immer sch\u00f6n hin und her schwenkt, klappt das ganz ausgezeichnet. Nass wird man selbst dabei aber zwangsl\u00e4ufig auch. Und dreckig. <figure id=\"attachment_159860\" aria-describedby=\"caption-attachment-159860\" style=\"width: 470px\" class=\"wp-caption aligncenter\"><a href=\"http:\/\/www.andreas-edler.de\/blog\/wp-content\/uploads\/2016\/04\/20160409_kaercher.jpg\" rel=\"attachment wp-att-159860\"><img loading=\"lazy\" decoding=\"async\" src=\"http:\/\/www.andreas-edler.de\/blog\/wp-content\/uploads\/2016\/04\/20160409_kaercher-470x278.jpg\" alt=\"Der K\u00e4rcher auf nassem Holz\" width=\"470\" height=\"278\" class=\"size-large wp-image-159860\" srcset=\"https:\/\/www.andreas-edler.de\/blog\/wp-content\/uploads\/2016\/04\/20160409_kaercher-470x278.jpg 470w, https:\/\/www.andreas-edler.de\/blog\/wp-content\/uploads\/2016\/04\/20160409_kaercher-250x148.jpg 250w, https:\/\/www.andreas-edler.de\/blog\/wp-content\/uploads\/2016\/04\/20160409_kaercher-768x455.jpg 768w, https:\/\/www.andreas-edler.de\/blog\/wp-content\/uploads\/2016\/04\/20160409_kaercher-100x59.jpg 100w, https:\/\/www.andreas-edler.de\/blog\/wp-content\/uploads\/2016\/04\/20160409_kaercher-150x89.jpg 150w, https:\/\/www.andreas-edler.de\/blog\/wp-content\/uploads\/2016\/04\/20160409_kaercher-200x118.jpg 200w, https:\/\/www.andreas-edler.de\/blog\/wp-content\/uploads\/2016\/04\/20160409_kaercher-300x178.jpg 300w, https:\/\/www.andreas-edler.de\/blog\/wp-content\/uploads\/2016\/04\/20160409_kaercher-450x266.jpg 450w, https:\/\/www.andreas-edler.de\/blog\/wp-content\/uploads\/2016\/04\/20160409_kaercher-600x355.jpg 600w, https:\/\/www.andreas-edler.de\/blog\/wp-content\/uploads\/2016\/04\/20160409_kaercher-900x533.jpg 900w, https:\/\/www.andreas-edler.de\/blog\/wp-content\/uploads\/2016\/04\/20160409_kaercher.jpg 1280w\" sizes=\"auto, (max-width: 470px) 100vw, 470px\" \/><\/a><figcaption id=\"caption-attachment-159860\" class=\"wp-caption-text\">Der K\u00e4rcher auf nassem Holz<\/figcaption><\/figure> Zwei Stunden habe ich die Lanze benutzt und wollte ich am Anfang nur direkt vor dem Wintergarten reinigen, habe ich dann doch alles einmal abgespritzt. Danach sah das Holz \u00fcberall wieder gleich aus. Prima, so soll das sein. <figure id=\"attachment_159861\" aria-describedby=\"caption-attachment-159861\" style=\"width: 470px\" class=\"wp-caption aligncenter\"><a href=\"http:\/\/www.andreas-edler.de\/blog\/wp-content\/uploads\/2016\/04\/20160409_sauber.jpg\" rel=\"attachment wp-att-159861\"><img loading=\"lazy\" decoding=\"async\" src=\"http:\/\/www.andreas-edler.de\/blog\/wp-content\/uploads\/2016\/04\/20160409_sauber-470x291.jpg\" alt=\"Der Tisch kann gedeckt werden.\" width=\"470\" height=\"291\" class=\"size-large wp-image-159861\" srcset=\"https:\/\/www.andreas-edler.de\/blog\/wp-content\/uploads\/2016\/04\/20160409_sauber-470x291.jpg 470w, https:\/\/www.andreas-edler.de\/blog\/wp-content\/uploads\/2016\/04\/20160409_sauber-250x155.jpg 250w, https:\/\/www.andreas-edler.de\/blog\/wp-content\/uploads\/2016\/04\/20160409_sauber-768x476.jpg 768w, https:\/\/www.andreas-edler.de\/blog\/wp-content\/uploads\/2016\/04\/20160409_sauber-100x62.jpg 100w, https:\/\/www.andreas-edler.de\/blog\/wp-content\/uploads\/2016\/04\/20160409_sauber-150x93.jpg 150w, https:\/\/www.andreas-edler.de\/blog\/wp-content\/uploads\/2016\/04\/20160409_sauber-200x124.jpg 200w, https:\/\/www.andreas-edler.de\/blog\/wp-content\/uploads\/2016\/04\/20160409_sauber-300x186.jpg 300w, https:\/\/www.andreas-edler.de\/blog\/wp-content\/uploads\/2016\/04\/20160409_sauber-450x279.jpg 450w, https:\/\/www.andreas-edler.de\/blog\/wp-content\/uploads\/2016\/04\/20160409_sauber-600x372.jpg 600w, https:\/\/www.andreas-edler.de\/blog\/wp-content\/uploads\/2016\/04\/20160409_sauber-900x558.jpg 900w, https:\/\/www.andreas-edler.de\/blog\/wp-content\/uploads\/2016\/04\/20160409_sauber.jpg 1280w\" sizes=\"auto, (max-width: 470px) 100vw, 470px\" \/><\/a><figcaption id=\"caption-attachment-159861\" class=\"wp-caption-text\">Der Tisch kann gedeckt werden.<\/figcaption><\/figure><br \/>\nJetzt k\u00f6nnen wir wieder auf sauberem Fu\u00dfboden fr\u00fchst\u00fccken. Dem Kirschlorbeer bin ich auch noch ein bisschen zu Leibe ger\u00fcckt, weil der seine \u00c4ste schon fast einen halben Meter auf die Terrasse h\u00e4ngen lie\u00df. Und danach hat Alex Fiat 500l auch noch Sommerreifen bekommen.<\/p>\n<p>Leider hat das dann alles doch so lange gedauert, dass wir bei <s>Fiat<\/s> Bl\u00f6baum keine W\u00fcrstchen mehr bekommen haben &#8211; ausverkauft. Aber die ersatzweise konsumierte Pizza war fast genauso gut.<\/p>\n","protected":false},"excerpt":{"rendered":"<p>Im letzten Jahr habe ich die Holzterrasse gar nicht sauber gemacht. War genug damit besch\u00e4ftigt, das Ding zu erweitern. Der &#8222;alte&#8220; Teil war aber in den eher schattigen Bereichen schon richtig dunkelgr\u00fcn.<\/p>\n","protected":false},"author":1,"featured_media":0,"comment_status":"open","ping_status":"open","sticky":false,"template":"","format":"standard","meta":{"ngg_post_thumbnail":0,"activitypub_content_warning":"","activitypub_content_visibility":"","activitypub_max_image_attachments":2,"activitypub_interaction_policy_quote":"anyone","activitypub_status":"","footnotes":""},"categories":[22],"tags":[48,31,26],"class_list":["post-159858","post","type-post","status-publish","format-standard","hentry","category-basteln","tag-arbeit","tag-garten","tag-holzterrasse"],"share_on_mastodon":{"url":"","error":""},"_links":{"self":[{"href":"https:\/\/www.andreas-edler.de\/blog\/wp-json\/wp\/v2\/posts\/159858","targetHints":{"allow":["GET"]}}],"collection":[{"href":"https:\/\/www.andreas-edler.de\/blog\/wp-json\/wp\/v2\/posts"}],"about":[{"href":"https:\/\/www.andreas-edler.de\/blog\/wp-json\/wp\/v2\/types\/post"}],"author":[{"embeddable":true,"href":"https:\/\/www.andreas-edler.de\/blog\/wp-json\/wp\/v2\/users\/1"}],"replies":[{"embeddable":true,"href":"https:\/\/www.andreas-edler.de\/blog\/wp-json\/wp\/v2\/comments?post=159858"}],"version-history":[{"count":0,"href":"https:\/\/www.andreas-edler.de\/blog\/wp-json\/wp\/v2\/posts\/159858\/revisions"}],"wp:attachment":[{"href":"https:\/\/www.andreas-edler.de\/blog\/wp-json\/wp\/v2\/media?parent=159858"}],"wp:term":[{"taxonomy":"category","embeddable":true,"href":"https:\/\/www.andreas-edler.de\/blog\/wp-json\/wp\/v2\/categories?post=159858"},{"taxonomy":"post_tag","embeddable":true,"href":"https:\/\/www.andreas-edler.de\/blog\/wp-json\/wp\/v2\/tags?post=159858"}],"curies":[{"name":"wp","href":"https:\/\/api.w.org\/{rel}","templated":true}]}}