{"id":159843,"date":"2016-04-07T20:47:46","date_gmt":"2016-04-07T18:47:46","guid":{"rendered":"http:\/\/www.andreas-edler.de\/blog\/?p=159843"},"modified":"2016-04-08T09:05:54","modified_gmt":"2016-04-08T07:05:54","slug":"schuld-ist-nur-die-radfahrerin","status":"publish","type":"post","link":"https:\/\/www.andreas-edler.de\/blog\/2016\/04\/schuld-ist-nur-die-radfahrerin\/","title":{"rendered":"Schuld ist nur die Radfahrerin"},"content":{"rendered":"<p>Sehr sch\u00f6n pr\u00e4sentiert hier die Polizei in zwei verschiedenen Unfallbeschreibungen in einer einzigen Meldung, dass sie wirklich immer explizit erw\u00e4hnt, wenn Radfahrer sich nicht den Regeln entsprechend verhalten, gleichzeitig den Regelversto\u00df von Autofahrern aber nicht erw\u00e4hnen. Es ist widerlich. <!--more--><br \/>\n<cite>Polizei Mi-L\u00fc vom 31.03.2016: <b><a href=\"http:\/\/www.presseportal.de\/blaulicht\/pm\/43553\/3289574\">Zwei Fahrradfahrerinnen bei Unf\u00e4llen verletzt <\/a><\/b><br \/>\nBad Oeynhausen (ots) &#8211; Bei zwei Verkehrsunf\u00e4llen im Innenstadtgebiet von Bad Oeynhausen zogen sich am Mittwoch zwei Fahrradfahrerinnen Verletzungen zu. W\u00e4hrend sich eine leicht verletzte, musste die Zweite station\u00e4r im Krankenhaus verbleiben.<br \/>\n<br \/>\nDer erste Unfall ereignete sich gegen 6.22 Uhr bei Regen an der Ecke Westkorso und Herforder Stra\u00dfe. Dort wollte ein 20-j\u00e4hriger L\u00f6hner mit seinem Seat vom Westkorso nach links auf die Herforder Stra\u00dfe abbiegen. Hier fuhr aber schon eine L\u00f6hnerin (45) mit ihrem Fahrrad in Richtung Innenstadt. So kam es zum Zusammensto\u00df der beiden. Die 45-J\u00e4hrige zog sich Beinverletzungen zu und wurde in Krankenhaus Bad Oeynhausen verbracht. Der Sachschaden wurde auf rund 3.000 Euro gesch\u00e4tzt.<br \/>\n<br \/>\nDen Parkplatz eines Einkaufsmarktes in der Stra\u00dfe &#8222;Alter Rehmer Weg&#8220; wollte gegen 16.45 Uhr eine 39-J\u00e4hrige mit ihrem Toyota Yaris nach rechts in Richtung Mindener Stra\u00dfe verlassen. Hier kam ihr ebenfalls von rechts kommend eine Radfahrerin entgegen. Diese nutzte verbotswidrig den Fu\u00dfweg in die falsche Richtung. So kam es zur Kollision. Die 62-J\u00e4hrige zog sich dabei leichte Verletzungen zu. Auf zirka 600 Euro wurde der Sachschaden taxiert. <\/cite> Im ersten Fall hat der L\u00f6hner Autofahrer der Frau auf dem Fahrrad ganz schlicht und ergreifend die Vorfahrt genommen. Die Herforder Stra\u00dfe ist entsprechend beschildert, der Westkorso auch. Die Polizei formuliert es so, als sei es eine Selbstverst\u00e4ndlichkeit, dass es zu einem Zusammensto\u00df kommt, wenn man mit dem Fahrrad unterwegs ist: &#8222;&#8230; So kam es zum Zusammensto\u00df &#8230;&#8220;. Kein Wort davon, dass der Autofahrer die Vorfahrt missachtet hat!<\/p>\n<p>Im zweiten Fall wird explizit darauf hingewiesen, dass die Radfahrerin verbotswidrig den Fu\u00dfweg in die falsche Richtung nutzte. <del datetime=\"2016-04-08\" style=\"font-size: x-small;\">Nun ist es dort so, dass die Mindener Stra\u00dfe auf jeder Seite einen benutzungspflichtigen Radweg hat. Daneben der Fu\u00dfweg, getrennt durch unterschiedliche Oberfl\u00e4chen &#8211; man kennt diesen Mist. Wom\u00f6glich war die Radfahrerin dann sogar auf dem Fu\u00dfwegteil unterwegs. Allerdings bezweifle ich, dass es einen gro\u00dfen Unterschied gemacht h\u00e4tte, w\u00e4re die Frau 20 Zentimeter weiter rechts auf dem Radwegteil gefahren. Tats\u00e4chlich glaube ich, dass die Polizei das gar nicht bewusst wahrgenommen hat und einfach &#8222;Fu\u00dfweg&#8220; geschrieben hat. Wie dem auch sei, die Mindener Stra\u00dfe<\/del> Ich hatte vorschnell geschlussfolgert, es w\u00e4re eine Ausfahrt zur Mindener genommen worden, weil die Gesch\u00e4fte dort zwischen Mindener Stra\u00dfe und Alter Rehmer Weg liegen. Der Meldung nach hat sich das aber auf dem Alten Rehmer Weg abgespielt, der eine Tempo-30-Zone ohne Radweg ist. Wie dem auch sei, auch dieser ist vorfahrtberechtigt und es gibt dazu <a href=\"http:\/\/www.n-tv.de\/ratgeber\/Fahrradfahrer-haben-Vorfahrt-article13982786.html\">das ein<\/a> <a href=\"http:\/\/www.juraexamen.info\/lg-wuppertal-vorfahrt-trotz-nutzung-eines-radwegs-in-falscher-richtung\/\">oder<\/a> <a href=\"http:\/\/www.eunterwegs.de\/ratgeber-und-tipps\/urteile\/urteil-vorfahrt-fur-radfahrer-auch-bei-fahrt-in-falsche-richtung\/\">andere Urteil<\/a>. Auch im zweiten Fall hat die Radfahrerin also Vorfahrt gehabt (wom\u00f6glich mit Teilschuld). Mit keinem Wort erw\u00e4hnt die Polizei, dass man als Autofahrer *immer* damit rechnen muss, dass von rechts jemand mit dem Rad\/Rollator\/Skateboard\/Laufrad kommt. Auf etlichen Stra\u00dfen in Bad Oeynhausen ist diese &#8222;verbotswidrige&#8220; Nutzung des Geh-\/Radweges sogar vorgeschrieben. Und es geht ja auch nicht darum, die Schuld oder Nichtschuld der Radfahrerin herauszufinden, nein, es wird ausdr\u00fccklich erw\u00e4hnt, die Radfahrerin hat sich verbotswidrig verhalten &#8211; und bei Autofahrer\/innen nicht!<\/p>\n<p>Wann werden endlich mal die Gef\u00e4hrder durch die Polizei sensibilisiert? Wann benennt die Polizei endlich die Ursachen f\u00fcr Unf\u00e4lle? Wann wird darauf hingewiesen, dass die Autofahrer in den weitaus meisten F\u00e4llen der Unf\u00e4lle mit Beteiligung von Radfahrern die Verursacher sind?<\/p>\n","protected":false},"excerpt":{"rendered":"<p>Sehr sch\u00f6n pr\u00e4sentiert hier die Polizei in zwei verschiedenen Unfallbeschreibungen in einer einzigen Meldung, dass sie wirklich immer explizit erw\u00e4hnt, wenn Radfahrer sich nicht den Regeln entsprechend verhalten, gleichzeitig den Regelversto\u00df von Autofahrern aber nicht erw\u00e4hnen. Es ist widerlich.<\/p>\n","protected":false},"author":1,"featured_media":0,"comment_status":"open","ping_status":"open","sticky":false,"template":"","format":"standard","meta":{"ngg_post_thumbnail":0,"activitypub_content_warning":"","activitypub_content_visibility":"","activitypub_max_image_attachments":2,"activitypub_interaction_policy_quote":"anyone","activitypub_status":"","footnotes":""},"categories":[14,15,45,13],"tags":[37,110,34,127,59,71],"class_list":["post-159843","post","type-post","status-publish","format-standard","hentry","category-bad-oeynhausen","category-fahrrad","category-politik","category-verkehr","tag-auto","tag-fahrradfreundliche-stadt","tag-kommunikation","tag-polizei","tag-presse","tag-regeln"],"share_on_mastodon":{"url":"","error":""},"_links":{"self":[{"href":"https:\/\/www.andreas-edler.de\/blog\/wp-json\/wp\/v2\/posts\/159843","targetHints":{"allow":["GET"]}}],"collection":[{"href":"https:\/\/www.andreas-edler.de\/blog\/wp-json\/wp\/v2\/posts"}],"about":[{"href":"https:\/\/www.andreas-edler.de\/blog\/wp-json\/wp\/v2\/types\/post"}],"author":[{"embeddable":true,"href":"https:\/\/www.andreas-edler.de\/blog\/wp-json\/wp\/v2\/users\/1"}],"replies":[{"embeddable":true,"href":"https:\/\/www.andreas-edler.de\/blog\/wp-json\/wp\/v2\/comments?post=159843"}],"version-history":[{"count":0,"href":"https:\/\/www.andreas-edler.de\/blog\/wp-json\/wp\/v2\/posts\/159843\/revisions"}],"wp:attachment":[{"href":"https:\/\/www.andreas-edler.de\/blog\/wp-json\/wp\/v2\/media?parent=159843"}],"wp:term":[{"taxonomy":"category","embeddable":true,"href":"https:\/\/www.andreas-edler.de\/blog\/wp-json\/wp\/v2\/categories?post=159843"},{"taxonomy":"post_tag","embeddable":true,"href":"https:\/\/www.andreas-edler.de\/blog\/wp-json\/wp\/v2\/tags?post=159843"}],"curies":[{"name":"wp","href":"https:\/\/api.w.org\/{rel}","templated":true}]}}