{"id":159802,"date":"2016-03-30T14:11:20","date_gmt":"2016-03-30T12:11:20","guid":{"rendered":"http:\/\/www.andreas-edler.de\/blog\/?p=159802"},"modified":"2016-03-30T14:11:20","modified_gmt":"2016-03-30T12:11:20","slug":"bernhard-hoecker-erklaert-warum-fluechtlinge-kein-problem-sind","status":"publish","type":"post","link":"https:\/\/www.andreas-edler.de\/blog\/2016\/03\/bernhard-hoecker-erklaert-warum-fluechtlinge-kein-problem-sind\/","title":{"rendered":"Bernhard Ho\u00ebcker erkl\u00e4rt, warum Fl\u00fcchtlinge kein Problem sind"},"content":{"rendered":"<p>Und genau so ist es!<\/p>\n<div id=\"fb-root\"><\/div>\n<p><script>(function(d, s, id) {  var js, fjs = d.getElementsByTagName(s)[0];  if (d.getElementById(id)) return;  js = d.createElement(s); js.id = id;  js.src = \"\/\/connect.facebook.net\/de_DE\/sdk.js#xfbml=1&version=v2.3\";  fjs.parentNode.insertBefore(js, fjs);}(document, 'script', 'facebook-jssdk'));<\/script><\/p>\n<div class=\"fb-video\" data-allowfullscreen=\"1\" data-href=\"https:\/\/www.facebook.com\/ndrtalkshow\/videos\/1046869092026588\/\">\n<div class=\"fb-xfbml-parse-ignore\">\n<blockquote cite=\"https:\/\/www.facebook.com\/ndrtalkshow\/videos\/1046869092026588\/\"><p><a href=\"https:\/\/www.facebook.com\/ndrtalkshow\/videos\/1046869092026588\/\"><\/a><\/p>\n<p>Auf mehrfache Nachfrage hier noch einmal Bernhard Hoecker, der f\u00fcr einen ganz besonderen Moment in der letzten NDR Talk Show sorgte.<\/p>\n<p>Posted by <a href=\"https:\/\/www.facebook.com\/ndrtalkshow\/\">NDR Talk Show<\/a> on Dienstag, 29. M\u00e4rz 2016<\/p><\/blockquote>\n<\/div>\n<\/div>\n","protected":false},"excerpt":{"rendered":"<p>Und genau so ist es! Auf mehrfache Nachfrage hier noch einmal Bernhard Hoecker, der f\u00fcr einen ganz besonderen Moment in der letzten NDR Talk Show sorgte. Posted by NDR Talk Show on Dienstag, 29. M\u00e4rz 2016<\/p>\n","protected":false},"author":1,"featured_media":0,"comment_status":"open","ping_status":"open","sticky":false,"template":"","format":"standard","meta":{"ngg_post_thumbnail":0,"activitypub_content_warning":"","activitypub_content_visibility":"","activitypub_max_image_attachments":2,"activitypub_interaction_policy_quote":"anyone","activitypub_status":"","footnotes":""},"categories":[45],"tags":[229],"class_list":["post-159802","post","type-post","status-publish","format-standard","hentry","category-politik","tag-fluechtlinge"],"share_on_mastodon":{"url":"","error":""},"_links":{"self":[{"href":"https:\/\/www.andreas-edler.de\/blog\/wp-json\/wp\/v2\/posts\/159802","targetHints":{"allow":["GET"]}}],"collection":[{"href":"https:\/\/www.andreas-edler.de\/blog\/wp-json\/wp\/v2\/posts"}],"about":[{"href":"https:\/\/www.andreas-edler.de\/blog\/wp-json\/wp\/v2\/types\/post"}],"author":[{"embeddable":true,"href":"https:\/\/www.andreas-edler.de\/blog\/wp-json\/wp\/v2\/users\/1"}],"replies":[{"embeddable":true,"href":"https:\/\/www.andreas-edler.de\/blog\/wp-json\/wp\/v2\/comments?post=159802"}],"version-history":[{"count":0,"href":"https:\/\/www.andreas-edler.de\/blog\/wp-json\/wp\/v2\/posts\/159802\/revisions"}],"wp:attachment":[{"href":"https:\/\/www.andreas-edler.de\/blog\/wp-json\/wp\/v2\/media?parent=159802"}],"wp:term":[{"taxonomy":"category","embeddable":true,"href":"https:\/\/www.andreas-edler.de\/blog\/wp-json\/wp\/v2\/categories?post=159802"},{"taxonomy":"post_tag","embeddable":true,"href":"https:\/\/www.andreas-edler.de\/blog\/wp-json\/wp\/v2\/tags?post=159802"}],"curies":[{"name":"wp","href":"https:\/\/api.w.org\/{rel}","templated":true}]}}