{"id":159712,"date":"2016-02-09T18:48:26","date_gmt":"2016-02-09T17:48:26","guid":{"rendered":"http:\/\/www.andreas-edler.de\/blog\/?p=159712"},"modified":"2016-02-09T18:09:26","modified_gmt":"2016-02-09T17:09:26","slug":"zerstoerte-randbefestigungen","status":"publish","type":"post","link":"https:\/\/www.andreas-edler.de\/blog\/2016\/02\/zerstoerte-randbefestigungen\/","title":{"rendered":"Zerst\u00f6rte Randbefestigungen"},"content":{"rendered":"<p>Die wenigen benutzungspflichtigen Radwege in Bad Oeynhausen sind weitgehend in einem erb\u00e4rmlichen Zustand und die Benutzungspflicht ist eher fragw\u00fcrdig. Wenn man dann auf der Fahrbahn f\u00e4hrt, gibt&#8217;s Mecker von etlichen Autofahrern. Ich habe Anfang Januar, als es hier tats\u00e4chlich mal kalt war und Schnee lag, an der Eidinghausener die Fahrbahn benutzt und danach dann Diskussionen mit Arbeitskollegen. &#8222;Wir Radfahrer&#8220; halten uns eh nie an Regeln und fahren nie auf Radwegen! Wie Autofahrer die Rad- und Gehwege nutzen, hatte ich hier auch schon mehrfach im Blog. Ein sch\u00f6nes Beispiel kann man zur Zeit auch an der Eidinghausener vor dem La Scala sehen. <figure id=\"attachment_159713\" aria-describedby=\"caption-attachment-159713\" style=\"width: 470px\" class=\"wp-caption aligncenter\"><a href=\"http:\/\/www.andreas-edler.de\/blog\/wp-content\/uploads\/2016\/02\/20160209_steinstrasse_la_scala.jpg\" rel=\"attachment wp-att-159713\"><img loading=\"lazy\" decoding=\"async\" src=\"http:\/\/www.andreas-edler.de\/blog\/wp-content\/uploads\/2016\/02\/20160209_steinstrasse_la_scala-470x287.jpg\" alt=\"Was behindert diese doofe Poller auch die Autofahrer!\" width=\"470\" height=\"287\" class=\"size-large wp-image-159713\" srcset=\"https:\/\/www.andreas-edler.de\/blog\/wp-content\/uploads\/2016\/02\/20160209_steinstrasse_la_scala-470x287.jpg 470w, https:\/\/www.andreas-edler.de\/blog\/wp-content\/uploads\/2016\/02\/20160209_steinstrasse_la_scala-250x153.jpg 250w, https:\/\/www.andreas-edler.de\/blog\/wp-content\/uploads\/2016\/02\/20160209_steinstrasse_la_scala-768x469.jpg 768w, https:\/\/www.andreas-edler.de\/blog\/wp-content\/uploads\/2016\/02\/20160209_steinstrasse_la_scala-100x61.jpg 100w, https:\/\/www.andreas-edler.de\/blog\/wp-content\/uploads\/2016\/02\/20160209_steinstrasse_la_scala-150x92.jpg 150w, https:\/\/www.andreas-edler.de\/blog\/wp-content\/uploads\/2016\/02\/20160209_steinstrasse_la_scala-200x122.jpg 200w, https:\/\/www.andreas-edler.de\/blog\/wp-content\/uploads\/2016\/02\/20160209_steinstrasse_la_scala-300x183.jpg 300w, https:\/\/www.andreas-edler.de\/blog\/wp-content\/uploads\/2016\/02\/20160209_steinstrasse_la_scala-450x275.jpg 450w, https:\/\/www.andreas-edler.de\/blog\/wp-content\/uploads\/2016\/02\/20160209_steinstrasse_la_scala-600x366.jpg 600w, https:\/\/www.andreas-edler.de\/blog\/wp-content\/uploads\/2016\/02\/20160209_steinstrasse_la_scala-900x549.jpg 900w, https:\/\/www.andreas-edler.de\/blog\/wp-content\/uploads\/2016\/02\/20160209_steinstrasse_la_scala.jpg 1280w\" sizes=\"auto, (max-width: 470px) 100vw, 470px\" \/><\/a><figcaption id=\"caption-attachment-159713\" class=\"wp-caption-text\">Was behindert diese doofe Poller auch die Autofahrer!<\/figcaption><\/figure> <!--more--> Echt bl\u00f6d, dass da so ein Poller steht. Dann muss man als Autofahrer eben die Randbepflanzung kaputt fahren. Wie soll es sonst anders gehen? Warum das offensichtlich h\u00e4ufiger passiert wei\u00df ich nicht. Ich habe jedenfalls einmal einen KFZ-Fahrer erlebt, der sein Fahrzeug neben dem Poller entlang zirkelte, um danach nach rechts in die Stra\u00dfe &#8222;Hinter&#8217;m Gradierweg&#8220; abzubiegen und so den Rechtsabbiegestau auf der Eidinghausener zu umfahren. War wahrscheinlich dringend.<\/p>\n<p>Genauso eilig, wie es die LKW- und Autofahrer auf der Werster Stra\u00dfe haben. Warten ist unm\u00f6glich. Ich hatte das hier <a href=\"http:\/\/www.andreas-edler.de\/blog\/2015\/12\/randbefestigung-kaputt-gefahren\/\">vor Wochen schon<\/a> mal. <figure id=\"attachment_159714\" aria-describedby=\"caption-attachment-159714\" style=\"width: 470px\" class=\"wp-caption aligncenter\"><a href=\"http:\/\/www.andreas-edler.de\/blog\/wp-content\/uploads\/2016\/02\/20160209_werster_strasse_auf_der_hude.jpg\" rel=\"attachment wp-att-159714\"><img loading=\"lazy\" decoding=\"async\" src=\"http:\/\/www.andreas-edler.de\/blog\/wp-content\/uploads\/2016\/02\/20160209_werster_strasse_auf_der_hude-470x214.jpg\" alt=\"Werster Stra\u00dfe an der Einm\u00fcndung Auf der Hude\" width=\"470\" height=\"214\" class=\"size-large wp-image-159714\" srcset=\"https:\/\/www.andreas-edler.de\/blog\/wp-content\/uploads\/2016\/02\/20160209_werster_strasse_auf_der_hude-470x214.jpg 470w, https:\/\/www.andreas-edler.de\/blog\/wp-content\/uploads\/2016\/02\/20160209_werster_strasse_auf_der_hude-250x114.jpg 250w, https:\/\/www.andreas-edler.de\/blog\/wp-content\/uploads\/2016\/02\/20160209_werster_strasse_auf_der_hude-768x349.jpg 768w, https:\/\/www.andreas-edler.de\/blog\/wp-content\/uploads\/2016\/02\/20160209_werster_strasse_auf_der_hude-100x45.jpg 100w, https:\/\/www.andreas-edler.de\/blog\/wp-content\/uploads\/2016\/02\/20160209_werster_strasse_auf_der_hude-150x68.jpg 150w, https:\/\/www.andreas-edler.de\/blog\/wp-content\/uploads\/2016\/02\/20160209_werster_strasse_auf_der_hude-200x91.jpg 200w, https:\/\/www.andreas-edler.de\/blog\/wp-content\/uploads\/2016\/02\/20160209_werster_strasse_auf_der_hude-300x136.jpg 300w, https:\/\/www.andreas-edler.de\/blog\/wp-content\/uploads\/2016\/02\/20160209_werster_strasse_auf_der_hude-450x205.jpg 450w, https:\/\/www.andreas-edler.de\/blog\/wp-content\/uploads\/2016\/02\/20160209_werster_strasse_auf_der_hude-600x273.jpg 600w, https:\/\/www.andreas-edler.de\/blog\/wp-content\/uploads\/2016\/02\/20160209_werster_strasse_auf_der_hude-900x409.jpg 900w, https:\/\/www.andreas-edler.de\/blog\/wp-content\/uploads\/2016\/02\/20160209_werster_strasse_auf_der_hude.jpg 1280w\" sizes=\"auto, (max-width: 470px) 100vw, 470px\" \/><\/a><figcaption id=\"caption-attachment-159714\" class=\"wp-caption-text\">Werster Stra\u00dfe an der Einm\u00fcndung Auf der Hude<\/figcaption><\/figure> Seitdem ist es nicht besser geworden. Nun liegt neben dem umgefahren Stra\u00dfenbegrenzungspfahl auch noch die Decke eines geplatzen LKW-Reifens dort in der Gegend rum. Und die Kante der Fahrbahn br\u00f6ckelt auch immer weiter ab. Das Loch wir immer tiefer, der Wall wird immer weiter Richtung Geh- \/ Radweg gedr\u00fcckt. <figure id=\"attachment_159718\" aria-describedby=\"caption-attachment-159718\" style=\"width: 470px\" class=\"wp-caption aligncenter\"><a href=\"http:\/\/www.andreas-edler.de\/blog\/wp-content\/uploads\/2016\/02\/20160209_werster_strasse_auf_der_hude_teich.jpg\" rel=\"attachment wp-att-159718\"><img loading=\"lazy\" decoding=\"async\" src=\"http:\/\/www.andreas-edler.de\/blog\/wp-content\/uploads\/2016\/02\/20160209_werster_strasse_auf_der_hude_teich-470x302.jpg\" alt=\"Br\u00f6ckelnde Asphaltdecke\" width=\"470\" height=\"302\" class=\"size-large wp-image-159718\" srcset=\"https:\/\/www.andreas-edler.de\/blog\/wp-content\/uploads\/2016\/02\/20160209_werster_strasse_auf_der_hude_teich-470x302.jpg 470w, https:\/\/www.andreas-edler.de\/blog\/wp-content\/uploads\/2016\/02\/20160209_werster_strasse_auf_der_hude_teich-250x161.jpg 250w, https:\/\/www.andreas-edler.de\/blog\/wp-content\/uploads\/2016\/02\/20160209_werster_strasse_auf_der_hude_teich-768x493.jpg 768w, https:\/\/www.andreas-edler.de\/blog\/wp-content\/uploads\/2016\/02\/20160209_werster_strasse_auf_der_hude_teich-100x64.jpg 100w, https:\/\/www.andreas-edler.de\/blog\/wp-content\/uploads\/2016\/02\/20160209_werster_strasse_auf_der_hude_teich-150x96.jpg 150w, https:\/\/www.andreas-edler.de\/blog\/wp-content\/uploads\/2016\/02\/20160209_werster_strasse_auf_der_hude_teich-200x128.jpg 200w, https:\/\/www.andreas-edler.de\/blog\/wp-content\/uploads\/2016\/02\/20160209_werster_strasse_auf_der_hude_teich-300x193.jpg 300w, https:\/\/www.andreas-edler.de\/blog\/wp-content\/uploads\/2016\/02\/20160209_werster_strasse_auf_der_hude_teich-450x289.jpg 450w, https:\/\/www.andreas-edler.de\/blog\/wp-content\/uploads\/2016\/02\/20160209_werster_strasse_auf_der_hude_teich-600x385.jpg 600w, https:\/\/www.andreas-edler.de\/blog\/wp-content\/uploads\/2016\/02\/20160209_werster_strasse_auf_der_hude_teich-900x578.jpg 900w, https:\/\/www.andreas-edler.de\/blog\/wp-content\/uploads\/2016\/02\/20160209_werster_strasse_auf_der_hude_teich.jpg 1280w\" sizes=\"auto, (max-width: 470px) 100vw, 470px\" \/><\/a><figcaption id=\"caption-attachment-159718\" class=\"wp-caption-text\">Br\u00f6ckelnde Asphaltdecke<\/figcaption><\/figure> Letzten Donnerstag habe ich im Ausschuss f\u00fcr Stadtentwicklung diese Stelle erw\u00e4hnt und darum gebeten, dass man das Ausweichen \u00fcber die Randbefestigung doch irgendwie baulich verhindern m\u00f6ge. Das geht nicht? Doch klar, wird ja an der Eidinghausener und Steinstra\u00dfe auch gemacht &#8230; Festen Stahlpfosten hin und gut ist! Nur dass sie diesmal am Rand des motorisierten Verkehrs stehen und nicht mitten im Weg des Radfahrers!<\/p>\n","protected":false},"excerpt":{"rendered":"<p>Die wenigen benutzungspflichtigen Radwege in Bad Oeynhausen sind weitgehend in einem erb\u00e4rmlichen Zustand und die Benutzungspflicht ist eher fragw\u00fcrdig. Wenn man dann auf der Fahrbahn f\u00e4hrt, gibt&#8217;s Mecker von etlichen Autofahrern. Ich habe Anfang Januar, als es hier tats\u00e4chlich mal &hellip;<\/p>\n<p class=\"read-more\"> <a class=\"more-link\" href=\"https:\/\/www.andreas-edler.de\/blog\/2016\/02\/zerstoerte-randbefestigungen\/\"> <span class=\"screen-reader-text\">Zerst\u00f6rte Randbefestigungen<\/span> Weiterlesen &raquo;<\/a><\/p>\n","protected":false},"author":1,"featured_media":0,"comment_status":"open","ping_status":"open","sticky":false,"template":"","format":"standard","meta":{"ngg_post_thumbnail":0,"activitypub_content_warning":"","activitypub_content_visibility":"","activitypub_max_image_attachments":2,"activitypub_interaction_policy_quote":"anyone","activitypub_status":"","footnotes":""},"categories":[14,15,13],"tags":[237,37,63,71,79,72],"class_list":["post-159712","post","type-post","status-publish","format-standard","hentry","category-bad-oeynhausen","category-fahrrad","category-verkehr","tag-ausschuss-fuer-stadtentwicklung","tag-auto","tag-benehmen","tag-regeln","tag-stadtwerke","tag-verwaltung"],"share_on_mastodon":{"url":"","error":""},"_links":{"self":[{"href":"https:\/\/www.andreas-edler.de\/blog\/wp-json\/wp\/v2\/posts\/159712","targetHints":{"allow":["GET"]}}],"collection":[{"href":"https:\/\/www.andreas-edler.de\/blog\/wp-json\/wp\/v2\/posts"}],"about":[{"href":"https:\/\/www.andreas-edler.de\/blog\/wp-json\/wp\/v2\/types\/post"}],"author":[{"embeddable":true,"href":"https:\/\/www.andreas-edler.de\/blog\/wp-json\/wp\/v2\/users\/1"}],"replies":[{"embeddable":true,"href":"https:\/\/www.andreas-edler.de\/blog\/wp-json\/wp\/v2\/comments?post=159712"}],"version-history":[{"count":0,"href":"https:\/\/www.andreas-edler.de\/blog\/wp-json\/wp\/v2\/posts\/159712\/revisions"}],"wp:attachment":[{"href":"https:\/\/www.andreas-edler.de\/blog\/wp-json\/wp\/v2\/media?parent=159712"}],"wp:term":[{"taxonomy":"category","embeddable":true,"href":"https:\/\/www.andreas-edler.de\/blog\/wp-json\/wp\/v2\/categories?post=159712"},{"taxonomy":"post_tag","embeddable":true,"href":"https:\/\/www.andreas-edler.de\/blog\/wp-json\/wp\/v2\/tags?post=159712"}],"curies":[{"name":"wp","href":"https:\/\/api.w.org\/{rel}","templated":true}]}}