{"id":159676,"date":"2016-01-24T20:23:38","date_gmt":"2016-01-24T19:23:38","guid":{"rendered":"http:\/\/www.andreas-edler.de\/blog\/?p=159676"},"modified":"2016-01-24T20:23:38","modified_gmt":"2016-01-24T19:23:38","slug":"absteigen-am-zebrastreifen","status":"publish","type":"post","link":"https:\/\/www.andreas-edler.de\/blog\/2016\/01\/absteigen-am-zebrastreifen\/","title":{"rendered":"Absteigen am Zebrastreifen?"},"content":{"rendered":"<p>Die Polizei in Minden-L\u00fcbbecke verwirrt mich mal wieder mit einer Pressemeldung. Ein Radfahrer wird von einer Autofahrerin angefahren. Soweit verst\u00e4ndlich. Allerdings l\u00e4sst sich die Meldung nicht genau dar\u00fcber aus, wo das geschehen ist. <cite>Polizei Minden-L\u00fcbbecke am 12.01.2016: <b><a href=\"http:\/\/www.presseportal.de\/blaulicht\/pm\/43553\/3223060\">Radfahrer (16) bei Kollision mit Pkw verletzt <\/a><\/b><br \/>\nBei einer Kollision mit einem Auto ist am Dienstagmorgen in Rahden auf der Eisenbahnstra\u00dfe ein 16-j\u00e4hriger Radfahrer verletzt worden.<br \/>\n<br \/>\nEine 22-j\u00e4hrige Autofahrerin war den Ermittlungen der Polizei zufolge gegen 7.40 Uhr aus Richtung der Weher Stra\u00dfe kommend auf der Eisenbahnstra\u00dfe in s\u00fcdlicher Richtung unterwegs. Als sie sich kurz vor einem Fu\u00dfg\u00e4nger\u00fcberweg befand, n\u00e4herte sich aus ihrer Sicht von links kommend der Jugendliche. Der soll laut Zeugenaussagen vom Geh- und Radweg entlang der Eisenbahnstra\u00dfe mit seinem Fahrrad den \u00dcberweg \u00fcberquert haben, ohne dabei abzusteigen. Vergeblich versuchte die Autofahrerin noch durch ein Bremsman\u00f6ver den Zusammensto\u00df zu verhindern. <\/cite><!--more--> Zun\u00e4chst einmal wurde der Radfahrer verletzt. Das ist ja nicht selbstverst\u00e4ndlich, denn meist verletzten sich diese in den Pressemeldungen der Polizei selbst. Allerdings erw\u00e4hnt die Polizei mal wieder, der Radfahrer sei auf dem Zebrastreifen nicht abgestiegen. Nun, das muss er auch nicht. Er hat dann unter Umst\u00e4nden keinen Vorrang &#8211; was eine Autofahrerin nat\u00fcrlich trotzdem nicht animieren sollte, ihn anzufahren.<\/p>\n<p>Entscheidend ist aber: ich finde auf Google-Maps auf der Eisenbahnstra\u00dfe s\u00fcdlich der Weher Stra\u00dfe keinen Zebrastreifen. Au\u00dfer dem im Kreisel eben an der Kreuzung Weher Stra\u00dfe mit der Eisenbahnstra\u00dfe. Und der Junge war aussagegem\u00e4\u00df auf dem Geh-\/Radweg unterwegs. Der Beschreibung nach ist der Junge also wom\u00f6glich im Kreisel dem Radweg gefolgt &#8230; und h\u00e4tte dann Vorfahrt gehabt! Zumindest dann, wenn die Frau wie beschrieben aus Richtung Weher Stra\u00dfe in den Kreisel eingefahren ist und ihn in die Eisenbahnstra\u00dfe verlassen wollte. Wie gesagt, ergibt sich aus der Pressemeldung nicht, aber ich finde sonst keinen Zebrastreifen.<\/p>\n<p>Vielleicht kann mir ein Rahdener da mehr zu sagen. Wenn es so ist, hat sich die Polizei mit der Darstellung des Vorgangs selbst \u00fcbertroffen. Eins ist aber sicher: egal wie und wo es gewesen ist, Radfahrer m\u00fcssen auf Zebrastreifen nicht absteigen. Da beisst die Maus keinen Faden ab!<\/p>\n","protected":false},"excerpt":{"rendered":"<p>Die Polizei in Minden-L\u00fcbbecke verwirrt mich mal wieder mit einer Pressemeldung. Ein Radfahrer wird von einer Autofahrerin angefahren. Soweit verst\u00e4ndlich. Allerdings l\u00e4sst sich die Meldung nicht genau dar\u00fcber aus, wo das geschehen ist. Polizei Minden-L\u00fcbbecke am 12.01.2016: Radfahrer (16) bei &hellip;<\/p>\n<p class=\"read-more\"> <a class=\"more-link\" href=\"https:\/\/www.andreas-edler.de\/blog\/2016\/01\/absteigen-am-zebrastreifen\/\"> <span class=\"screen-reader-text\">Absteigen am Zebrastreifen?<\/span> Weiterlesen &raquo;<\/a><\/p>\n","protected":false},"author":1,"featured_media":0,"comment_status":"open","ping_status":"open","sticky":false,"template":"","format":"standard","meta":{"ngg_post_thumbnail":0,"activitypub_content_warning":"","activitypub_content_visibility":"","activitypub_max_image_attachments":2,"activitypub_interaction_policy_quote":"anyone","activitypub_status":"","footnotes":""},"categories":[15,13],"tags":[34,127,59,71],"class_list":["post-159676","post","type-post","status-publish","format-standard","hentry","category-fahrrad","category-verkehr","tag-kommunikation","tag-polizei","tag-presse","tag-regeln"],"share_on_mastodon":{"url":"","error":""},"_links":{"self":[{"href":"https:\/\/www.andreas-edler.de\/blog\/wp-json\/wp\/v2\/posts\/159676","targetHints":{"allow":["GET"]}}],"collection":[{"href":"https:\/\/www.andreas-edler.de\/blog\/wp-json\/wp\/v2\/posts"}],"about":[{"href":"https:\/\/www.andreas-edler.de\/blog\/wp-json\/wp\/v2\/types\/post"}],"author":[{"embeddable":true,"href":"https:\/\/www.andreas-edler.de\/blog\/wp-json\/wp\/v2\/users\/1"}],"replies":[{"embeddable":true,"href":"https:\/\/www.andreas-edler.de\/blog\/wp-json\/wp\/v2\/comments?post=159676"}],"version-history":[{"count":0,"href":"https:\/\/www.andreas-edler.de\/blog\/wp-json\/wp\/v2\/posts\/159676\/revisions"}],"wp:attachment":[{"href":"https:\/\/www.andreas-edler.de\/blog\/wp-json\/wp\/v2\/media?parent=159676"}],"wp:term":[{"taxonomy":"category","embeddable":true,"href":"https:\/\/www.andreas-edler.de\/blog\/wp-json\/wp\/v2\/categories?post=159676"},{"taxonomy":"post_tag","embeddable":true,"href":"https:\/\/www.andreas-edler.de\/blog\/wp-json\/wp\/v2\/tags?post=159676"}],"curies":[{"name":"wp","href":"https:\/\/api.w.org\/{rel}","templated":true}]}}