{"id":159645,"date":"2016-01-12T17:48:50","date_gmt":"2016-01-12T16:48:50","guid":{"rendered":"http:\/\/www.andreas-edler.de\/blog\/?p=159645"},"modified":"2016-01-12T17:50:32","modified_gmt":"2016-01-12T16:50:32","slug":"dreckspack","status":"publish","type":"post","link":"https:\/\/www.andreas-edler.de\/blog\/2016\/01\/dreckspack\/","title":{"rendered":"Dreckspack"},"content":{"rendered":"<p>Ich trage beim Radfahren eine Brille. Ansonsten tr\u00e4nen mir nach nicht mal einem Kilometer die Augen, mit der Folge, dass die Augenwinkel brennen und die Haut dort schnell wund wird. Ist so. Mein Favorit ist die sehr g\u00fcnstige <a href=\"http:\/\/www.andreas-edler.de\/blog\/2013\/12\/fahrradbrille-uvex-sgl-204\/\">Uvex SGL 204<\/a>. Seit Jahren klemme ich meine Brille vorne an die Bowdenz\u00fcge, wenn ich das Rad abstelle und Besorgungen mache. Neulich auf dem Weihnachtsmarkt habe ich sie zusammen mit den Klett-Hosenb\u00e4ndern in die kleine Satteltasche gesteckt, weil ich dachte, bei dem Menschenauflauf des Weihnachtsmarktes muss ich das ja nicht am Lenker lassen. Als ich zur\u00fcck kam, war die Satteltasche ge\u00f6ffnet, ausger\u00e4umt und der Inhalt in den Hecken verstreut. OK, lohnt also die M\u00fche nicht.<br \/>\n<!--more--><br \/>\nEben habe ich das Rad &#8217;ne Dreiviertelstunde vor der Sparkasse in der Neustadt abgestellt und irgendein Vollhonk hat die Brille &#8211; die ich wie immer vorne an den Lenker geklemmt habe &#8211; mitgenommen. Was reitet jemanden, eine verschwitzte, dreckige, an den B\u00fcgeln abgewetzte Brille zu klauen? Die war eh kurz vor&#8217;m Austausch, aber es \u00e4rgert mich trotzdem. Und nein &#8222;Nimm&#8216; sie doch mit!&#8220; ist kein Argument, man darf trotzdem nicht klauen. Ich k\u00e4me auch gar nicht auf die Idee einfach irgendwo was mitzunehmen, nur weil es nicht angekettet ist. Und alle die &#8222;Selbst Schuld, nimm&#8216; es doch mit!&#8220; sagen leisten dem Diebstahl auch noch Vorschub. Denn der Umkehrschluss von &#8222;Wer m\u00f6chte, dass es nicht geklaut wird, nimmt es mit!&#8220; ist &#8222;Alles was noch da ist, darf jeder mitnehmen!&#8220;. Das ist eben nicht der richtige Weg. Wegschlie\u00dfen, verbieten, abriegeln. Das ist genauso wie jemanden zu raten, nicht in die Disco zu gehen, weil er dort K.O.-Tropfen ins Getr\u00e4nk bekommen k\u00f6nnte.<\/p>\n<p>Ich fahre auch nicht mit den regelm\u00e4\u00dfig mit laufendem Motor vor der Post abgestellten Autos weg, bei denen der Fahrer &#8222;nur kurz&#8220; einen Brief abgibt. Ich nehme auch die Zuckerstreuer drau\u00dfen auf den Tischen der Caf\u00e9s nicht mit und selbstverst\u00e4ndlich nicht die Zeitungen am Kiosk drau\u00dfen in der Auslage. Die sind alle nicht angekettet und abgeschlossen. Was ist das nur f\u00fcr ein d\u00e4mliches Pack, welches da (unter anderem) rum l\u00e4uft? <\/p>\n","protected":false},"excerpt":{"rendered":"<p>Ich trage beim Radfahren eine Brille. Ansonsten tr\u00e4nen mir nach nicht mal einem Kilometer die Augen, mit der Folge, dass die Augenwinkel brennen und die Haut dort schnell wund wird. Ist so. Mein Favorit ist die sehr g\u00fcnstige Uvex SGL &hellip;<\/p>\n<p class=\"read-more\"> <a class=\"more-link\" href=\"https:\/\/www.andreas-edler.de\/blog\/2016\/01\/dreckspack\/\"> <span class=\"screen-reader-text\">Dreckspack<\/span> Weiterlesen &raquo;<\/a><\/p>\n","protected":false},"author":1,"featured_media":0,"comment_status":"open","ping_status":"open","sticky":false,"template":"","format":"standard","meta":{"ngg_post_thumbnail":0,"activitypub_content_warning":"","activitypub_content_visibility":"","activitypub_max_image_attachments":2,"activitypub_interaction_policy_quote":"anyone","activitypub_status":"","footnotes":""},"categories":[14,18],"tags":[63],"class_list":["post-159645","post","type-post","status-publish","format-standard","hentry","category-bad-oeynhausen","category-fraglich","tag-benehmen"],"share_on_mastodon":{"url":"","error":""},"_links":{"self":[{"href":"https:\/\/www.andreas-edler.de\/blog\/wp-json\/wp\/v2\/posts\/159645","targetHints":{"allow":["GET"]}}],"collection":[{"href":"https:\/\/www.andreas-edler.de\/blog\/wp-json\/wp\/v2\/posts"}],"about":[{"href":"https:\/\/www.andreas-edler.de\/blog\/wp-json\/wp\/v2\/types\/post"}],"author":[{"embeddable":true,"href":"https:\/\/www.andreas-edler.de\/blog\/wp-json\/wp\/v2\/users\/1"}],"replies":[{"embeddable":true,"href":"https:\/\/www.andreas-edler.de\/blog\/wp-json\/wp\/v2\/comments?post=159645"}],"version-history":[{"count":0,"href":"https:\/\/www.andreas-edler.de\/blog\/wp-json\/wp\/v2\/posts\/159645\/revisions"}],"wp:attachment":[{"href":"https:\/\/www.andreas-edler.de\/blog\/wp-json\/wp\/v2\/media?parent=159645"}],"wp:term":[{"taxonomy":"category","embeddable":true,"href":"https:\/\/www.andreas-edler.de\/blog\/wp-json\/wp\/v2\/categories?post=159645"},{"taxonomy":"post_tag","embeddable":true,"href":"https:\/\/www.andreas-edler.de\/blog\/wp-json\/wp\/v2\/tags?post=159645"}],"curies":[{"name":"wp","href":"https:\/\/api.w.org\/{rel}","templated":true}]}}