{"id":159641,"date":"2016-01-06T22:21:15","date_gmt":"2016-01-06T21:21:15","guid":{"rendered":"http:\/\/www.andreas-edler.de\/blog\/?p=159641"},"modified":"2016-01-06T22:21:15","modified_gmt":"2016-01-06T21:21:15","slug":"aus-zwei-mach-eins-und-es-klappt-sogar","status":"publish","type":"post","link":"https:\/\/www.andreas-edler.de\/blog\/2016\/01\/aus-zwei-mach-eins-und-es-klappt-sogar\/","title":{"rendered":"Aus zwei mach eins &#8230; und es klappt sogar"},"content":{"rendered":"<p>Vor dreieinhalb Jahren habe ich mir <a href=\"http:\/\/www.andreas-edler.de\/blog\/2012\/08\/nexus-7\/\">das 2012er Nexus 7<\/a> gekauft und war damit richtig gut zufrieden. Klein, leicht, praktisch. Feines Tablet. Leider hielt die Freude nicht lange, <a href=\"http:\/\/www.andreas-edler.de\/blog\/2015\/04\/nexus-7-2012-das-wars-dann-wohl\/\">irgendwann blieb&#8217;s einfach schwarz<\/a>. Seitdem lag&#8217;s so rum :-\/ Ich kann ja nichts wegschmei\u00dfen &#8211; vor allen Dingen dann nicht, wenn ich daf\u00fcr Zubeh\u00f6r habe. Dockingstation, Tastatur im Nexus 7 Look &#8230; liegt hier alles rum. Habe also immer mal wieder in Online-Flohm\u00e4rkten nach defekten Nexus geschaut &#8211; wurde \u00fcber den Jahreswechsel sogar f\u00fcndig und mit dem Verk\u00e4ufer handelseinig. <!--more--><br \/>\n<figure id=\"attachment_159642\" aria-describedby=\"caption-attachment-159642\" style=\"width: 470px\" class=\"wp-caption aligncenter\"><a href=\"http:\/\/www.andreas-edler.de\/blog\/wp-content\/uploads\/2016\/01\/20160106_nexus-7_zerlegt.jpg\" rel=\"attachment wp-att-159642\"><img loading=\"lazy\" decoding=\"async\" src=\"http:\/\/www.andreas-edler.de\/blog\/wp-content\/uploads\/2016\/01\/20160106_nexus-7_zerlegt-470x239.jpg\" alt=\"Zwei Nexus 7 teilzerlegt\" width=\"470\" height=\"239\" class=\"size-large wp-image-159642\" srcset=\"https:\/\/www.andreas-edler.de\/blog\/wp-content\/uploads\/2016\/01\/20160106_nexus-7_zerlegt-470x239.jpg 470w, https:\/\/www.andreas-edler.de\/blog\/wp-content\/uploads\/2016\/01\/20160106_nexus-7_zerlegt-250x127.jpg 250w, https:\/\/www.andreas-edler.de\/blog\/wp-content\/uploads\/2016\/01\/20160106_nexus-7_zerlegt-768x391.jpg 768w, https:\/\/www.andreas-edler.de\/blog\/wp-content\/uploads\/2016\/01\/20160106_nexus-7_zerlegt-100x51.jpg 100w, https:\/\/www.andreas-edler.de\/blog\/wp-content\/uploads\/2016\/01\/20160106_nexus-7_zerlegt-150x76.jpg 150w, https:\/\/www.andreas-edler.de\/blog\/wp-content\/uploads\/2016\/01\/20160106_nexus-7_zerlegt-200x102.jpg 200w, https:\/\/www.andreas-edler.de\/blog\/wp-content\/uploads\/2016\/01\/20160106_nexus-7_zerlegt-300x153.jpg 300w, https:\/\/www.andreas-edler.de\/blog\/wp-content\/uploads\/2016\/01\/20160106_nexus-7_zerlegt-450x229.jpg 450w, https:\/\/www.andreas-edler.de\/blog\/wp-content\/uploads\/2016\/01\/20160106_nexus-7_zerlegt-600x306.jpg 600w, https:\/\/www.andreas-edler.de\/blog\/wp-content\/uploads\/2016\/01\/20160106_nexus-7_zerlegt-900x458.jpg 900w, https:\/\/www.andreas-edler.de\/blog\/wp-content\/uploads\/2016\/01\/20160106_nexus-7_zerlegt.jpg 1280w\" sizes=\"auto, (max-width: 470px) 100vw, 470px\" \/><\/a><figcaption id=\"caption-attachment-159642\" class=\"wp-caption-text\">Zwei Nexus 7 teilzerlegt<\/figcaption><\/figure> Dann wollen wir mal los legen. Ich hatte das kaputte Nexus schon mal auseinandergenommen, ist nicht schwer. Und ich wollte ja auch nicht das Display auseinanderprukeln, sondern nur das Mainboard tauschen. Mit dem Werkzeug welches ich noch von der <a href=\"http:\/\/www.andreas-edler.de\/blog\/2015\/10\/neues-display-fuer-das-nexus-4\/\">Reparatur des Nexus 4<\/a> hatte, ging das super fix. Danach alles wieder zusammenklipsen. <figure id=\"attachment_159643\" aria-describedby=\"caption-attachment-159643\" style=\"width: 470px\" class=\"wp-caption aligncenter\"><a href=\"http:\/\/www.andreas-edler.de\/blog\/wp-content\/uploads\/2016\/01\/20160106_nexus-7_laeuft.jpg\" rel=\"attachment wp-att-159643\"><img loading=\"lazy\" decoding=\"async\" src=\"http:\/\/www.andreas-edler.de\/blog\/wp-content\/uploads\/2016\/01\/20160106_nexus-7_laeuft-470x229.jpg\" alt=\"Nexus 7 in alter Pracht\" width=\"470\" height=\"229\" class=\"size-large wp-image-159643\" srcset=\"https:\/\/www.andreas-edler.de\/blog\/wp-content\/uploads\/2016\/01\/20160106_nexus-7_laeuft-470x229.jpg 470w, https:\/\/www.andreas-edler.de\/blog\/wp-content\/uploads\/2016\/01\/20160106_nexus-7_laeuft-250x122.jpg 250w, https:\/\/www.andreas-edler.de\/blog\/wp-content\/uploads\/2016\/01\/20160106_nexus-7_laeuft-768x374.jpg 768w, https:\/\/www.andreas-edler.de\/blog\/wp-content\/uploads\/2016\/01\/20160106_nexus-7_laeuft-100x49.jpg 100w, https:\/\/www.andreas-edler.de\/blog\/wp-content\/uploads\/2016\/01\/20160106_nexus-7_laeuft-150x73.jpg 150w, https:\/\/www.andreas-edler.de\/blog\/wp-content\/uploads\/2016\/01\/20160106_nexus-7_laeuft-200x98.jpg 200w, https:\/\/www.andreas-edler.de\/blog\/wp-content\/uploads\/2016\/01\/20160106_nexus-7_laeuft-300x146.jpg 300w, https:\/\/www.andreas-edler.de\/blog\/wp-content\/uploads\/2016\/01\/20160106_nexus-7_laeuft-450x219.jpg 450w, https:\/\/www.andreas-edler.de\/blog\/wp-content\/uploads\/2016\/01\/20160106_nexus-7_laeuft-600x293.jpg 600w, https:\/\/www.andreas-edler.de\/blog\/wp-content\/uploads\/2016\/01\/20160106_nexus-7_laeuft-900x439.jpg 900w, https:\/\/www.andreas-edler.de\/blog\/wp-content\/uploads\/2016\/01\/20160106_nexus-7_laeuft.jpg 1280w\" sizes=\"auto, (max-width: 470px) 100vw, 470px\" \/><\/a><figcaption id=\"caption-attachment-159643\" class=\"wp-caption-text\">Nexus 7 in alter Pracht<\/figcaption><\/figure> Den Einschaltknopf gedr\u00fcckt &#8230; Spannung &#8230; der Google-Schriftzug erscheint, die bunten Punkte tanzen umeinander und das Android-Logo wird angezeigt. Prima, hat geklappt :-) <\/p>\n","protected":false},"excerpt":{"rendered":"<p>Vor dreieinhalb Jahren habe ich mir das 2012er Nexus 7 gekauft und war damit richtig gut zufrieden. Klein, leicht, praktisch. Feines Tablet. Leider hielt die Freude nicht lange, irgendwann blieb&#8217;s einfach schwarz. Seitdem lag&#8217;s so rum :-\/ Ich kann ja &hellip;<\/p>\n<p class=\"read-more\"> <a class=\"more-link\" href=\"https:\/\/www.andreas-edler.de\/blog\/2016\/01\/aus-zwei-mach-eins-und-es-klappt-sogar\/\"> <span class=\"screen-reader-text\">Aus zwei mach eins &#8230; und es klappt sogar<\/span> Weiterlesen &raquo;<\/a><\/p>\n","protected":false},"author":1,"featured_media":0,"comment_status":"open","ping_status":"open","sticky":false,"template":"","format":"standard","meta":{"ngg_post_thumbnail":0,"activitypub_content_warning":"","activitypub_content_visibility":"","activitypub_max_image_attachments":2,"activitypub_interaction_policy_quote":"anyone","activitypub_status":"","footnotes":""},"categories":[22],"tags":[107,49,235,46],"class_list":["post-159641","post","type-post","status-publish","format-standard","hentry","category-basteln","tag-android","tag-hardware","tag-nexus","tag-technik"],"share_on_mastodon":{"url":"","error":""},"_links":{"self":[{"href":"https:\/\/www.andreas-edler.de\/blog\/wp-json\/wp\/v2\/posts\/159641","targetHints":{"allow":["GET"]}}],"collection":[{"href":"https:\/\/www.andreas-edler.de\/blog\/wp-json\/wp\/v2\/posts"}],"about":[{"href":"https:\/\/www.andreas-edler.de\/blog\/wp-json\/wp\/v2\/types\/post"}],"author":[{"embeddable":true,"href":"https:\/\/www.andreas-edler.de\/blog\/wp-json\/wp\/v2\/users\/1"}],"replies":[{"embeddable":true,"href":"https:\/\/www.andreas-edler.de\/blog\/wp-json\/wp\/v2\/comments?post=159641"}],"version-history":[{"count":0,"href":"https:\/\/www.andreas-edler.de\/blog\/wp-json\/wp\/v2\/posts\/159641\/revisions"}],"wp:attachment":[{"href":"https:\/\/www.andreas-edler.de\/blog\/wp-json\/wp\/v2\/media?parent=159641"}],"wp:term":[{"taxonomy":"category","embeddable":true,"href":"https:\/\/www.andreas-edler.de\/blog\/wp-json\/wp\/v2\/categories?post=159641"},{"taxonomy":"post_tag","embeddable":true,"href":"https:\/\/www.andreas-edler.de\/blog\/wp-json\/wp\/v2\/tags?post=159641"}],"curies":[{"name":"wp","href":"https:\/\/api.w.org\/{rel}","templated":true}]}}