{"id":159481,"date":"2015-11-20T21:48:00","date_gmt":"2015-11-20T20:48:00","guid":{"rendered":"http:\/\/www.andreas-edler.de\/blog\/?p=159481"},"modified":"2015-11-21T12:41:43","modified_gmt":"2015-11-21T11:41:43","slug":"leider-noch-keine-100-mbit-fuer-uns","status":"publish","type":"post","link":"https:\/\/www.andreas-edler.de\/blog\/2015\/11\/leider-noch-keine-100-mbit-fuer-uns\/","title":{"rendered":"Leider (noch) keine 100 Mbit f\u00fcr uns"},"content":{"rendered":"<p>Nachdem ich heute morgen einen Termin am Amtsgericht Herford hatte, war ich doch ein bisschen gestresst und bin daher etwas fr\u00fcher ins Wochenende gegangen. Wollte im T-Punkt im Werrepark vorbei schauen, um bei einigen Anschl\u00fcssen der Familie was anzuleiern. Bei meinem Onkel kommen statt 16Mbit nur 3Mbit an &#8211; Upload ist aber mit 2,4Mbit auf Vollausschlag. Das reicht f\u00fcr VoIP, aber richtig ist es ja trotzdem nicht. Die Nachbarn &#8211; weiter vom Kasten an der Stra\u00dfe entfernt &#8211; bekommen die vollen 16Mbit. Und die Fritzbox meldet auch ungew\u00f6hnlich viele Fehler auf Vermittlungsseite. &#8222;Nun, da m\u00fcsse ich eine St\u00f6rung melden!&#8220; beschied mir der Mitarbeiter der Telekom, auf den ich gute 20 Minuten gewartet habe. Prima, genau deshalb bin ich ja dort vorstellig geworden. Leider muss das aber der Anschlussinhaber machen, da k\u00f6nne er nichts tun! Gut, ich habe sogar schon f\u00fcr meine Friseurin aus deren Laden bei der Hotline St\u00f6rungen gemeldet und mache das ansonsten auch f\u00fcr den Rest der Familie, aber direkt vor Ort m\u00fcsste mein \u00fcber 80 Jahre alter Oheim direkt antanzen. Klar, so geht das! <!--more--><\/p>\n<p>Als n\u00e4chstes wollte ich f\u00fcr meine Schwester im tiefsten Oberbecksen fragen, ob dort von ISDN auf VoIP umgestellt werden und im Zuge dessen auch von der verbesserten Infrastruktur profitiert k\u00f6nne. Das Kundencenter bot &#8222;bis zu 6 Mbit&#8220; an, wollte aber aufgrund von Mindestvertragslaufzeiten nicht. Da die Telekom aber schon in Oberbecksen angerufen hat und einen Wechsel am Telefon verkaufen wollte, dachte ich &#8211; naiv wie ich bin &#8211; das k\u00f6nne man im T-Punkt beauftragen. Aber nein, Mindestvertragslaufzeit ist Mindestvertragslaufzeit. Und das die Telekom alle Kunden gerne auf VoIP umstellen m\u00f6chte, sei dem Berater dort auch neu. Davon wei\u00df er nichts. Aber es m\u00fcsste doch nach dem Ausbau in Oeynhausen deutlich schneller sein als &#8230; wait &#8230; als er nachgeschaut hat, erkannte er, dass 6 Mbit dort wohl doch das optimistische Maximum seien. Wozu muss man die Randgebiete auch mit schnellem Internet versorgen? Hauptsache in der Zeitung steht, dass es jetzt \u00fcberall 100 Mbit gibt! Sie h\u00e4tte \u00fcbrigens wechseln k\u00f6nnen, wenn sie Entertain per Satellit dazu genommen h\u00e4tte. Klar, wenn&#8217;s teurer wird, geht alles &#8211; so geht das.<\/p>\n<p>Zu guter Letzt traute ich mich noch, nach meinem eigenen Vertrag zu fragen. Aber auch hier schaute ich in die R\u00f6hre. Denn ich habe mich vor knapp zwei Jahren bequatschen lassen, auf VoIP umzustellen. Leider ist die Mindestvertragslaufzeit f\u00fcr den damals g\u00fcnstig abgeschlossenen Vertrag mit Entertain noch nicht abgelaufen. Ich habe zwar nicht mal einen Receiver und \u00fcber Laptop habe ich nicht einen Film komplett per Entertain geschaut, aber wechseln auf 100 Mbit kann ich trotzdem nur, wenn ich den 10 Euro teureren Vertrag inkl. Entertain nehme. Ansonsten muss ich warten. Klar, Vertrag ist Vertrag. Aber ich h\u00e4tte auch den gleich teureren ohne Entertain &#8211; also schnellere Leitung bei weniger Leistung &#8211; genommen. Das geht aber nicht. <\/p>\n<p>Drei Anliegen, dreimal nichts beschickt. Ich bin ein wirklich zufriedener Kunde :-\/ Ich kann sogar fast alles nachvollziehen &#8211; die St\u00f6rungssache nicht &#8211; aber die Art und Weise wie dort kommuniziert wird, bringt mich jedesmal auf die Palme! Und nicht nur mich. Der Kunde vor mir, welcher seinen Speedport innerhalb der Garantiezeit reklamieren wollte, ist auch fast explodiert, weil der T-Mitarbeiter eine Rechnung nicht als Liefernachweis akzeptierte. Ich habe das Gespr\u00e4ch zwangsl\u00e4ufig mitbekommen &#8211; war ja laut genug &#8211; und w\u00e4re da auch sehr grantig geworden.<\/p>\n","protected":false},"excerpt":{"rendered":"<p>Nachdem ich heute morgen einen Termin am Amtsgericht Herford hatte, war ich doch ein bisschen gestresst und bin daher etwas fr\u00fcher ins Wochenende gegangen. Wollte im T-Punkt im Werrepark vorbei schauen, um bei einigen Anschl\u00fcssen der Familie was anzuleiern. Bei &hellip;<\/p>\n<p class=\"read-more\"> <a class=\"more-link\" href=\"https:\/\/www.andreas-edler.de\/blog\/2015\/11\/leider-noch-keine-100-mbit-fuer-uns\/\"> <span class=\"screen-reader-text\">Leider (noch) keine 100 Mbit f\u00fcr uns<\/span> Weiterlesen &raquo;<\/a><\/p>\n","protected":false},"author":1,"featured_media":0,"comment_status":"open","ping_status":"open","sticky":false,"template":"","format":"standard","meta":{"ngg_post_thumbnail":0,"activitypub_content_warning":"","activitypub_content_visibility":"","activitypub_max_image_attachments":2,"activitypub_interaction_policy_quote":"anyone","activitypub_status":"","footnotes":""},"categories":[14,22],"tags":[200,145,64,46,43],"class_list":["post-159481","post","type-post","status-publish","format-standard","hentry","category-bad-oeynhausen","category-basteln","tag-dsl","tag-internet","tag-konsum","tag-technik","tag-telekom"],"share_on_mastodon":{"url":"","error":""},"_links":{"self":[{"href":"https:\/\/www.andreas-edler.de\/blog\/wp-json\/wp\/v2\/posts\/159481","targetHints":{"allow":["GET"]}}],"collection":[{"href":"https:\/\/www.andreas-edler.de\/blog\/wp-json\/wp\/v2\/posts"}],"about":[{"href":"https:\/\/www.andreas-edler.de\/blog\/wp-json\/wp\/v2\/types\/post"}],"author":[{"embeddable":true,"href":"https:\/\/www.andreas-edler.de\/blog\/wp-json\/wp\/v2\/users\/1"}],"replies":[{"embeddable":true,"href":"https:\/\/www.andreas-edler.de\/blog\/wp-json\/wp\/v2\/comments?post=159481"}],"version-history":[{"count":0,"href":"https:\/\/www.andreas-edler.de\/blog\/wp-json\/wp\/v2\/posts\/159481\/revisions"}],"wp:attachment":[{"href":"https:\/\/www.andreas-edler.de\/blog\/wp-json\/wp\/v2\/media?parent=159481"}],"wp:term":[{"taxonomy":"category","embeddable":true,"href":"https:\/\/www.andreas-edler.de\/blog\/wp-json\/wp\/v2\/categories?post=159481"},{"taxonomy":"post_tag","embeddable":true,"href":"https:\/\/www.andreas-edler.de\/blog\/wp-json\/wp\/v2\/tags?post=159481"}],"curies":[{"name":"wp","href":"https:\/\/api.w.org\/{rel}","templated":true}]}}