{"id":159359,"date":"2015-10-08T21:15:35","date_gmt":"2015-10-08T19:15:35","guid":{"rendered":"http:\/\/www.andreas-edler.de\/blog\/?p=159359"},"modified":"2015-10-08T21:15:35","modified_gmt":"2015-10-08T19:15:35","slug":"pfosten-sollen-versetzt-werden","status":"publish","type":"post","link":"https:\/\/www.andreas-edler.de\/blog\/2015\/10\/pfosten-sollen-versetzt-werden\/","title":{"rendered":"Pfosten sollen versetzt werden"},"content":{"rendered":"<div class=\"bild\" style=\"font-size: smaller;\"><img decoding=\"async\" src=\"http:\/\/www.andreas-edler.de\/grafik\/logo_rad.png\" alt=\"Logo: Fahrrad\" title=\"Logo: Fahrrad\" width=\"250\" border=\"0\"><\/div>\n<p> Die tragenden Pfosten im &#8222;<a href=\"http:\/\/www.andreas-edler.de\/blog\/2010\/04\/tod-durch-sperrpfosten\/\">Todestunnel<\/a>&#8220; unter der Mindener Stra\u00dfe sollen jetzt endlich versetzt werden. Hat ja nur fast 6 Jahre gedauert, bis wom\u00f6glich eingesehen wurde, dass es so nicht so gut geht. Nachdem dort die Frau gestorben ist, sagte mir ein damaliger Mitarbeiter der Verwaltung noch, er k\u00f6nne dort keinerlei Gefahrenstelle bemerken. War mir damals schleierhaft, wie man zu dieser Einsch\u00e4tzung gelangen konnte.<br \/>\n<!--more--><br \/>\nNun sieht man es <a href=\"http:\/\/www.andreas-edler.de\/blog\/2015\/09\/erneut-unfall-im-sueltebuschtunnel\/\">nach dem letzten Unfall<\/a> in der Verwaltung gl\u00fccklicher- und vern\u00fcnftigerweise anders und daher rief mich gestern die Neue Westf\u00e4lische an, um ein Statement f\u00fcr <a href=\"http:\/\/www.nw.de\/lokal\/kreis_minden_luebbecke\/bad_oeynhausen\/bad_oeynhausen\/20590792_Pfeiler-koennen-versetzt-werden.html\">den Artikel zum Thema<\/a> zu bekommen. Das habe ich auch abgegeben <cite>\u201eWir hoffen jetzt auf eine schnelle Umsetzung\u201c, sagen J\u00f6rg Zander und Andreas Edler.<\/cite> Was J\u00f6rg gesagt hat, wei\u00df ich nicht, der war nicht mit mir am Telefon und ich bin nat\u00fcrlich schon der Meinung, dass dort schnell was passieren soll. Gesagt habe ich allerdings auf die Frage, ob das Versetzen der Pfosten eine L\u00f6sung sei, mit der ich leben k\u00f6nnte, dass ich ohne die Pl\u00e4ne zu kennen nicht in Jubel ausbrechen k\u00f6nnte. Ausdr\u00fccklich habe ich gesagt, dass die Pfeiler direkt an der Kante der Treppe nicht mehr st\u00f6rend w\u00e4ren und mir das dann reicht. Und wenn die Pfeiler nur ein bisschen nach Westen versetzt werden, dann ist es zwar besser aber immer noch nicht richtig gut. Kann ich aber alles nicht beurteilen, weil ich die Pl\u00e4ne nicht kenne! Von einer Hoffnung auf schnelle Umsetzung habe ich soweit ich mich erinnere allerdings kein Wort verloren &#8211; die ist aber selbstverst\u00e4ndlich, denn nicht nur ich weise schon jahrelang auf das \u00dcbel hin. <\/p>\n<p>Gut, dass nun was passiert. <\/p>\n","protected":false},"excerpt":{"rendered":"<p>Die tragenden Pfosten im &#8222;Todestunnel&#8220; unter der Mindener Stra\u00dfe sollen jetzt endlich versetzt werden. Hat ja nur fast 6 Jahre gedauert, bis wom\u00f6glich eingesehen wurde, dass es so nicht so gut geht. Nachdem dort die Frau gestorben ist, sagte mir &hellip;<\/p>\n<p class=\"read-more\"> <a class=\"more-link\" href=\"https:\/\/www.andreas-edler.de\/blog\/2015\/10\/pfosten-sollen-versetzt-werden\/\"> <span class=\"screen-reader-text\">Pfosten sollen versetzt werden<\/span> Weiterlesen &raquo;<\/a><\/p>\n","protected":false},"author":1,"featured_media":0,"comment_status":"open","ping_status":"open","sticky":false,"template":"","format":"standard","meta":{"ngg_post_thumbnail":0,"activitypub_content_warning":"","activitypub_content_visibility":"","activitypub_max_image_attachments":2,"activitypub_interaction_policy_quote":"anyone","activitypub_status":"","footnotes":""},"categories":[14,15,13],"tags":[34,59,72],"class_list":["post-159359","post","type-post","status-publish","format-standard","hentry","category-bad-oeynhausen","category-fahrrad","category-verkehr","tag-kommunikation","tag-presse","tag-verwaltung"],"share_on_mastodon":{"url":"","error":""},"_links":{"self":[{"href":"https:\/\/www.andreas-edler.de\/blog\/wp-json\/wp\/v2\/posts\/159359","targetHints":{"allow":["GET"]}}],"collection":[{"href":"https:\/\/www.andreas-edler.de\/blog\/wp-json\/wp\/v2\/posts"}],"about":[{"href":"https:\/\/www.andreas-edler.de\/blog\/wp-json\/wp\/v2\/types\/post"}],"author":[{"embeddable":true,"href":"https:\/\/www.andreas-edler.de\/blog\/wp-json\/wp\/v2\/users\/1"}],"replies":[{"embeddable":true,"href":"https:\/\/www.andreas-edler.de\/blog\/wp-json\/wp\/v2\/comments?post=159359"}],"version-history":[{"count":0,"href":"https:\/\/www.andreas-edler.de\/blog\/wp-json\/wp\/v2\/posts\/159359\/revisions"}],"wp:attachment":[{"href":"https:\/\/www.andreas-edler.de\/blog\/wp-json\/wp\/v2\/media?parent=159359"}],"wp:term":[{"taxonomy":"category","embeddable":true,"href":"https:\/\/www.andreas-edler.de\/blog\/wp-json\/wp\/v2\/categories?post=159359"},{"taxonomy":"post_tag","embeddable":true,"href":"https:\/\/www.andreas-edler.de\/blog\/wp-json\/wp\/v2\/tags?post=159359"}],"curies":[{"name":"wp","href":"https:\/\/api.w.org\/{rel}","templated":true}]}}