{"id":159261,"date":"2015-09-06T15:03:55","date_gmt":"2015-09-06T13:03:55","guid":{"rendered":"http:\/\/www.andreas-edler.de\/blog\/?p=159261"},"modified":"2015-09-07T10:21:08","modified_gmt":"2015-09-07T08:21:08","slug":"exkursion-auf-dem-radschnellweg","status":"publish","type":"post","link":"https:\/\/www.andreas-edler.de\/blog\/2015\/09\/exkursion-auf-dem-radschnellweg\/","title":{"rendered":"Exkursion auf dem Radschnellweg"},"content":{"rendered":"<div class=\"bild\" style=\"font-size: smaller;\"><img decoding=\"async\" src=\"http:\/\/www.andreas-edler.de\/grafik\/logo_rad.png\" alt=\"Logo: Fahrrad\" title=\"Logo: Fahrrad\" width=\"250\" border=\"0\"><\/div>\n<p> Gestern war zu einer Befahrung der geplanten Trasse des &#8222;<a href=\"http:\/\/www.andreas-edler.de\/blog\/2013\/06\/fahrradwerbefahrt-radschnellweg-minden-bielefeld\/\">Radschnellweg OWL<\/a>&#8220; geladen. Die Bezeichnung ist den Beteiligten auch durchaus wichtig, den es handelt sich mitnichten um eine &#8222;Autobahn f\u00fcr Fahrr\u00e4der&#8220;, wie es die Redakteurin einer Lokalzeitung offensichtlich in Unkenntnis der Intention und Auswirkungen formuliert hat. Ich habe \u00fcber den Weg hier <a href=\"http:\/\/www.andreas-edler.de\/blog\/2013\/11\/radschnellweg-durch-bad-oeynhausen\/\">schon ein<\/a> <a href=\"http:\/\/www.andreas-edler.de\/blog\/2014\/08\/radschnellweg-auf-eis\/\">paar Mal<\/a> <a href=\"http:\/\/www.andreas-edler.de\/blog\/2014\/12\/vergabe-der-machbarkeitsstudie-zum-radschnellweg-beschlossen\/\">berichtet<\/a>. Ich hatte zun\u00e4chst keine Einladung, nachdem Organisation wie der ADFC schon eine solche bekommen hatten und wir \u00fcberlegten, wie ich dar\u00fcber mitfahren k\u00f6nnte. In der Ratspost war aber dann doch noch eine Info an die Mitglieder des Ausschuss f\u00fcr Stadtentwicklung und nat\u00fcrlich fahre ich dann auch mit. Insgesamt habe ich auf der Fahrt inkl. mir nur vier Mitglieder der Bad Oeynhausener politischen Gremien gez\u00e4hlt. Finde ich ehrlich gesagt ein bisschen mau.<br \/>\n<!--more--><br \/>\nEine H\u00e4lfte der Gruppe startete in Minden, die andere in Herford um sich dann in Bad Oeynhausen am New Orleans zu treffen und dort einen Abschlussimbiss einzunehmen. Ich bin direkt vom B\u00fcrgermeisterwahlkampfstand mit der Bahn nach Minden gefahren und war dort erstaunt, wie viele Teilnehmer schon warteten. Zum ersten Mal habe ich auch den B\u00fcrgermeisterkandidaten der CDU auf und mit einem Fahrrad gesehen ;-) Die Tour begann um 13 Uhr, sollte ca. 3 Stunden dauern und an neuraligischen Stellen Halt machen, um dort Erkl\u00e4rungen zu bekommen und kurz zu diskutieren. Das Wetter spielte &#8230; nunja &#8230; halbwegs mit. <figure id=\"attachment_159262\" aria-describedby=\"caption-attachment-159262\" style=\"width: 470px\" class=\"wp-caption aligncenter\"><a href=\"http:\/\/www.andreas-edler.de\/blog\/wp-content\/uploads\/2015\/09\/20150905_radschnellwegtour_rehmer_insel.jpg\"><img loading=\"lazy\" decoding=\"async\" src=\"http:\/\/www.andreas-edler.de\/blog\/wp-content\/uploads\/2015\/09\/20150905_radschnellwegtour_rehmer_insel-470x194.jpg\" alt=\"Zwischenstopp an der Rehmer Insel\" width=\"470\" height=\"194\" class=\"size-large wp-image-159262\" srcset=\"https:\/\/www.andreas-edler.de\/blog\/wp-content\/uploads\/2015\/09\/20150905_radschnellwegtour_rehmer_insel-470x194.jpg 470w, https:\/\/www.andreas-edler.de\/blog\/wp-content\/uploads\/2015\/09\/20150905_radschnellwegtour_rehmer_insel-250x103.jpg 250w, https:\/\/www.andreas-edler.de\/blog\/wp-content\/uploads\/2015\/09\/20150905_radschnellwegtour_rehmer_insel-100x41.jpg 100w, https:\/\/www.andreas-edler.de\/blog\/wp-content\/uploads\/2015\/09\/20150905_radschnellwegtour_rehmer_insel-150x62.jpg 150w, https:\/\/www.andreas-edler.de\/blog\/wp-content\/uploads\/2015\/09\/20150905_radschnellwegtour_rehmer_insel-200x83.jpg 200w, https:\/\/www.andreas-edler.de\/blog\/wp-content\/uploads\/2015\/09\/20150905_radschnellwegtour_rehmer_insel-300x124.jpg 300w, https:\/\/www.andreas-edler.de\/blog\/wp-content\/uploads\/2015\/09\/20150905_radschnellwegtour_rehmer_insel-450x186.jpg 450w, https:\/\/www.andreas-edler.de\/blog\/wp-content\/uploads\/2015\/09\/20150905_radschnellwegtour_rehmer_insel-600x248.jpg 600w, https:\/\/www.andreas-edler.de\/blog\/wp-content\/uploads\/2015\/09\/20150905_radschnellwegtour_rehmer_insel-900x371.jpg 900w, https:\/\/www.andreas-edler.de\/blog\/wp-content\/uploads\/2015\/09\/20150905_radschnellwegtour_rehmer_insel.jpg 1280w\" sizes=\"auto, (max-width: 470px) 100vw, 470px\" \/><\/a><figcaption id=\"caption-attachment-159262\" class=\"wp-caption-text\">Zwischenstopp an der Rehmer Insel<\/figcaption><\/figure> War sehr interessant und w\u00e4hrend der Fahrt gab es einige Gespr\u00e4che zum Trassenverlauf und der Planung. Unsere Gruppe war fast 30 Fahrer &#8222;stark&#8220;, das zeigt schon das vorhandene Interesse an dem Radschnellweg. Es bleiben ansonsten wenige M\u00f6glichkeiten, Nahmobilit\u00e4t sinnvoll zu f\u00f6rdern. Wir werden auf Dauer den Fl\u00e4chenverbrauch eines KFZ mit 10m\u00b2 gegen\u00fcber einem Fahrrad mit 1m\u00b2 nicht mehr vern\u00fcnftig finanzieren k\u00f6nnen. Von den anderen Folgen f\u00fcr die Umwelt mal ganz abgesehen. Nat\u00fcrlich ist das nicht einfach und Deutschland steht was Umdenken angeht auch hier ganz hinten an. Andere L\u00e4nder machen vor, wie es funktionieren kann.<\/p>\n<p>Am f\u00fcr Bad Oeynhausen wichtigsten St\u00fcck, der Mindener Stra\u00dfe, sorgten wir als Verband dann noch f\u00fcr ein paar gro\u00dfe Augen, als wir den katastrophalen Radweg entland der Bundesstra\u00dfe ignorierten und auf der rechten Fahrbahn fuhren. Machte allerdings auch nur bis kurz hinter dem Werrepark &#8222;Spa\u00df&#8220;, weil die Autos uns einfach zu sehr ausbremsten und nur noch Stau war. Auch das ich zm Linkabbiegen in die Kaiserstra\u00dfe die Linksabbiegerspur benutzte, hat f\u00fcr Hupen und Irritationen gesorgt. Undenkbar, dass man sich als Radfahrer regelkonform verh\u00e4lt und dann auch noch Rechte hat. Damit kommen Autofahrer oft nicht klar. Machten dann auch noch andere nach &#8211; was soll man dort auch anderes tun. Es gibt keine Radverkehrsf\u00fchrung von der Mindener Stra\u00dfe in die Innenstadt. Man steht da pl\u00f6tzlich auf dem Gehweg und darf nicht weiter. Am New Orleans sind dann beide Gruppen zeitgleich und mehr oder weniger trocken angekommen. Das abschlie\u00dfende Essen im New Orleans f\u00fcr ca. 60 Fahrradfahrende war dann sehr lecker und reichlich. Dank an die Organisatoren! Sch\u00f6ne, informative und gut geplante Tour.<\/p>\n","protected":false},"excerpt":{"rendered":"<p>Gestern war zu einer Befahrung der geplanten Trasse des &#8222;Radschnellweg OWL&#8220; geladen. Die Bezeichnung ist den Beteiligten auch durchaus wichtig, den es handelt sich mitnichten um eine &#8222;Autobahn f\u00fcr Fahrr\u00e4der&#8220;, wie es die Redakteurin einer Lokalzeitung offensichtlich in Unkenntnis der &hellip;<\/p>\n<p class=\"read-more\"> <a class=\"more-link\" href=\"https:\/\/www.andreas-edler.de\/blog\/2015\/09\/exkursion-auf-dem-radschnellweg\/\"> <span class=\"screen-reader-text\">Exkursion auf dem Radschnellweg<\/span> Weiterlesen &raquo;<\/a><\/p>\n","protected":false},"author":1,"featured_media":0,"comment_status":"open","ping_status":"open","sticky":false,"template":"","format":"standard","meta":{"ngg_post_thumbnail":0,"activitypub_content_warning":"","activitypub_content_visibility":"","activitypub_max_image_attachments":2,"activitypub_interaction_policy_quote":"anyone","activitypub_status":"","footnotes":""},"categories":[14,15,45,13],"tags":[206,72],"class_list":["post-159261","post","type-post","status-publish","format-standard","hentry","category-bad-oeynhausen","category-fahrrad","category-politik","category-verkehr","tag-radschnellweg","tag-verwaltung"],"share_on_mastodon":{"url":"","error":""},"_links":{"self":[{"href":"https:\/\/www.andreas-edler.de\/blog\/wp-json\/wp\/v2\/posts\/159261","targetHints":{"allow":["GET"]}}],"collection":[{"href":"https:\/\/www.andreas-edler.de\/blog\/wp-json\/wp\/v2\/posts"}],"about":[{"href":"https:\/\/www.andreas-edler.de\/blog\/wp-json\/wp\/v2\/types\/post"}],"author":[{"embeddable":true,"href":"https:\/\/www.andreas-edler.de\/blog\/wp-json\/wp\/v2\/users\/1"}],"replies":[{"embeddable":true,"href":"https:\/\/www.andreas-edler.de\/blog\/wp-json\/wp\/v2\/comments?post=159261"}],"version-history":[{"count":0,"href":"https:\/\/www.andreas-edler.de\/blog\/wp-json\/wp\/v2\/posts\/159261\/revisions"}],"wp:attachment":[{"href":"https:\/\/www.andreas-edler.de\/blog\/wp-json\/wp\/v2\/media?parent=159261"}],"wp:term":[{"taxonomy":"category","embeddable":true,"href":"https:\/\/www.andreas-edler.de\/blog\/wp-json\/wp\/v2\/categories?post=159261"},{"taxonomy":"post_tag","embeddable":true,"href":"https:\/\/www.andreas-edler.de\/blog\/wp-json\/wp\/v2\/tags?post=159261"}],"curies":[{"name":"wp","href":"https:\/\/api.w.org\/{rel}","templated":true}]}}