{"id":159256,"date":"2015-08-31T19:51:12","date_gmt":"2015-08-31T17:51:12","guid":{"rendered":"http:\/\/www.andreas-edler.de\/blog\/?p=159256"},"modified":"2015-08-31T19:51:12","modified_gmt":"2015-08-31T17:51:12","slug":"politische-querelen","status":"publish","type":"post","link":"https:\/\/www.andreas-edler.de\/blog\/2015\/08\/politische-querelen\/","title":{"rendered":"Politische Querelen"},"content":{"rendered":"<p>Da habe ich gestern sowohl hier, als auch auf der Seite der Gr\u00fcnen meine Sichtweise ver\u00f6ffentlicht, warum wir uns f\u00fcr unseren B\u00fcrgermeisterkandidaten entschieden haben. Und auch was ich von der Zukunft erwarte. Dazu riefen mich dann heute beide Lokalredaktionen an und fragten, ob sie den einen Satz &#8222;Wie haltet ihr das B\u00fcndnis nach der Wahl zusammen? Ich gehe davon aus \u2026 gar nicht.&#8220; als Zitat benutzen d\u00fcrften. Ein politischer Mitbewerber hat das gelesen, ist ganz erstaunt \u00fcber die Aussage und hat nat\u00fcrlich gleich eine Meldung raus gegeben. Aus meinen ausgedruckt fast 2 DIN-A4 Seiten wird sich ein Satz geraus gepickt und f\u00fcr sich allein gestellt. Dass ich von einem viel weitergehenden &#8222;B\u00fcndnis&#8220; geschrieben habe, von mehr Einvernehmen \u00fcber *alle* Fraktionen, \u00fcber mehr tats\u00e4chliche Beratung, alles egal. Wir haben kein B\u00fcndnis mit Brief und Siegel, es ist keine Koalition. Wir m\u00fcssen ein B\u00fcndnis nicht &#8222;zusammen halten&#8220;, sondern mit Leben f\u00fcllen. Es hat sich gezeigt, dass man auch trotz verschiedener politischer Ansichten und manchmal auch kontr\u00e4rer Ziele, sachlich zusammen arbeiten kann. Nat\u00fcrlich gehe ich davon aus, dass das auch weiterhin so sein wird. Ich wiederhole mich: ich hoffe sogar, dass da noch mehr mitmachen.<\/p>\n<p>Es ist Wahlkampf, was soll man machen. Nat\u00fcrlich kommt dann der &#8222;Gegner&#8220; und versucht Entr\u00fcstung zu sch\u00fcren, wo nichts ist. Einen Disput zu sehen, wo meinem Empfinden nach bislang alles eher reibungslos abl\u00e4uft. Nat\u00fcrlich springt die Presse auf sowas an. &#8222;Zerw\u00fcrfnis&#8220; liest sich besser als &#8222;N\u00f6, sind uns alle eigentlich ganz einig.&#8220; &#8230; ich hoffe, ich habe das am Telefon deutlich gemacht. Bin gespannt, wie beide Texte letztendlich aussehen.<\/p>\n<p>Und auch putzig, dass ich in den vergangenen Jahren mehrfach auf die Ver\u00f6ffentlichungen der Internetseiten hingewiesen habe, diese aber nie von Interesse waren. Wollte man einen Pressebericht in der Zeitung haben, musste dieser immer aktiv und direkt geschickt werden. Aber wenn man einen potenziellen &#8222;Aufreger&#8220; machen kann, nun, dann kann man pl\u00f6tzlich auch alleine auf die Seiten gucken ;-) Hoffentlich bleibt das so!<\/p>\n","protected":false},"excerpt":{"rendered":"<p>Da habe ich gestern sowohl hier, als auch auf der Seite der Gr\u00fcnen meine Sichtweise ver\u00f6ffentlicht, warum wir uns f\u00fcr unseren B\u00fcrgermeisterkandidaten entschieden haben. Und auch was ich von der Zukunft erwarte. Dazu riefen mich dann heute beide Lokalredaktionen an &hellip;<\/p>\n<p class=\"read-more\"> <a class=\"more-link\" href=\"https:\/\/www.andreas-edler.de\/blog\/2015\/08\/politische-querelen\/\"> <span class=\"screen-reader-text\">Politische Querelen<\/span> Weiterlesen &raquo;<\/a><\/p>\n","protected":false},"author":1,"featured_media":0,"comment_status":"open","ping_status":"open","sticky":false,"template":"","format":"standard","meta":{"ngg_post_thumbnail":0,"activitypub_content_warning":"","activitypub_content_visibility":"","activitypub_max_image_attachments":2,"activitypub_interaction_policy_quote":"anyone","activitypub_status":"","footnotes":""},"categories":[14,45],"tags":[193,59,184,177],"class_list":["post-159256","post","type-post","status-publish","format-standard","hentry","category-bad-oeynhausen","category-politik","tag-buergermeister","tag-presse","tag-wahlen","tag-wahlkampf"],"share_on_mastodon":{"url":"","error":""},"_links":{"self":[{"href":"https:\/\/www.andreas-edler.de\/blog\/wp-json\/wp\/v2\/posts\/159256","targetHints":{"allow":["GET"]}}],"collection":[{"href":"https:\/\/www.andreas-edler.de\/blog\/wp-json\/wp\/v2\/posts"}],"about":[{"href":"https:\/\/www.andreas-edler.de\/blog\/wp-json\/wp\/v2\/types\/post"}],"author":[{"embeddable":true,"href":"https:\/\/www.andreas-edler.de\/blog\/wp-json\/wp\/v2\/users\/1"}],"replies":[{"embeddable":true,"href":"https:\/\/www.andreas-edler.de\/blog\/wp-json\/wp\/v2\/comments?post=159256"}],"version-history":[{"count":0,"href":"https:\/\/www.andreas-edler.de\/blog\/wp-json\/wp\/v2\/posts\/159256\/revisions"}],"wp:attachment":[{"href":"https:\/\/www.andreas-edler.de\/blog\/wp-json\/wp\/v2\/media?parent=159256"}],"wp:term":[{"taxonomy":"category","embeddable":true,"href":"https:\/\/www.andreas-edler.de\/blog\/wp-json\/wp\/v2\/categories?post=159256"},{"taxonomy":"post_tag","embeddable":true,"href":"https:\/\/www.andreas-edler.de\/blog\/wp-json\/wp\/v2\/tags?post=159256"}],"curies":[{"name":"wp","href":"https:\/\/api.w.org\/{rel}","templated":true}]}}