{"id":159229,"date":"2015-08-22T22:26:22","date_gmt":"2015-08-22T20:26:22","guid":{"rendered":"http:\/\/www.andreas-edler.de\/blog\/?p=159229"},"modified":"2015-08-22T22:26:22","modified_gmt":"2015-08-22T20:26:22","slug":"parkplaetze","status":"publish","type":"post","link":"https:\/\/www.andreas-edler.de\/blog\/2015\/08\/parkplaetze\/","title":{"rendered":"Parkpl\u00e4tze"},"content":{"rendered":"<p>Wir kaufen hier im Ortsteil ein. Am Wochenende und im Urlaub morgens gerne Br\u00f6tchen, aber auch im nahegelegenen ALDI an der Werrestra\u00dfe. Der B\u00e4cker ist \u00fcbrigens direkt gegen\u00fcber. Beide Gesch\u00e4fte haben in den letzten Monaten neue, gr\u00f6\u00dfere und schickere Geb\u00e4ude bekommen. Und w\u00e4hrend einer der beiden zumindest ein bisschen die Zeichen der Zeit erkannt hat und f\u00fcr Fahrr\u00e4der wirklich ad\u00e4quate &#8211; wenn auch ein bisschen zu wenige &#8211; Abstellanlagen geschaffen hat &#8230; <figure id=\"attachment_159230\" aria-describedby=\"caption-attachment-159230\" style=\"width: 470px\" class=\"wp-caption aligncenter\"><a href=\"http:\/\/www.andreas-edler.de\/blog\/wp-content\/uploads\/2015\/08\/20150822_aldi_parkplatz.jpg\"><img loading=\"lazy\" decoding=\"async\" src=\"http:\/\/www.andreas-edler.de\/blog\/wp-content\/uploads\/2015\/08\/20150822_aldi_parkplatz-470x293.jpg\" alt=\"Fahrradst\u00e4nder am neuen ALDI in Eidinghausen\" width=\"470\" height=\"293\" class=\"size-large wp-image-159230\" srcset=\"https:\/\/www.andreas-edler.de\/blog\/wp-content\/uploads\/2015\/08\/20150822_aldi_parkplatz-470x293.jpg 470w, https:\/\/www.andreas-edler.de\/blog\/wp-content\/uploads\/2015\/08\/20150822_aldi_parkplatz-250x156.jpg 250w, https:\/\/www.andreas-edler.de\/blog\/wp-content\/uploads\/2015\/08\/20150822_aldi_parkplatz-100x62.jpg 100w, https:\/\/www.andreas-edler.de\/blog\/wp-content\/uploads\/2015\/08\/20150822_aldi_parkplatz-150x94.jpg 150w, https:\/\/www.andreas-edler.de\/blog\/wp-content\/uploads\/2015\/08\/20150822_aldi_parkplatz-200x125.jpg 200w, https:\/\/www.andreas-edler.de\/blog\/wp-content\/uploads\/2015\/08\/20150822_aldi_parkplatz-300x187.jpg 300w, https:\/\/www.andreas-edler.de\/blog\/wp-content\/uploads\/2015\/08\/20150822_aldi_parkplatz-450x281.jpg 450w, https:\/\/www.andreas-edler.de\/blog\/wp-content\/uploads\/2015\/08\/20150822_aldi_parkplatz-600x374.jpg 600w, https:\/\/www.andreas-edler.de\/blog\/wp-content\/uploads\/2015\/08\/20150822_aldi_parkplatz-900x561.jpg 900w, https:\/\/www.andreas-edler.de\/blog\/wp-content\/uploads\/2015\/08\/20150822_aldi_parkplatz.jpg 1280w\" sizes=\"auto, (max-width: 470px) 100vw, 470px\" \/><\/a><figcaption id=\"caption-attachment-159230\" class=\"wp-caption-text\">Fahrradst\u00e4nder am neuen ALDI in Eidinghausen<\/figcaption><\/figure> <!--more--> &#8230; denkt der andere fast gar nicht an die umweltfreundlichen Verkehrsteilnehmer, baut einen riesigen Autoparkplatz und sogar einen Drive-In-Schalter und stellt f\u00fcr Fahrr\u00e4der einen gesponsorten Alibi-Felgenkiller auf. <figure id=\"attachment_159231\" aria-describedby=\"caption-attachment-159231\" style=\"width: 470px\" class=\"wp-caption aligncenter\"><a href=\"http:\/\/www.andreas-edler.de\/blog\/wp-content\/uploads\/2015\/08\/20150822_hensel_parkplatz.jpg\"><img loading=\"lazy\" decoding=\"async\" src=\"http:\/\/www.andreas-edler.de\/blog\/wp-content\/uploads\/2015\/08\/20150822_hensel_parkplatz-470x260.jpg\" alt=\"Felgenkiller vor Hensels-B\u00e4ckerei\" width=\"470\" height=\"260\" class=\"size-large wp-image-159231\" srcset=\"https:\/\/www.andreas-edler.de\/blog\/wp-content\/uploads\/2015\/08\/20150822_hensel_parkplatz-470x260.jpg 470w, https:\/\/www.andreas-edler.de\/blog\/wp-content\/uploads\/2015\/08\/20150822_hensel_parkplatz-250x138.jpg 250w, https:\/\/www.andreas-edler.de\/blog\/wp-content\/uploads\/2015\/08\/20150822_hensel_parkplatz-100x55.jpg 100w, https:\/\/www.andreas-edler.de\/blog\/wp-content\/uploads\/2015\/08\/20150822_hensel_parkplatz-150x83.jpg 150w, https:\/\/www.andreas-edler.de\/blog\/wp-content\/uploads\/2015\/08\/20150822_hensel_parkplatz-200x111.jpg 200w, https:\/\/www.andreas-edler.de\/blog\/wp-content\/uploads\/2015\/08\/20150822_hensel_parkplatz-300x166.jpg 300w, https:\/\/www.andreas-edler.de\/blog\/wp-content\/uploads\/2015\/08\/20150822_hensel_parkplatz-450x249.jpg 450w, https:\/\/www.andreas-edler.de\/blog\/wp-content\/uploads\/2015\/08\/20150822_hensel_parkplatz-600x332.jpg 600w, https:\/\/www.andreas-edler.de\/blog\/wp-content\/uploads\/2015\/08\/20150822_hensel_parkplatz-900x499.jpg 900w, https:\/\/www.andreas-edler.de\/blog\/wp-content\/uploads\/2015\/08\/20150822_hensel_parkplatz.jpg 1280w\" sizes=\"auto, (max-width: 470px) 100vw, 470px\" \/><\/a><figcaption id=\"caption-attachment-159231\" class=\"wp-caption-text\">Felgenkiller vor Hensels-B\u00e4ckerei<\/figcaption><\/figure> Schade, dass ich bei Aldi Sonntagmorgens keine frischen Br\u00f6tchen bekomme. So richtig willkommen f\u00fchle ich mich bei Hensel auf meinem Fahrrad jedenfalls nicht. Obwohl, ich kann mein Rad ja auch auf einen der Autoparkpl\u00e4tze stellen. Gute Idee!<\/p>\n","protected":false},"excerpt":{"rendered":"<p>Wir kaufen hier im Ortsteil ein. Am Wochenende und im Urlaub morgens gerne Br\u00f6tchen, aber auch im nahegelegenen ALDI an der Werrestra\u00dfe. Der B\u00e4cker ist \u00fcbrigens direkt gegen\u00fcber. Beide Gesch\u00e4fte haben in den letzten Monaten neue, gr\u00f6\u00dfere und schickere Geb\u00e4ude &hellip;<\/p>\n<p class=\"read-more\"> <a class=\"more-link\" href=\"https:\/\/www.andreas-edler.de\/blog\/2015\/08\/parkplaetze\/\"> <span class=\"screen-reader-text\">Parkpl\u00e4tze<\/span> Weiterlesen &raquo;<\/a><\/p>\n","protected":false},"author":1,"featured_media":0,"comment_status":"open","ping_status":"open","sticky":false,"template":"","format":"standard","meta":{"ngg_post_thumbnail":0,"activitypub_content_warning":"","activitypub_content_visibility":"","activitypub_max_image_attachments":2,"activitypub_interaction_policy_quote":"anyone","activitypub_status":"","footnotes":""},"categories":[14,15],"tags":[33],"class_list":["post-159229","post","type-post","status-publish","format-standard","hentry","category-bad-oeynhausen","category-fahrrad","tag-service"],"share_on_mastodon":{"url":"","error":""},"_links":{"self":[{"href":"https:\/\/www.andreas-edler.de\/blog\/wp-json\/wp\/v2\/posts\/159229","targetHints":{"allow":["GET"]}}],"collection":[{"href":"https:\/\/www.andreas-edler.de\/blog\/wp-json\/wp\/v2\/posts"}],"about":[{"href":"https:\/\/www.andreas-edler.de\/blog\/wp-json\/wp\/v2\/types\/post"}],"author":[{"embeddable":true,"href":"https:\/\/www.andreas-edler.de\/blog\/wp-json\/wp\/v2\/users\/1"}],"replies":[{"embeddable":true,"href":"https:\/\/www.andreas-edler.de\/blog\/wp-json\/wp\/v2\/comments?post=159229"}],"version-history":[{"count":0,"href":"https:\/\/www.andreas-edler.de\/blog\/wp-json\/wp\/v2\/posts\/159229\/revisions"}],"wp:attachment":[{"href":"https:\/\/www.andreas-edler.de\/blog\/wp-json\/wp\/v2\/media?parent=159229"}],"wp:term":[{"taxonomy":"category","embeddable":true,"href":"https:\/\/www.andreas-edler.de\/blog\/wp-json\/wp\/v2\/categories?post=159229"},{"taxonomy":"post_tag","embeddable":true,"href":"https:\/\/www.andreas-edler.de\/blog\/wp-json\/wp\/v2\/tags?post=159229"}],"curies":[{"name":"wp","href":"https:\/\/api.w.org\/{rel}","templated":true}]}}