{"id":159221,"date":"2015-07-31T23:31:01","date_gmt":"2015-07-31T21:31:01","guid":{"rendered":"http:\/\/www.andreas-edler.de\/blog\/?p=159221"},"modified":"2015-08-20T11:35:41","modified_gmt":"2015-08-20T09:35:41","slug":"stuetzen-fuer-den-holzweg","status":"publish","type":"post","link":"https:\/\/www.andreas-edler.de\/blog\/2015\/07\/stuetzen-fuer-den-holzweg\/","title":{"rendered":"St\u00fctzen f\u00fcr den Holzweg"},"content":{"rendered":"<p>Zuerst wollte ich die Tragekonstruktion wie bei der Erweiterung vor dem Wintergarten machen. Dort habe ich auf Anraten des Holzh\u00e4ndlers einfach nur Gehwegplatten gerade ausgerichtet und darauf die Tragebalken gelegt. Naja, ich habe ein Mischmasch aus einebtonierten St\u00fctzen und Gehwegplatten verwendet. <figure id=\"attachment_159222\" aria-describedby=\"caption-attachment-159222\" style=\"width: 470px\" class=\"wp-caption aligncenter\"><a href=\"http:\/\/www.andreas-edler.de\/blog\/wp-content\/uploads\/2015\/08\/20153107_stuetzen_betonieren.jpg\"><img loading=\"lazy\" decoding=\"async\" src=\"http:\/\/www.andreas-edler.de\/blog\/wp-content\/uploads\/2015\/08\/20153107_stuetzen_betonieren-470x224.jpg\" alt=\"Winkelhalter einbetonieren\" width=\"470\" height=\"224\" class=\"size-large wp-image-159222\" srcset=\"https:\/\/www.andreas-edler.de\/blog\/wp-content\/uploads\/2015\/08\/20153107_stuetzen_betonieren-470x224.jpg 470w, https:\/\/www.andreas-edler.de\/blog\/wp-content\/uploads\/2015\/08\/20153107_stuetzen_betonieren-250x119.jpg 250w, https:\/\/www.andreas-edler.de\/blog\/wp-content\/uploads\/2015\/08\/20153107_stuetzen_betonieren-100x48.jpg 100w, https:\/\/www.andreas-edler.de\/blog\/wp-content\/uploads\/2015\/08\/20153107_stuetzen_betonieren-150x71.jpg 150w, https:\/\/www.andreas-edler.de\/blog\/wp-content\/uploads\/2015\/08\/20153107_stuetzen_betonieren-200x95.jpg 200w, https:\/\/www.andreas-edler.de\/blog\/wp-content\/uploads\/2015\/08\/20153107_stuetzen_betonieren-300x143.jpg 300w, https:\/\/www.andreas-edler.de\/blog\/wp-content\/uploads\/2015\/08\/20153107_stuetzen_betonieren-450x214.jpg 450w, https:\/\/www.andreas-edler.de\/blog\/wp-content\/uploads\/2015\/08\/20153107_stuetzen_betonieren-600x285.jpg 600w, https:\/\/www.andreas-edler.de\/blog\/wp-content\/uploads\/2015\/08\/20153107_stuetzen_betonieren-900x428.jpg 900w, https:\/\/www.andreas-edler.de\/blog\/wp-content\/uploads\/2015\/08\/20153107_stuetzen_betonieren.jpg 1280w\" sizes=\"auto, (max-width: 470px) 100vw, 470px\" \/><\/a><figcaption id=\"caption-attachment-159222\" class=\"wp-caption-text\">Winkelhalter einbetonieren<\/figcaption><\/figure> <!--more--> Allerdings ist das Ausrichten der Platten auch nicht viel einfacher, als einfach ein Loch zu buddeln. Eigentlich ist Loch buddeln sogar wesentlich einfacher. Also habe ich das gemacht. L\u00f6cher dort wo die St\u00fctzen hin sollen, die St\u00fctzen mit Schraubzwingen an den Tragebalken fixiert und das ganze \u00fcber den L\u00f6chern ausgerichtet. So muss man dann nur noch Beton in die L\u00f6cher kippen und warten, bis dieser ausgeh\u00e4rtet ist. Viel einfacher geht&#8217;s nicht.<\/p>\n","protected":false},"excerpt":{"rendered":"<p>Zuerst wollte ich die Tragekonstruktion wie bei der Erweiterung vor dem Wintergarten machen. Dort habe ich auf Anraten des Holzh\u00e4ndlers einfach nur Gehwegplatten gerade ausgerichtet und darauf die Tragebalken gelegt. Naja, ich habe ein Mischmasch aus einebtonierten St\u00fctzen und Gehwegplatten &hellip;<\/p>\n<p class=\"read-more\"> <a class=\"more-link\" href=\"https:\/\/www.andreas-edler.de\/blog\/2015\/07\/stuetzen-fuer-den-holzweg\/\"> <span class=\"screen-reader-text\">St\u00fctzen f\u00fcr den Holzweg<\/span> Weiterlesen &raquo;<\/a><\/p>\n","protected":false},"author":1,"featured_media":0,"comment_status":"open","ping_status":"open","sticky":false,"template":"","format":"standard","meta":{"ngg_post_thumbnail":0,"activitypub_content_warning":"","activitypub_content_visibility":"","activitypub_max_image_attachments":2,"activitypub_interaction_policy_quote":"anyone","activitypub_status":"","footnotes":""},"categories":[22],"tags":[224,31,26],"class_list":["post-159221","post","type-post","status-publish","format-standard","hentry","category-basteln","tag-anleitung","tag-garten","tag-holzterrasse"],"share_on_mastodon":{"url":"","error":""},"_links":{"self":[{"href":"https:\/\/www.andreas-edler.de\/blog\/wp-json\/wp\/v2\/posts\/159221","targetHints":{"allow":["GET"]}}],"collection":[{"href":"https:\/\/www.andreas-edler.de\/blog\/wp-json\/wp\/v2\/posts"}],"about":[{"href":"https:\/\/www.andreas-edler.de\/blog\/wp-json\/wp\/v2\/types\/post"}],"author":[{"embeddable":true,"href":"https:\/\/www.andreas-edler.de\/blog\/wp-json\/wp\/v2\/users\/1"}],"replies":[{"embeddable":true,"href":"https:\/\/www.andreas-edler.de\/blog\/wp-json\/wp\/v2\/comments?post=159221"}],"version-history":[{"count":0,"href":"https:\/\/www.andreas-edler.de\/blog\/wp-json\/wp\/v2\/posts\/159221\/revisions"}],"wp:attachment":[{"href":"https:\/\/www.andreas-edler.de\/blog\/wp-json\/wp\/v2\/media?parent=159221"}],"wp:term":[{"taxonomy":"category","embeddable":true,"href":"https:\/\/www.andreas-edler.de\/blog\/wp-json\/wp\/v2\/categories?post=159221"},{"taxonomy":"post_tag","embeddable":true,"href":"https:\/\/www.andreas-edler.de\/blog\/wp-json\/wp\/v2\/tags?post=159221"}],"curies":[{"name":"wp","href":"https:\/\/api.w.org\/{rel}","templated":true}]}}