{"id":159216,"date":"2015-08-19T20:57:41","date_gmt":"2015-08-19T18:57:41","guid":{"rendered":"http:\/\/www.andreas-edler.de\/blog\/?p=159216"},"modified":"2015-08-19T20:57:41","modified_gmt":"2015-08-19T18:57:41","slug":"shimano-nexus-8-premium-serienfehler","status":"publish","type":"post","link":"https:\/\/www.andreas-edler.de\/blog\/2015\/08\/shimano-nexus-8-premium-serienfehler\/","title":{"rendered":"Shimano Nexus 8 Premium Serienfehler"},"content":{"rendered":"<div class=\"bild\" style=\"font-size: smaller;\"><img decoding=\"async\" src=\"http:\/\/www.andreas-edler.de\/grafik\/logo_rad.png\" alt=\"Logo: Fahrrad\" title=\"Logo: Fahrrad\" width=\"250\" border=\"0\"><\/div>\n<p> Mein Rad von Bergamont &#8211; die wie ich heute lernte Anfang Juli von Scott aufgekauft wurden &#8211; habe ich <a href=\"http:\/\/www.andreas-edler.de\/blog\/2015\/08\/neverending-story\/\">vor genau zwei Wochen wieder in die Werkstatt gebracht<\/a>, weil die Schaltung einfach nicht einzustellen war. Der H\u00e4ndler war sicher noch ratloser als ich &#8211; mir war n\u00e4mlich klar, dass ich das nicht kann, er sollte es k\u00f6nnen ;-) Letzte Woche habe ich mal telefonisch nachgefragt, da hatte man noch nicht mal nachgeschaut. Heute bin ich wieder hin, nachdem mir am Telefon gesagt wurde, das Rad sei fertig.<br \/>\n<!--more--><br \/>\nWar&#8217;s aber noch gar nicht. Gab aber trotzdem was Gutes zu melden: der Fehler ist n\u00e4mlich gefunden. Wie es der Zufall wollte, haben sich kurz nachdem ich mein Rad zum letzten Mal abgab, 4 weitere Premium 8 Fahrer im Radladen vorstellig gemacht, die das gleiche Problem haben. Daraufhin wusste ein anderer H\u00e4ndler auf Nachfrage \u00e4hnliches zu berichten und irgendwie hat Shimano dann wohl gesagt, dass es genau das Problem bei einer Charge 2012er\/2013er Nexus 8 Premium Naben gibt. Erst sind sie schwerg\u00e4ngig und irgendwann springt der 4. Gang dann st\u00e4ndig raus bzw. l\u00e4sst sich nicht einlegen. Scheint was mit Fertigungstoleranzen zu sein, die wohl etwas gro\u00dfz\u00fcgig waren. Garantiefall. Muss jetzt nur noch die Kaufrechnung mailen und dann weiter abwarten.<\/p>\n<p>Auch wenn das eigentlich kein Grund zum Jubeln ist, bin ich aber trotzdem gut zufrieden. Ich kann Probleme ohne L\u00f6sung nicht leiden. Kam mir ein bisschen doof vor und dachte, ich sei vielleicht nur zu pingelig. Wobei ich verschrammte Schienenbeine eigentlich nicht als unbedingt zum Radfahren zugeh\u00f6rig z\u00e4hle. Und da wahrscheinlich eh neu eingespeicht werden muss, habe ich auch gleich eine neue Felge geordert.<\/p>\n","protected":false},"excerpt":{"rendered":"<p>Mein Rad von Bergamont &#8211; die wie ich heute lernte Anfang Juli von Scott aufgekauft wurden &#8211; habe ich vor genau zwei Wochen wieder in die Werkstatt gebracht, weil die Schaltung einfach nicht einzustellen war. Der H\u00e4ndler war sicher noch &hellip;<\/p>\n<p class=\"read-more\"> <a class=\"more-link\" href=\"https:\/\/www.andreas-edler.de\/blog\/2015\/08\/shimano-nexus-8-premium-serienfehler\/\"> <span class=\"screen-reader-text\">Shimano Nexus 8 Premium Serienfehler<\/span> Weiterlesen &raquo;<\/a><\/p>\n","protected":false},"author":1,"featured_media":0,"comment_status":"open","ping_status":"open","sticky":false,"template":"","format":"standard","meta":{"ngg_post_thumbnail":0,"activitypub_content_warning":"","activitypub_content_visibility":"","activitypub_max_image_attachments":2,"activitypub_interaction_policy_quote":"anyone","activitypub_status":"","footnotes":""},"categories":[15],"tags":[64,33,46],"class_list":["post-159216","post","type-post","status-publish","format-standard","hentry","category-fahrrad","tag-konsum","tag-service","tag-technik"],"share_on_mastodon":{"url":"","error":""},"_links":{"self":[{"href":"https:\/\/www.andreas-edler.de\/blog\/wp-json\/wp\/v2\/posts\/159216","targetHints":{"allow":["GET"]}}],"collection":[{"href":"https:\/\/www.andreas-edler.de\/blog\/wp-json\/wp\/v2\/posts"}],"about":[{"href":"https:\/\/www.andreas-edler.de\/blog\/wp-json\/wp\/v2\/types\/post"}],"author":[{"embeddable":true,"href":"https:\/\/www.andreas-edler.de\/blog\/wp-json\/wp\/v2\/users\/1"}],"replies":[{"embeddable":true,"href":"https:\/\/www.andreas-edler.de\/blog\/wp-json\/wp\/v2\/comments?post=159216"}],"version-history":[{"count":0,"href":"https:\/\/www.andreas-edler.de\/blog\/wp-json\/wp\/v2\/posts\/159216\/revisions"}],"wp:attachment":[{"href":"https:\/\/www.andreas-edler.de\/blog\/wp-json\/wp\/v2\/media?parent=159216"}],"wp:term":[{"taxonomy":"category","embeddable":true,"href":"https:\/\/www.andreas-edler.de\/blog\/wp-json\/wp\/v2\/categories?post=159216"},{"taxonomy":"post_tag","embeddable":true,"href":"https:\/\/www.andreas-edler.de\/blog\/wp-json\/wp\/v2\/tags?post=159216"}],"curies":[{"name":"wp","href":"https:\/\/api.w.org\/{rel}","templated":true}]}}