{"id":159076,"date":"2015-07-05T16:43:18","date_gmt":"2015-07-05T14:43:18","guid":{"rendered":"http:\/\/www.andreas-edler.de\/blog\/?p=159076"},"modified":"2015-07-05T20:10:21","modified_gmt":"2015-07-05T18:10:21","slug":"es-kam-zu-einer-beruehrung","status":"publish","type":"post","link":"https:\/\/www.andreas-edler.de\/blog\/2015\/07\/es-kam-zu-einer-beruehrung\/","title":{"rendered":"Es kam zu einer Ber\u00fchrung &#8230;"},"content":{"rendered":"<p>Die Polizei Minden entpuppt sich als v\u00f6llig neutral, wenn es um die Berichterstattung mit Radfahrern geht. Wurde mir neulich von der Pressestelle am Telefon ja auch schon mal versichert! <cite><b><a href=\"http:\/\/www.presseportal.de\/blaulicht\/pm\/43553\/3063759\">Radfahrer bei Verkehrsunfall leicht verletzt<\/a><\/b><br \/>\nAm Sonntag, gegen 05:00 Uhr, befuhr ein 19-j\u00e4hriger Opel-Fahrer die Wittelsbacher Allee. Kurz hinter der Kreuzung K\u00f6nigstra\u00dfe kam es zu einer Ber\u00fchrung mit einem 44-j\u00e4hrigen Radfahrer. Dieser fuhr rechts neben dem Fahrzeug auf dem Fahrradstreifen. Der vermutlich alkoholisierte Radfahrer kam zu Fall und verletzte sich leicht. Ihm ist eine Blutprobe entnommen worden, es entstand leichter Sachschaden. <\/cite> Wie bitte? Da wird ein Radfahrer, welcher v\u00f6llig korrekt auf dem Fahrradstreifen fuhr, von einem Autofahrer angefahren und die Polizei macht davon &#8222;kam es zu einer Ber\u00fchrung&#8220;. Liebe Leute, ihr seid echt die Besten! Warum wird nichts von dem Abstand geschrieben, die ein Autofahrer zu einem Fahrradfahrer halten muss? Der Radfahrer kam auch nicht einfach so zu Fall. Er wurde vom Autofahrer angefahren. Warum steht das nicht in der Meldung?<\/p>\n<p>So wird das nie etwas mit der Verkehrssicherheit. Den Radfahrer in die Rolle des Schuldigen dr\u00e4ngen, spekulieren und das gef\u00e4hrliche Fehlverhalten des Autofahrers mit keinem Wort erw\u00e4hnen. Und dann auf Nachfrage etwas von Neutralit\u00e4t erz\u00e4hlen &#8211; l\u00e4cherlich!<\/p>\n<p>Update: Ich habe die Wortwahl zur urspr\u00fcnglichen Version etwas runter gefahren. Danke an den ersten Kommentator. Es \u00e4ndert aber nichts an meiner grunds\u00e4tzlichen Einstellung zur Berichterstattung der Polizei mit Radfahrerbeteiligung.<\/p>\n","protected":false},"excerpt":{"rendered":"<p>Die Polizei Minden entpuppt sich als v\u00f6llig neutral, wenn es um die Berichterstattung mit Radfahrern geht. Wurde mir neulich von der Pressestelle am Telefon ja auch schon mal versichert! Radfahrer bei Verkehrsunfall leicht verletzt Am Sonntag, gegen 05:00 Uhr, befuhr &hellip;<\/p>\n<p class=\"read-more\"> <a class=\"more-link\" href=\"https:\/\/www.andreas-edler.de\/blog\/2015\/07\/es-kam-zu-einer-beruehrung\/\"> <span class=\"screen-reader-text\">Es kam zu einer Ber\u00fchrung &#8230;<\/span> Weiterlesen &raquo;<\/a><\/p>\n","protected":false},"author":1,"featured_media":0,"comment_status":"open","ping_status":"open","sticky":false,"template":"","format":"standard","meta":{"ngg_post_thumbnail":0,"activitypub_content_warning":"","activitypub_content_visibility":"","activitypub_max_image_attachments":2,"activitypub_interaction_policy_quote":"anyone","activitypub_status":"","footnotes":""},"categories":[15,18,13],"tags":[34,127,59],"class_list":["post-159076","post","type-post","status-publish","format-standard","hentry","category-fahrrad","category-fraglich","category-verkehr","tag-kommunikation","tag-polizei","tag-presse"],"share_on_mastodon":{"url":"","error":""},"_links":{"self":[{"href":"https:\/\/www.andreas-edler.de\/blog\/wp-json\/wp\/v2\/posts\/159076","targetHints":{"allow":["GET"]}}],"collection":[{"href":"https:\/\/www.andreas-edler.de\/blog\/wp-json\/wp\/v2\/posts"}],"about":[{"href":"https:\/\/www.andreas-edler.de\/blog\/wp-json\/wp\/v2\/types\/post"}],"author":[{"embeddable":true,"href":"https:\/\/www.andreas-edler.de\/blog\/wp-json\/wp\/v2\/users\/1"}],"replies":[{"embeddable":true,"href":"https:\/\/www.andreas-edler.de\/blog\/wp-json\/wp\/v2\/comments?post=159076"}],"version-history":[{"count":0,"href":"https:\/\/www.andreas-edler.de\/blog\/wp-json\/wp\/v2\/posts\/159076\/revisions"}],"wp:attachment":[{"href":"https:\/\/www.andreas-edler.de\/blog\/wp-json\/wp\/v2\/media?parent=159076"}],"wp:term":[{"taxonomy":"category","embeddable":true,"href":"https:\/\/www.andreas-edler.de\/blog\/wp-json\/wp\/v2\/categories?post=159076"},{"taxonomy":"post_tag","embeddable":true,"href":"https:\/\/www.andreas-edler.de\/blog\/wp-json\/wp\/v2\/tags?post=159076"}],"curies":[{"name":"wp","href":"https:\/\/api.w.org\/{rel}","templated":true}]}}