{"id":158853,"date":"2015-04-24T23:38:58","date_gmt":"2015-04-24T21:38:58","guid":{"rendered":"http:\/\/www.andreas-edler.de\/blog\/?p=158853"},"modified":"2015-04-25T23:08:30","modified_gmt":"2015-04-25T21:08:30","slug":"teichrand-langsam-begehbar","status":"publish","type":"post","link":"https:\/\/www.andreas-edler.de\/blog\/2015\/04\/teichrand-langsam-begehbar\/","title":{"rendered":"Teichrand langsam begehbar"},"content":{"rendered":"<p>So richtig am <a href=\"http:\/\/www.andreas-edler.de\/blog\/2015\/04\/teichrand-erneuern\/\">Teichrand<\/a> arbeiten kann ich nicht. In den letzten 14 Tagen habe ich immer mal wieder was gemacht.So z.B. die Tragekonstruktion vorbereitet. Dazu musste das Restholz herhalten, welches ich im Carport gelagert habe.<br \/>\n<figure id=\"attachment_158854\" aria-describedby=\"caption-attachment-158854\" style=\"width: 470px\" class=\"wp-caption aligncenter\"><a href=\"http:\/\/www.andreas-edler.de\/blog\/wp-content\/uploads\/2015\/04\/20150425_tragekonstruktion_1.jpg\"><img loading=\"lazy\" decoding=\"async\" src=\"http:\/\/www.andreas-edler.de\/blog\/wp-content\/uploads\/2015\/04\/20150425_tragekonstruktion_1-470x252.jpg\" alt=\"Die ersten Balken der Tragekonstruktion sind gemessen und ges\u00e4gt.\" width=\"470\" height=\"252\" class=\"size-large wp-image-158854\" srcset=\"https:\/\/www.andreas-edler.de\/blog\/wp-content\/uploads\/2015\/04\/20150425_tragekonstruktion_1-470x252.jpg 470w, https:\/\/www.andreas-edler.de\/blog\/wp-content\/uploads\/2015\/04\/20150425_tragekonstruktion_1-250x134.jpg 250w, https:\/\/www.andreas-edler.de\/blog\/wp-content\/uploads\/2015\/04\/20150425_tragekonstruktion_1-100x54.jpg 100w, https:\/\/www.andreas-edler.de\/blog\/wp-content\/uploads\/2015\/04\/20150425_tragekonstruktion_1-150x80.jpg 150w, https:\/\/www.andreas-edler.de\/blog\/wp-content\/uploads\/2015\/04\/20150425_tragekonstruktion_1-200x107.jpg 200w, https:\/\/www.andreas-edler.de\/blog\/wp-content\/uploads\/2015\/04\/20150425_tragekonstruktion_1-300x161.jpg 300w, https:\/\/www.andreas-edler.de\/blog\/wp-content\/uploads\/2015\/04\/20150425_tragekonstruktion_1-450x241.jpg 450w, https:\/\/www.andreas-edler.de\/blog\/wp-content\/uploads\/2015\/04\/20150425_tragekonstruktion_1-600x321.jpg 600w, https:\/\/www.andreas-edler.de\/blog\/wp-content\/uploads\/2015\/04\/20150425_tragekonstruktion_1-900x482.jpg 900w, https:\/\/www.andreas-edler.de\/blog\/wp-content\/uploads\/2015\/04\/20150425_tragekonstruktion_1.jpg 1024w\" sizes=\"auto, (max-width: 470px) 100vw, 470px\" \/><\/a><figcaption id=\"caption-attachment-158854\" class=\"wp-caption-text\">Die ersten Balken der Tragekonstruktion sind gemessen und ges\u00e4gt.<\/figcaption><\/figure> <!--more--> Lose aufgelegt kann man schon ein bisschen erahnen, was da entstehen soll. Ich jedenfalls ;-) <figure id=\"attachment_158855\" aria-describedby=\"caption-attachment-158855\" style=\"width: 470px\" class=\"wp-caption aligncenter\"><a href=\"http:\/\/www.andreas-edler.de\/blog\/wp-content\/uploads\/2015\/04\/20150425_tragekonstruktion_in_beton.jpg\"><img loading=\"lazy\" decoding=\"async\" src=\"http:\/\/www.andreas-edler.de\/blog\/wp-content\/uploads\/2015\/04\/20150425_tragekonstruktion_in_beton-470x132.jpg\" alt=\"Die Balken wurden auf der dicken Teichfolie in Betonbatzen gelegt.\" width=\"470\" height=\"132\" class=\"size-large wp-image-158855\" srcset=\"https:\/\/www.andreas-edler.de\/blog\/wp-content\/uploads\/2015\/04\/20150425_tragekonstruktion_in_beton-470x132.jpg 470w, https:\/\/www.andreas-edler.de\/blog\/wp-content\/uploads\/2015\/04\/20150425_tragekonstruktion_in_beton-250x70.jpg 250w, https:\/\/www.andreas-edler.de\/blog\/wp-content\/uploads\/2015\/04\/20150425_tragekonstruktion_in_beton-100x28.jpg 100w, https:\/\/www.andreas-edler.de\/blog\/wp-content\/uploads\/2015\/04\/20150425_tragekonstruktion_in_beton-150x42.jpg 150w, https:\/\/www.andreas-edler.de\/blog\/wp-content\/uploads\/2015\/04\/20150425_tragekonstruktion_in_beton-200x56.jpg 200w, https:\/\/www.andreas-edler.de\/blog\/wp-content\/uploads\/2015\/04\/20150425_tragekonstruktion_in_beton-300x84.jpg 300w, https:\/\/www.andreas-edler.de\/blog\/wp-content\/uploads\/2015\/04\/20150425_tragekonstruktion_in_beton-450x127.jpg 450w, https:\/\/www.andreas-edler.de\/blog\/wp-content\/uploads\/2015\/04\/20150425_tragekonstruktion_in_beton-600x169.jpg 600w, https:\/\/www.andreas-edler.de\/blog\/wp-content\/uploads\/2015\/04\/20150425_tragekonstruktion_in_beton-900x253.jpg 900w, https:\/\/www.andreas-edler.de\/blog\/wp-content\/uploads\/2015\/04\/20150425_tragekonstruktion_in_beton.jpg 1024w\" sizes=\"auto, (max-width: 470px) 100vw, 470px\" \/><\/a><figcaption id=\"caption-attachment-158855\" class=\"wp-caption-text\">Die Balken wurden auf der dicken Teichfolie in Betonbatzen gelegt.<\/figcaption><\/figure> Hoffentlich h\u00e4lt das. Ich bin ein ziemlicher Schisser, aber vorher lagen die Steine auch nur in einer ganz d\u00fcnnen Schicht Beton und habe nicht gemuckt. Dann soll das so wohl auch reichen. Ist jedenfalls ziemlich fest alles. <figure id=\"attachment_158857\" aria-describedby=\"caption-attachment-158857\" style=\"width: 470px\" class=\"wp-caption aligncenter\"><a href=\"http:\/\/www.andreas-edler.de\/blog\/wp-content\/uploads\/2015\/04\/20150425_tragekonstruktion_stuetzen_verbuddeln.jpg\"><img loading=\"lazy\" decoding=\"async\" src=\"http:\/\/www.andreas-edler.de\/blog\/wp-content\/uploads\/2015\/04\/20150425_tragekonstruktion_stuetzen_verbuddeln-470x256.jpg\" alt=\"Punktfundamente f\u00fcr die restlichen St\u00fctzen ausheben.\" width=\"470\" height=\"256\" class=\"size-large wp-image-158857\" srcset=\"https:\/\/www.andreas-edler.de\/blog\/wp-content\/uploads\/2015\/04\/20150425_tragekonstruktion_stuetzen_verbuddeln-470x256.jpg 470w, https:\/\/www.andreas-edler.de\/blog\/wp-content\/uploads\/2015\/04\/20150425_tragekonstruktion_stuetzen_verbuddeln-250x136.jpg 250w, https:\/\/www.andreas-edler.de\/blog\/wp-content\/uploads\/2015\/04\/20150425_tragekonstruktion_stuetzen_verbuddeln-100x54.jpg 100w, https:\/\/www.andreas-edler.de\/blog\/wp-content\/uploads\/2015\/04\/20150425_tragekonstruktion_stuetzen_verbuddeln-150x82.jpg 150w, https:\/\/www.andreas-edler.de\/blog\/wp-content\/uploads\/2015\/04\/20150425_tragekonstruktion_stuetzen_verbuddeln-200x109.jpg 200w, https:\/\/www.andreas-edler.de\/blog\/wp-content\/uploads\/2015\/04\/20150425_tragekonstruktion_stuetzen_verbuddeln-300x163.jpg 300w, https:\/\/www.andreas-edler.de\/blog\/wp-content\/uploads\/2015\/04\/20150425_tragekonstruktion_stuetzen_verbuddeln-450x245.jpg 450w, https:\/\/www.andreas-edler.de\/blog\/wp-content\/uploads\/2015\/04\/20150425_tragekonstruktion_stuetzen_verbuddeln-600x326.jpg 600w, https:\/\/www.andreas-edler.de\/blog\/wp-content\/uploads\/2015\/04\/20150425_tragekonstruktion_stuetzen_verbuddeln-900x490.jpg 900w, https:\/\/www.andreas-edler.de\/blog\/wp-content\/uploads\/2015\/04\/20150425_tragekonstruktion_stuetzen_verbuddeln.jpg 1024w\" sizes=\"auto, (max-width: 470px) 100vw, 470px\" \/><\/a><figcaption id=\"caption-attachment-158857\" class=\"wp-caption-text\">Punktfundamente f\u00fcr die restlichen St\u00fctzen ausheben.<\/figcaption><\/figure> Da man die Belagbretter nicht auf einem Tragebalken befestigen kann, ben\u00f6tigen wir eine zweite Reihe. Die sollten wieder auf umgedrehten Pfostenhaltern aufliegen. Die L\u00f6cher waren schnell ausgehoben. <figure id=\"attachment_158856\" aria-describedby=\"caption-attachment-158856\" style=\"width: 470px\" class=\"wp-caption aligncenter\"><a href=\"http:\/\/www.andreas-edler.de\/blog\/wp-content\/uploads\/2015\/04\/20150425_tragekonstruktion_stuetzen_beton.jpg\"><img loading=\"lazy\" decoding=\"async\" src=\"http:\/\/www.andreas-edler.de\/blog\/wp-content\/uploads\/2015\/04\/20150425_tragekonstruktion_stuetzen_beton-470x216.jpg\" alt=\"Die Halter mit Zwingen an den Balken befestigt, ausgerichtet und in Beton gestellt!\" width=\"470\" height=\"216\" class=\"size-large wp-image-158856\" srcset=\"https:\/\/www.andreas-edler.de\/blog\/wp-content\/uploads\/2015\/04\/20150425_tragekonstruktion_stuetzen_beton-470x216.jpg 470w, https:\/\/www.andreas-edler.de\/blog\/wp-content\/uploads\/2015\/04\/20150425_tragekonstruktion_stuetzen_beton-250x115.jpg 250w, https:\/\/www.andreas-edler.de\/blog\/wp-content\/uploads\/2015\/04\/20150425_tragekonstruktion_stuetzen_beton-100x46.jpg 100w, https:\/\/www.andreas-edler.de\/blog\/wp-content\/uploads\/2015\/04\/20150425_tragekonstruktion_stuetzen_beton-150x69.jpg 150w, https:\/\/www.andreas-edler.de\/blog\/wp-content\/uploads\/2015\/04\/20150425_tragekonstruktion_stuetzen_beton-200x92.jpg 200w, https:\/\/www.andreas-edler.de\/blog\/wp-content\/uploads\/2015\/04\/20150425_tragekonstruktion_stuetzen_beton-300x138.jpg 300w, https:\/\/www.andreas-edler.de\/blog\/wp-content\/uploads\/2015\/04\/20150425_tragekonstruktion_stuetzen_beton-450x207.jpg 450w, https:\/\/www.andreas-edler.de\/blog\/wp-content\/uploads\/2015\/04\/20150425_tragekonstruktion_stuetzen_beton-600x276.jpg 600w, https:\/\/www.andreas-edler.de\/blog\/wp-content\/uploads\/2015\/04\/20150425_tragekonstruktion_stuetzen_beton-900x414.jpg 900w, https:\/\/www.andreas-edler.de\/blog\/wp-content\/uploads\/2015\/04\/20150425_tragekonstruktion_stuetzen_beton.jpg 1024w\" sizes=\"auto, (max-width: 470px) 100vw, 470px\" \/><\/a><figcaption id=\"caption-attachment-158856\" class=\"wp-caption-text\">Die Halter mit Zwingen an den Balken befestigt, ausgerichtet und in Beton gestellt!<\/figcaption><\/figure> Die Verankerung in Waage habe ich wieder wie bei der ersten Holzterrasse realisiert. Das hat gut geklappt und machte auch jetzt keine Probleme. Alex und Ben haben das Ganze schon mal wohlwollend begutachtet. <figure id=\"attachment_158862\" aria-describedby=\"caption-attachment-158862\" style=\"width: 470px\" class=\"wp-caption aligncenter\"><a href=\"http:\/\/www.andreas-edler.de\/blog\/wp-content\/uploads\/2015\/04\/20150425_gewebefolie_mit_steinen.jpg\"><img loading=\"lazy\" decoding=\"async\" src=\"http:\/\/www.andreas-edler.de\/blog\/wp-content\/uploads\/2015\/04\/20150425_gewebefolie_mit_steinen-470x264.jpg\" alt=\"Gewebefolie und Steine gegen Unkraut.\" width=\"470\" height=\"264\" class=\"size-large wp-image-158862\" srcset=\"https:\/\/www.andreas-edler.de\/blog\/wp-content\/uploads\/2015\/04\/20150425_gewebefolie_mit_steinen-470x264.jpg 470w, https:\/\/www.andreas-edler.de\/blog\/wp-content\/uploads\/2015\/04\/20150425_gewebefolie_mit_steinen-250x140.jpg 250w, https:\/\/www.andreas-edler.de\/blog\/wp-content\/uploads\/2015\/04\/20150425_gewebefolie_mit_steinen-100x56.jpg 100w, https:\/\/www.andreas-edler.de\/blog\/wp-content\/uploads\/2015\/04\/20150425_gewebefolie_mit_steinen-150x84.jpg 150w, https:\/\/www.andreas-edler.de\/blog\/wp-content\/uploads\/2015\/04\/20150425_gewebefolie_mit_steinen-200x112.jpg 200w, https:\/\/www.andreas-edler.de\/blog\/wp-content\/uploads\/2015\/04\/20150425_gewebefolie_mit_steinen-300x168.jpg 300w, https:\/\/www.andreas-edler.de\/blog\/wp-content\/uploads\/2015\/04\/20150425_gewebefolie_mit_steinen-450x253.jpg 450w, https:\/\/www.andreas-edler.de\/blog\/wp-content\/uploads\/2015\/04\/20150425_gewebefolie_mit_steinen-600x337.jpg 600w, https:\/\/www.andreas-edler.de\/blog\/wp-content\/uploads\/2015\/04\/20150425_gewebefolie_mit_steinen-900x505.jpg 900w, https:\/\/www.andreas-edler.de\/blog\/wp-content\/uploads\/2015\/04\/20150425_gewebefolie_mit_steinen.jpg 1024w\" sizes=\"auto, (max-width: 470px) 100vw, 470px\" \/><\/a><figcaption id=\"caption-attachment-158862\" class=\"wp-caption-text\">Gewebefolie und Steine gegen Unkraut.<\/figcaption><\/figure> Festschrauben geht so aber noch nicht. Erst muss in die kleine ausgehobene Grube eine Gewebefolie, damit kein Kraut und Wurzeln von unten unter dem Holz wuchert. Ein wenig \u00fcberstehen lassen und mit Steinen fixieren. Die haben wie so rumliegen und unter dem Holz st\u00f6ren sie nachher nicht mehr. <figure id=\"attachment_158861\" aria-describedby=\"caption-attachment-158861\" style=\"width: 470px\" class=\"wp-caption aligncenter\"><a href=\"http:\/\/www.andreas-edler.de\/blog\/wp-content\/uploads\/2015\/04\/20150425_erster_belag.jpg\"><img loading=\"lazy\" decoding=\"async\" src=\"http:\/\/www.andreas-edler.de\/blog\/wp-content\/uploads\/2015\/04\/20150425_erster_belag-470x250.jpg\" alt=\"Erste Belagbretter verschraubt.\" width=\"470\" height=\"250\" class=\"size-large wp-image-158861\" srcset=\"https:\/\/www.andreas-edler.de\/blog\/wp-content\/uploads\/2015\/04\/20150425_erster_belag-470x250.jpg 470w, https:\/\/www.andreas-edler.de\/blog\/wp-content\/uploads\/2015\/04\/20150425_erster_belag-250x133.jpg 250w, https:\/\/www.andreas-edler.de\/blog\/wp-content\/uploads\/2015\/04\/20150425_erster_belag-100x53.jpg 100w, https:\/\/www.andreas-edler.de\/blog\/wp-content\/uploads\/2015\/04\/20150425_erster_belag-150x80.jpg 150w, https:\/\/www.andreas-edler.de\/blog\/wp-content\/uploads\/2015\/04\/20150425_erster_belag-200x106.jpg 200w, https:\/\/www.andreas-edler.de\/blog\/wp-content\/uploads\/2015\/04\/20150425_erster_belag-300x160.jpg 300w, https:\/\/www.andreas-edler.de\/blog\/wp-content\/uploads\/2015\/04\/20150425_erster_belag-450x240.jpg 450w, https:\/\/www.andreas-edler.de\/blog\/wp-content\/uploads\/2015\/04\/20150425_erster_belag-600x319.jpg 600w, https:\/\/www.andreas-edler.de\/blog\/wp-content\/uploads\/2015\/04\/20150425_erster_belag-900x479.jpg 900w, https:\/\/www.andreas-edler.de\/blog\/wp-content\/uploads\/2015\/04\/20150425_erster_belag.jpg 1024w\" sizes=\"auto, (max-width: 470px) 100vw, 470px\" \/><\/a><figcaption id=\"caption-attachment-158861\" class=\"wp-caption-text\">Erste Belagbretter verschraubt.<\/figcaption><\/figure> Anfangs der Woche konnte ich die Finger nicht stillhalten und habe ein paar Bretter verschraubt. Ich habe beim Neubau im letzten Jahr ein paar alte Bretter hoch genommen und durch l\u00e4ngere neue ersetzt. Die alten habe ich nat\u00fcrlich nicht weg geschmissen, sondern f\u00fcr diesen Zweck aufbewahrt. Da der Wetterbericht ab dem Wochenende Regen f\u00fcr die n\u00e4chsten 14 Tage ansagte, habe ich kurz entschlossen den Freitag Urlaub genommen und bin morgens auf die Piste, um noch ein bisschen einzukaufen. <figure id=\"attachment_158859\" aria-describedby=\"caption-attachment-158859\" style=\"width: 470px\" class=\"wp-caption aligncenter\"><a href=\"http:\/\/www.andreas-edler.de\/blog\/wp-content\/uploads\/2015\/04\/20150425_yeti_nachschub.jpg\"><img loading=\"lazy\" decoding=\"async\" src=\"http:\/\/www.andreas-edler.de\/blog\/wp-content\/uploads\/2015\/04\/20150425_yeti_nachschub-470x168.jpg\" alt=\"Hab&#039; den Yeti vol geladen ...\" width=\"470\" height=\"168\" class=\"size-large wp-image-158859\" srcset=\"https:\/\/www.andreas-edler.de\/blog\/wp-content\/uploads\/2015\/04\/20150425_yeti_nachschub-470x168.jpg 470w, https:\/\/www.andreas-edler.de\/blog\/wp-content\/uploads\/2015\/04\/20150425_yeti_nachschub-250x89.jpg 250w, https:\/\/www.andreas-edler.de\/blog\/wp-content\/uploads\/2015\/04\/20150425_yeti_nachschub-100x36.jpg 100w, https:\/\/www.andreas-edler.de\/blog\/wp-content\/uploads\/2015\/04\/20150425_yeti_nachschub-150x54.jpg 150w, https:\/\/www.andreas-edler.de\/blog\/wp-content\/uploads\/2015\/04\/20150425_yeti_nachschub-200x71.jpg 200w, https:\/\/www.andreas-edler.de\/blog\/wp-content\/uploads\/2015\/04\/20150425_yeti_nachschub-300x107.jpg 300w, https:\/\/www.andreas-edler.de\/blog\/wp-content\/uploads\/2015\/04\/20150425_yeti_nachschub-450x161.jpg 450w, https:\/\/www.andreas-edler.de\/blog\/wp-content\/uploads\/2015\/04\/20150425_yeti_nachschub-600x214.jpg 600w, https:\/\/www.andreas-edler.de\/blog\/wp-content\/uploads\/2015\/04\/20150425_yeti_nachschub-900x322.jpg 900w, https:\/\/www.andreas-edler.de\/blog\/wp-content\/uploads\/2015\/04\/20150425_yeti_nachschub.jpg 1024w\" sizes=\"auto, (max-width: 470px) 100vw, 470px\" \/><\/a><figcaption id=\"caption-attachment-158859\" class=\"wp-caption-text\">Hab&#8216; den Yeti vol geladen &#8230;<\/figcaption><\/figure> Zu Horstmann ein paar Schrauben besorgen und dann zur Holzhandlung Gr\u00f6ne und noch ein bisschen Holz geholt. Das Restholz reicht ja sowieso nicht und der Weg hinter&#8217;m Haus will irgendwann dieses Jahr auch noch in Angriff genommen werden. Um halb 11 war ich wieder zu Hause und konnte das Werkzeug auf der Terrasse drapieren. <figure id=\"attachment_158858\" aria-describedby=\"caption-attachment-158858\" style=\"width: 470px\" class=\"wp-caption aligncenter\"><a href=\"http:\/\/www.andreas-edler.de\/blog\/wp-content\/uploads\/2015\/04\/20150425_werkzeug.jpg\"><img loading=\"lazy\" decoding=\"async\" src=\"http:\/\/www.andreas-edler.de\/blog\/wp-content\/uploads\/2015\/04\/20150425_werkzeug-470x276.jpg\" alt=\"Werkzeugpark @home\" width=\"470\" height=\"276\" class=\"size-large wp-image-158858\" srcset=\"https:\/\/www.andreas-edler.de\/blog\/wp-content\/uploads\/2015\/04\/20150425_werkzeug-470x276.jpg 470w, https:\/\/www.andreas-edler.de\/blog\/wp-content\/uploads\/2015\/04\/20150425_werkzeug-250x147.jpg 250w, https:\/\/www.andreas-edler.de\/blog\/wp-content\/uploads\/2015\/04\/20150425_werkzeug-100x59.jpg 100w, https:\/\/www.andreas-edler.de\/blog\/wp-content\/uploads\/2015\/04\/20150425_werkzeug-150x88.jpg 150w, https:\/\/www.andreas-edler.de\/blog\/wp-content\/uploads\/2015\/04\/20150425_werkzeug-200x117.jpg 200w, https:\/\/www.andreas-edler.de\/blog\/wp-content\/uploads\/2015\/04\/20150425_werkzeug-300x176.jpg 300w, https:\/\/www.andreas-edler.de\/blog\/wp-content\/uploads\/2015\/04\/20150425_werkzeug-450x264.jpg 450w, https:\/\/www.andreas-edler.de\/blog\/wp-content\/uploads\/2015\/04\/20150425_werkzeug-600x352.jpg 600w, https:\/\/www.andreas-edler.de\/blog\/wp-content\/uploads\/2015\/04\/20150425_werkzeug-900x528.jpg 900w, https:\/\/www.andreas-edler.de\/blog\/wp-content\/uploads\/2015\/04\/20150425_werkzeug.jpg 1024w\" sizes=\"auto, (max-width: 470px) 100vw, 470px\" \/><\/a><figcaption id=\"caption-attachment-158858\" class=\"wp-caption-text\">Werkzeugpark @home<\/figcaption><\/figure> Es war warm und angenehm und Lust zum Basteln hatte ich. L\u00e4uft! Bei den Kurven war ich mir am Anfang der Bastelei noch nicht sicher, aber das hat auch ganz gut hingehauen. <figure id=\"attachment_158863\" aria-describedby=\"caption-attachment-158863\" style=\"width: 470px\" class=\"wp-caption aligncenter\"><a href=\"http:\/\/www.andreas-edler.de\/blog\/wp-content\/uploads\/2015\/04\/20150425_kanten_absaegen.jpg\"><img loading=\"lazy\" decoding=\"async\" src=\"http:\/\/www.andreas-edler.de\/blog\/wp-content\/uploads\/2015\/04\/20150425_kanten_absaegen-470x231.jpg\" alt=\"Kanten absaegen mit langer Leiste.\" width=\"470\" height=\"231\" class=\"size-large wp-image-158863\" srcset=\"https:\/\/www.andreas-edler.de\/blog\/wp-content\/uploads\/2015\/04\/20150425_kanten_absaegen-470x231.jpg 470w, https:\/\/www.andreas-edler.de\/blog\/wp-content\/uploads\/2015\/04\/20150425_kanten_absaegen-250x123.jpg 250w, https:\/\/www.andreas-edler.de\/blog\/wp-content\/uploads\/2015\/04\/20150425_kanten_absaegen-100x49.jpg 100w, https:\/\/www.andreas-edler.de\/blog\/wp-content\/uploads\/2015\/04\/20150425_kanten_absaegen-150x74.jpg 150w, https:\/\/www.andreas-edler.de\/blog\/wp-content\/uploads\/2015\/04\/20150425_kanten_absaegen-200x98.jpg 200w, https:\/\/www.andreas-edler.de\/blog\/wp-content\/uploads\/2015\/04\/20150425_kanten_absaegen-300x148.jpg 300w, https:\/\/www.andreas-edler.de\/blog\/wp-content\/uploads\/2015\/04\/20150425_kanten_absaegen-450x221.jpg 450w, https:\/\/www.andreas-edler.de\/blog\/wp-content\/uploads\/2015\/04\/20150425_kanten_absaegen-600x295.jpg 600w, https:\/\/www.andreas-edler.de\/blog\/wp-content\/uploads\/2015\/04\/20150425_kanten_absaegen-900x443.jpg 900w, https:\/\/www.andreas-edler.de\/blog\/wp-content\/uploads\/2015\/04\/20150425_kanten_absaegen.jpg 1024w\" sizes=\"auto, (max-width: 470px) 100vw, 470px\" \/><\/a><figcaption id=\"caption-attachment-158863\" class=\"wp-caption-text\">Kanten absaegen mit langer Leiste.<\/figcaption><\/figure> Ich habe lange \u00fcberlegt, wie ich die einzelnen Bretter so exakt abl\u00e4nge, bis mir einfiel, dass ich die doch einfach mit der Handkreiss\u00e4ge am Ende k\u00fcrzen k\u00f6nnte. Gesagt, getan. <figure id=\"attachment_158860\" aria-describedby=\"caption-attachment-158860\" style=\"width: 470px\" class=\"wp-caption aligncenter\"><a href=\"http:\/\/www.andreas-edler.de\/blog\/wp-content\/uploads\/2015\/04\/20150425_ende_des_tages.jpg\"><img loading=\"lazy\" decoding=\"async\" src=\"http:\/\/www.andreas-edler.de\/blog\/wp-content\/uploads\/2015\/04\/20150425_ende_des_tages-470x281.jpg\" alt=\"Ende des Tages. Feierabend.\" width=\"470\" height=\"281\" class=\"size-large wp-image-158860\" srcset=\"https:\/\/www.andreas-edler.de\/blog\/wp-content\/uploads\/2015\/04\/20150425_ende_des_tages-470x281.jpg 470w, https:\/\/www.andreas-edler.de\/blog\/wp-content\/uploads\/2015\/04\/20150425_ende_des_tages-250x150.jpg 250w, https:\/\/www.andreas-edler.de\/blog\/wp-content\/uploads\/2015\/04\/20150425_ende_des_tages-100x60.jpg 100w, https:\/\/www.andreas-edler.de\/blog\/wp-content\/uploads\/2015\/04\/20150425_ende_des_tages-150x90.jpg 150w, https:\/\/www.andreas-edler.de\/blog\/wp-content\/uploads\/2015\/04\/20150425_ende_des_tages-200x120.jpg 200w, https:\/\/www.andreas-edler.de\/blog\/wp-content\/uploads\/2015\/04\/20150425_ende_des_tages-300x180.jpg 300w, https:\/\/www.andreas-edler.de\/blog\/wp-content\/uploads\/2015\/04\/20150425_ende_des_tages-450x269.jpg 450w, https:\/\/www.andreas-edler.de\/blog\/wp-content\/uploads\/2015\/04\/20150425_ende_des_tages-600x359.jpg 600w, https:\/\/www.andreas-edler.de\/blog\/wp-content\/uploads\/2015\/04\/20150425_ende_des_tages-900x539.jpg 900w, https:\/\/www.andreas-edler.de\/blog\/wp-content\/uploads\/2015\/04\/20150425_ende_des_tages.jpg 1024w\" sizes=\"auto, (max-width: 470px) 100vw, 470px\" \/><\/a><figcaption id=\"caption-attachment-158860\" class=\"wp-caption-text\">Ende des Tages. Feierabend.<\/figcaption><\/figure> Leider musste ich recht fr\u00fch Feierabend machen, weil ich um 16:30 Uhr einen Termin in Sachen Freifunk hatte. Bin aber trotzdem ganz zufrieden mit dem Tagewerk. Ich denke, bis Pfingsten bin ich damit durch :-)<\/p>\n","protected":false},"excerpt":{"rendered":"<p>So richtig am Teichrand arbeiten kann ich nicht. In den letzten 14 Tagen habe ich immer mal wieder was gemacht.So z.B. die Tragekonstruktion vorbereitet. Dazu musste das Restholz herhalten, welches ich im Carport gelagert habe.<\/p>\n","protected":false},"author":1,"featured_media":0,"comment_status":"open","ping_status":"open","sticky":false,"template":"","format":"standard","meta":{"ngg_post_thumbnail":0,"activitypub_content_warning":"","activitypub_content_visibility":"","activitypub_max_image_attachments":2,"activitypub_interaction_policy_quote":"anyone","activitypub_status":"","footnotes":""},"categories":[22],"tags":[31,38,26,185],"class_list":["post-158853","post","type-post","status-publish","format-standard","hentry","category-basteln","tag-garten","tag-haus","tag-holzterrasse","tag-teich"],"share_on_mastodon":{"url":"","error":""},"_links":{"self":[{"href":"https:\/\/www.andreas-edler.de\/blog\/wp-json\/wp\/v2\/posts\/158853","targetHints":{"allow":["GET"]}}],"collection":[{"href":"https:\/\/www.andreas-edler.de\/blog\/wp-json\/wp\/v2\/posts"}],"about":[{"href":"https:\/\/www.andreas-edler.de\/blog\/wp-json\/wp\/v2\/types\/post"}],"author":[{"embeddable":true,"href":"https:\/\/www.andreas-edler.de\/blog\/wp-json\/wp\/v2\/users\/1"}],"replies":[{"embeddable":true,"href":"https:\/\/www.andreas-edler.de\/blog\/wp-json\/wp\/v2\/comments?post=158853"}],"version-history":[{"count":0,"href":"https:\/\/www.andreas-edler.de\/blog\/wp-json\/wp\/v2\/posts\/158853\/revisions"}],"wp:attachment":[{"href":"https:\/\/www.andreas-edler.de\/blog\/wp-json\/wp\/v2\/media?parent=158853"}],"wp:term":[{"taxonomy":"category","embeddable":true,"href":"https:\/\/www.andreas-edler.de\/blog\/wp-json\/wp\/v2\/categories?post=158853"},{"taxonomy":"post_tag","embeddable":true,"href":"https:\/\/www.andreas-edler.de\/blog\/wp-json\/wp\/v2\/tags?post=158853"}],"curies":[{"name":"wp","href":"https:\/\/api.w.org\/{rel}","templated":true}]}}