{"id":158840,"date":"2015-04-18T22:01:05","date_gmt":"2015-04-18T20:01:05","guid":{"rendered":"http:\/\/www.andreas-edler.de\/blog\/?p=158840"},"modified":"2015-04-18T22:01:05","modified_gmt":"2015-04-18T20:01:05","slug":"feierabendrunde-mit-unfreiwilliger-dusche","status":"publish","type":"post","link":"https:\/\/www.andreas-edler.de\/blog\/2015\/04\/feierabendrunde-mit-unfreiwilliger-dusche\/","title":{"rendered":"Feierabendrunde mit unfreiwilliger Dusche"},"content":{"rendered":"<p>Nach getaner Gartenarbeit war noch ein bisschen Resttag \u00fcbrig, den ich gerne f\u00fcr eine kleine Runde mit dem Rad nutzen wollte. Ohne Ingress, nur mal fix nach Porta und zur\u00fcck. Um halb 7 bin ich dann auch endlich los gekommen. Ich war zwar recht kaputt, aber die frische Luft und die Sonne machten das Treten recht angenehm. Habe mich selbst gewundert, wie gut ich rum kam.<br \/>\n<!--more--><br \/>\nKurz vorm Drachenfliegerlandeplatz begegnete ich einem Bekannten, den ich im Vorbeifahren noch gr\u00fc\u00dfte. Schien auf einem Faltrad unterwegs zu sein, da ich aber gerade so gut im Tritt war, habe ich nicht gehalten. Ein paar Meter weiter war der Weg wegen Hochwasser gesperrt. Nun, an der Werre in Bad Oeynhausen ist das ganze Jahr Hochwasser ausgeschildert und ich hatte das Wasser letztlich von der B61 aus schon gesehen. Bin also drum rum gekurvt und hatte dann auch nach ein paar hundert Metern die gro\u00dfen &#8222;Pf\u00fctzen&#8220; vor mir. Waren knapp 15 Zentimeter tief und lie\u00dfen sich recht gut langsam durchrollen. Was ich auch tat. Als ich gerade in der zweiten Pf\u00fctze war h\u00f6rte ich von hinten lautes Hallo &#8230; und war auch schon von oben bis unten nass. Der Bekannte ist mit seinem Elektrorad mit vollem Karacho durch die Pf\u00fctze gefahren und hat mich mitten drin \u00fcberholt.<\/p>\n<p>Ich bin nicht am\u00fcsiert. Mir wurde zwar ein Entschuldigung zugerufen und gesagt, dass er mindestens so nass sei wie ich, aber was bringt mir das? Und den elektrischen Ger\u00e4ten am Lenker? Sagte noch, dass er dachte es sei nur eine Pf\u00fctze! Hallo, das spritzt genauso! Und dann war es *die zweite* so tiefe Stelle. Und ich fuhr ganz langsam da durch. Wie viele Anzeichen braucht man noch, um nicht wie ein Berserker in das Wasser zu fahren und andere nass zu machen? Deswegen war seine Vermutung &#8222;Du kennst die Stelle wohl?&#8220; richtig &#8230; nur ein paar Sekunden zu sp\u00e4t. Nein, das fand ich nicht lustig. Ich denke, er liest das hier.<\/p>\n<p>Die letzten Kilometer liefen genauso fl\u00fcssig wie davor. Sch\u00f6ne Runde :-)<\/p>\n<p>21,6 Km | 37,7 Km\/h max. | 26,1 Km\/h Schnitt | 72 H\u00f6henmeter<\/p>\n<p style=\"text-align:center;font-size: smaller;\"><iframe src='https:\/\/connect.garmin.com\/activity\/embed\/749973896' width='465' height='500' frameborder='0'><\/iframe><\/p>\n","protected":false},"excerpt":{"rendered":"<p>Nach getaner Gartenarbeit war noch ein bisschen Resttag \u00fcbrig, den ich gerne f\u00fcr eine kleine Runde mit dem Rad nutzen wollte. Ohne Ingress, nur mal fix nach Porta und zur\u00fcck. Um halb 7 bin ich dann auch endlich los gekommen. &hellip;<\/p>\n<p class=\"read-more\"> <a class=\"more-link\" href=\"https:\/\/www.andreas-edler.de\/blog\/2015\/04\/feierabendrunde-mit-unfreiwilliger-dusche\/\"> <span class=\"screen-reader-text\">Feierabendrunde mit unfreiwilliger Dusche<\/span> Weiterlesen &raquo;<\/a><\/p>\n","protected":false},"author":1,"featured_media":0,"comment_status":"open","ping_status":"open","sticky":false,"template":"","format":"standard","meta":{"ngg_post_thumbnail":0,"activitypub_content_warning":"","activitypub_content_visibility":"","activitypub_max_image_attachments":2,"activitypub_interaction_policy_quote":"anyone","activitypub_status":"","footnotes":""},"categories":[15,45],"tags":[63],"class_list":["post-158840","post","type-post","status-publish","format-standard","hentry","category-fahrrad","category-politik","tag-benehmen"],"share_on_mastodon":{"url":"","error":""},"_links":{"self":[{"href":"https:\/\/www.andreas-edler.de\/blog\/wp-json\/wp\/v2\/posts\/158840","targetHints":{"allow":["GET"]}}],"collection":[{"href":"https:\/\/www.andreas-edler.de\/blog\/wp-json\/wp\/v2\/posts"}],"about":[{"href":"https:\/\/www.andreas-edler.de\/blog\/wp-json\/wp\/v2\/types\/post"}],"author":[{"embeddable":true,"href":"https:\/\/www.andreas-edler.de\/blog\/wp-json\/wp\/v2\/users\/1"}],"replies":[{"embeddable":true,"href":"https:\/\/www.andreas-edler.de\/blog\/wp-json\/wp\/v2\/comments?post=158840"}],"version-history":[{"count":0,"href":"https:\/\/www.andreas-edler.de\/blog\/wp-json\/wp\/v2\/posts\/158840\/revisions"}],"wp:attachment":[{"href":"https:\/\/www.andreas-edler.de\/blog\/wp-json\/wp\/v2\/media?parent=158840"}],"wp:term":[{"taxonomy":"category","embeddable":true,"href":"https:\/\/www.andreas-edler.de\/blog\/wp-json\/wp\/v2\/categories?post=158840"},{"taxonomy":"post_tag","embeddable":true,"href":"https:\/\/www.andreas-edler.de\/blog\/wp-json\/wp\/v2\/tags?post=158840"}],"curies":[{"name":"wp","href":"https:\/\/api.w.org\/{rel}","templated":true}]}}