{"id":158715,"date":"2015-02-10T21:37:19","date_gmt":"2015-02-10T20:37:19","guid":{"rendered":"http:\/\/www.andreas-edler.de\/blog\/?p=158715"},"modified":"2015-02-12T17:56:28","modified_gmt":"2015-02-12T16:56:28","slug":"sielwehr-renaturierung","status":"publish","type":"post","link":"https:\/\/www.andreas-edler.de\/blog\/2015\/02\/sielwehr-renaturierung\/","title":{"rendered":"Sielwehr-Renaturierung"},"content":{"rendered":"<p>Die Entscheidung, endlich in das Verfahren zur Renaturierung des Sielwehrs in Werste einzusteigen h\u00e4tten wird Jahre vorher f\u00e4llen k\u00f6nnen. Es hat sich seit ich das erste Gutachten dazu gelesen habe, essentiell nichts ver\u00e4ndert. Die Faktenlage ist gleich geblieben und alle Informationen zum Genehmigungsverfahren liegen und lagen seit sehr langer Zeit vor. Hier wurde v\u00f6llig unn\u00f6tig Zeit vergeudet. Erschreckend auch, dass mir niemand derjenigen, die bisher dagegen votierten, einen sachlichen Grund nennen konnte. Sei&#8217;s drum &#8230; endlich geht es weiter.<\/p>\n","protected":false},"excerpt":{"rendered":"<p>Die Entscheidung, endlich in das Verfahren zur Renaturierung des Sielwehrs in Werste einzusteigen h\u00e4tten wird Jahre vorher f\u00e4llen k\u00f6nnen. Es hat sich seit ich das erste Gutachten dazu gelesen habe, essentiell nichts ver\u00e4ndert. Die Faktenlage ist gleich geblieben und alle &hellip;<\/p>\n<p class=\"read-more\"> <a class=\"more-link\" href=\"https:\/\/www.andreas-edler.de\/blog\/2015\/02\/sielwehr-renaturierung\/\"> <span class=\"screen-reader-text\">Sielwehr-Renaturierung<\/span> Weiterlesen &raquo;<\/a><\/p>\n","protected":false},"author":1,"featured_media":0,"comment_status":"open","ping_status":"open","sticky":false,"template":"","format":"standard","meta":{"ngg_post_thumbnail":0,"activitypub_content_warning":"","activitypub_content_visibility":"","activitypub_max_image_attachments":2,"activitypub_interaction_policy_quote":"anyone","activitypub_status":"","footnotes":""},"categories":[14,45],"tags":[75,125,70,72],"class_list":["post-158715","post","type-post","status-publish","format-standard","hentry","category-bad-oeynhausen","category-politik","tag-grun","tag-sielwehr","tag-umwelt","tag-verwaltung"],"share_on_mastodon":{"url":"","error":""},"_links":{"self":[{"href":"https:\/\/www.andreas-edler.de\/blog\/wp-json\/wp\/v2\/posts\/158715","targetHints":{"allow":["GET"]}}],"collection":[{"href":"https:\/\/www.andreas-edler.de\/blog\/wp-json\/wp\/v2\/posts"}],"about":[{"href":"https:\/\/www.andreas-edler.de\/blog\/wp-json\/wp\/v2\/types\/post"}],"author":[{"embeddable":true,"href":"https:\/\/www.andreas-edler.de\/blog\/wp-json\/wp\/v2\/users\/1"}],"replies":[{"embeddable":true,"href":"https:\/\/www.andreas-edler.de\/blog\/wp-json\/wp\/v2\/comments?post=158715"}],"version-history":[{"count":0,"href":"https:\/\/www.andreas-edler.de\/blog\/wp-json\/wp\/v2\/posts\/158715\/revisions"}],"wp:attachment":[{"href":"https:\/\/www.andreas-edler.de\/blog\/wp-json\/wp\/v2\/media?parent=158715"}],"wp:term":[{"taxonomy":"category","embeddable":true,"href":"https:\/\/www.andreas-edler.de\/blog\/wp-json\/wp\/v2\/categories?post=158715"},{"taxonomy":"post_tag","embeddable":true,"href":"https:\/\/www.andreas-edler.de\/blog\/wp-json\/wp\/v2\/tags?post=158715"}],"curies":[{"name":"wp","href":"https:\/\/api.w.org\/{rel}","templated":true}]}}