{"id":158699,"date":"2015-02-01T11:57:29","date_gmt":"2015-02-01T10:57:29","guid":{"rendered":"http:\/\/www.andreas-edler.de\/blog\/?p=158699"},"modified":"2015-02-01T11:57:29","modified_gmt":"2015-02-01T10:57:29","slug":"zweierlei-mass","status":"publish","type":"post","link":"https:\/\/www.andreas-edler.de\/blog\/2015\/02\/zweierlei-mass\/","title":{"rendered":"Zweierlei Ma\u00df"},"content":{"rendered":"<p>In Paris bringen Fanatiker aus religi\u00f6sen Gr\u00fcnden in den Redaktionsr\u00e4umen einer Satirezeitschrift, welche sich \u00fcber Religionen lustig machte, mehr als ein Dutzend Menschen um. &#8222;Je suis Charlie&#8220; ist seitdem in aller Munde, hunderttausende gehen auf die Stra\u00dfen und demonstrieren f\u00fcr Meinungsfreiheit und Gleichheit. Die Staatschefs vieler L\u00e4nder &#8211; wenn auch nicht an vorderster Front &#8211; reihen sich ein und demonstrieren Geschlossenheit.<\/p>\n<p>In Saudi Arabien l\u00e4sst der Staat einen sachlichen Kritiker (zumindest wenn es stimmt, was berichtet wird) der Religion bzw. deren weltlicher Auspr\u00e4gung <a href=\"http:\/\/www.zeit.de\/politik\/ausland\/2015-01\/badawi-saudi-arabien-auspeitschung-aussetzung\">zu 10 Jahren Haft und 1.000 Stockhieben<\/a> verurteilen. Sollten diese Hiebe tats\u00e4chlich alle vorgenommen werden, wird Raif Badawi diese Strafe voraussichtlich nicht \u00fcberleben. Je suis Raif? Ich bekomme diesen Aufschrei nicht mit.<br \/>\n<!--more--><br \/>\nRaif Badawi hat seine Strafe weit weg von usn bekommen. Es betrifft hier niemanden. Darum wird es auch nicht derart dar\u00fcber berichtet. Ich habe neulich einen <a href=\"http:\/\/www.andreas-edler.de\/blog\/2015\/01\/es-ist-genug-jetzt\/\" title=\"Es ist genug jetzt\">b\u00f6sen Rant auf Religionen und Kirche<\/a> geschrieben und daf\u00fcr nicht nur online einige Worte einstecken m\u00fcssen. Aber auch viel &#8211; und vor allen Dingen mehr &#8211; Zustimmung. Ich habe den Post online gelassen &#8211; weil ich genau daran glaube, was ich dort geschrieben habe!<\/p>\n<p>In was f\u00fcr einer Welt leben wir denn, dass Menschen wegen dem Glauben an irgendein \u00e4therisches Wesen totgepeitscht werden? Millionen gehen auf die Stra\u00dfe, wenn in Paris Menschen sterben &#8211; zu Recht! Wieviele sind wegen der Vorkommnisse in Saudi-Arabien drau\u00dfen? Wie verlogen ist vor allen Dingen die Politikriege in Berlin, die in Paris mitl\u00e4uft, Saudi-Arabien mit dem Finger droht und &#8222;b\u00f6ser Junge&#8220; sagte, gleichzeitig aber weiter Waffen liefert und gut Freund tut? Ich kann das nicht verstehen. Es widert mich an.<\/p>\n<p>Religion und Staat geh\u00f6rt getrennt, Glauben kann man zu Hause, aber es hat *niemanden* *NIEMANDEN* etwas anzugehen. Man kann, darf und muss sich dar\u00fcber lustig machen d\u00fcrfen und man kann, darf und muss es kritisieren d\u00fcrfen. Und das kann und muss von jedem ausgehalten werden. Punkt. Und wer mir mit &#8222;Aber der Islam &#8230;&#8220; kommt &#8230; Leute, Mohammed ist gut 600 Jahre nach Jesus \u00fcber die Welt gelaufen. Guckt mal was das Christentum vor 600 &#8211; 700 Jahren und davor so alles veranstaltet hat.<\/p>\n<p>Ich bin sehr, sehr ersch\u00fcttert \u00fcber das, was weltweit passiert. In Paris, in Dresden, in Saudi-Arabien, in Afrika &#8230; alles wegen Religion. Und wegen stumpfer Wirtschaftsinteressen wird nicht gehandelt. Sauber.<\/p>\n","protected":false},"excerpt":{"rendered":"<p>In Paris bringen Fanatiker aus religi\u00f6sen Gr\u00fcnden in den Redaktionsr\u00e4umen einer Satirezeitschrift, welche sich \u00fcber Religionen lustig machte, mehr als ein Dutzend Menschen um. &#8222;Je suis Charlie&#8220; ist seitdem in aller Munde, hunderttausende gehen auf die Stra\u00dfen und demonstrieren f\u00fcr &hellip;<\/p>\n<p class=\"read-more\"> <a class=\"more-link\" href=\"https:\/\/www.andreas-edler.de\/blog\/2015\/02\/zweierlei-mass\/\"> <span class=\"screen-reader-text\">Zweierlei Ma\u00df<\/span> Weiterlesen &raquo;<\/a><\/p>\n","protected":false},"author":1,"featured_media":0,"comment_status":"open","ping_status":"open","sticky":false,"template":"","format":"standard","meta":{"ngg_post_thumbnail":0,"activitypub_content_warning":"","activitypub_content_visibility":"","activitypub_max_image_attachments":2,"activitypub_interaction_policy_quote":"anyone","activitypub_status":"","footnotes":""},"categories":[18,45],"tags":[74],"class_list":["post-158699","post","type-post","status-publish","format-standard","hentry","category-fraglich","category-politik","tag-religion"],"share_on_mastodon":{"url":"","error":""},"_links":{"self":[{"href":"https:\/\/www.andreas-edler.de\/blog\/wp-json\/wp\/v2\/posts\/158699","targetHints":{"allow":["GET"]}}],"collection":[{"href":"https:\/\/www.andreas-edler.de\/blog\/wp-json\/wp\/v2\/posts"}],"about":[{"href":"https:\/\/www.andreas-edler.de\/blog\/wp-json\/wp\/v2\/types\/post"}],"author":[{"embeddable":true,"href":"https:\/\/www.andreas-edler.de\/blog\/wp-json\/wp\/v2\/users\/1"}],"replies":[{"embeddable":true,"href":"https:\/\/www.andreas-edler.de\/blog\/wp-json\/wp\/v2\/comments?post=158699"}],"version-history":[{"count":0,"href":"https:\/\/www.andreas-edler.de\/blog\/wp-json\/wp\/v2\/posts\/158699\/revisions"}],"wp:attachment":[{"href":"https:\/\/www.andreas-edler.de\/blog\/wp-json\/wp\/v2\/media?parent=158699"}],"wp:term":[{"taxonomy":"category","embeddable":true,"href":"https:\/\/www.andreas-edler.de\/blog\/wp-json\/wp\/v2\/categories?post=158699"},{"taxonomy":"post_tag","embeddable":true,"href":"https:\/\/www.andreas-edler.de\/blog\/wp-json\/wp\/v2\/tags?post=158699"}],"curies":[{"name":"wp","href":"https:\/\/api.w.org\/{rel}","templated":true}]}}