{"id":158530,"date":"2014-12-05T20:42:21","date_gmt":"2014-12-05T19:42:21","guid":{"rendered":"http:\/\/www.andreas-edler.de\/blog\/?p=158530"},"modified":"2014-12-05T20:59:13","modified_gmt":"2014-12-05T19:59:13","slug":"sind-fahrradfahrer-keine-verkehrsteilnehmer","status":"publish","type":"post","link":"https:\/\/www.andreas-edler.de\/blog\/2014\/12\/sind-fahrradfahrer-keine-verkehrsteilnehmer\/","title":{"rendered":"Sind Fahrradfahrer keine Verkehrsteilnehmer?"},"content":{"rendered":"<p><figure id=\"attachment_158531\" aria-describedby=\"caption-attachment-158531\" style=\"width: 300px\" class=\"wp-caption alignright\"><a href=\"http:\/\/www.andreas-edler.de\/blog\/wp-content\/uploads\/2014\/12\/20141205_zielgruppe_parkierungseinrichtungen.png\"><img loading=\"lazy\" decoding=\"async\" src=\"http:\/\/www.andreas-edler.de\/blog\/wp-content\/uploads\/2014\/12\/20141205_zielgruppe_parkierungseinrichtungen-300x129.png\" alt=\"Unterscheidung zwischen Verkehrsteilnehmern und Fahrradfahrern\" width=\"300\" height=\"129\" class=\"size-medium wp-image-158531\" srcset=\"https:\/\/www.andreas-edler.de\/blog\/wp-content\/uploads\/2014\/12\/20141205_zielgruppe_parkierungseinrichtungen-300x129.png 300w, https:\/\/www.andreas-edler.de\/blog\/wp-content\/uploads\/2014\/12\/20141205_zielgruppe_parkierungseinrichtungen-100x43.png 100w, https:\/\/www.andreas-edler.de\/blog\/wp-content\/uploads\/2014\/12\/20141205_zielgruppe_parkierungseinrichtungen-150x64.png 150w, https:\/\/www.andreas-edler.de\/blog\/wp-content\/uploads\/2014\/12\/20141205_zielgruppe_parkierungseinrichtungen-200x86.png 200w, https:\/\/www.andreas-edler.de\/blog\/wp-content\/uploads\/2014\/12\/20141205_zielgruppe_parkierungseinrichtungen-450x193.png 450w, https:\/\/www.andreas-edler.de\/blog\/wp-content\/uploads\/2014\/12\/20141205_zielgruppe_parkierungseinrichtungen.png 493w\" sizes=\"auto, (max-width: 300px) 100vw, 300px\" \/><\/a><figcaption id=\"caption-attachment-158531\" class=\"wp-caption-text\">Unterscheidung zwischen Verkehrsteilnehmern und Fahrradfahrern<\/figcaption><\/figure> Ich musste beim Durcharbeiten des Haushaltsplanentwurfes der Stadt Bad Oeynhausen ein bisschen schmunzeln. Augenscheinlich ist man in der Verwaltung der Meinung, man m\u00fcsse Fahrradfahrer noch einmal ausdr\u00fccklich von Verkehrsteilnehmern bzw. -innen differenzieren. Und es scheint auch nur m\u00e4nnliche Radfahrende zu geben. Anders kann ich mir die Auflistung der Zielgruppen f\u00fcr Parkierungsanlagen nicht erkl\u00e4ren ;-)<br \/>\n<!--more--><br \/>\nUnd warum B\u00fcrger und B\u00fcrgerinnen noch einmal eine andere Zielgruppe sind, als Verkehrsteilnehmer und Verkehrsteilnehmerinnen, erschlie\u00dft sich mir auch nicht. Fr\u00fcher in der Grundschule mussten wir immer so Kreise aufmalen und da rote, gr\u00fcne, blaue, gelbe Dreiecke, Quadrate oder Kreise reinlegen. Mengenlehre. Mit Schnittmengen. Ich w\u00fcrde mal behaupten, dass es auch bei B\u00fcrgern, Verkehrsteilnehmern und Fahrradfahrern gewisse Schnittmengen geben muss ;-)<\/p>\n<p>Ja, ich wei\u00df, Clown gefr\u00fchst\u00fcckt &#8230; obwohl, vielleicht ist das auch Ernst gemeint. Es steht immerhin so im Haushalt! Dann bin ich auf dem Fahrrad also kein Verkehrsteilnehmer.<\/p>\n","protected":false},"excerpt":{"rendered":"<p>Ich musste beim Durcharbeiten des Haushaltsplanentwurfes der Stadt Bad Oeynhausen ein bisschen schmunzeln. Augenscheinlich ist man in der Verwaltung der Meinung, man m\u00fcsse Fahrradfahrer noch einmal ausdr\u00fccklich von Verkehrsteilnehmern bzw. -innen differenzieren. Und es scheint auch nur m\u00e4nnliche Radfahrende zu &hellip;<\/p>\n<p class=\"read-more\"> <a class=\"more-link\" href=\"https:\/\/www.andreas-edler.de\/blog\/2014\/12\/sind-fahrradfahrer-keine-verkehrsteilnehmer\/\"> <span class=\"screen-reader-text\">Sind Fahrradfahrer keine Verkehrsteilnehmer?<\/span> Weiterlesen &raquo;<\/a><\/p>\n","protected":false},"author":1,"featured_media":0,"comment_status":"open","ping_status":"open","sticky":false,"template":"","format":"standard","meta":{"ngg_post_thumbnail":0,"activitypub_content_warning":"","activitypub_content_visibility":"","activitypub_max_image_attachments":2,"activitypub_interaction_policy_quote":"anyone","activitypub_status":"","footnotes":""},"categories":[14,15],"tags":[34,72],"class_list":["post-158530","post","type-post","status-publish","format-standard","hentry","category-bad-oeynhausen","category-fahrrad","tag-kommunikation","tag-verwaltung"],"share_on_mastodon":{"url":"","error":""},"_links":{"self":[{"href":"https:\/\/www.andreas-edler.de\/blog\/wp-json\/wp\/v2\/posts\/158530","targetHints":{"allow":["GET"]}}],"collection":[{"href":"https:\/\/www.andreas-edler.de\/blog\/wp-json\/wp\/v2\/posts"}],"about":[{"href":"https:\/\/www.andreas-edler.de\/blog\/wp-json\/wp\/v2\/types\/post"}],"author":[{"embeddable":true,"href":"https:\/\/www.andreas-edler.de\/blog\/wp-json\/wp\/v2\/users\/1"}],"replies":[{"embeddable":true,"href":"https:\/\/www.andreas-edler.de\/blog\/wp-json\/wp\/v2\/comments?post=158530"}],"version-history":[{"count":0,"href":"https:\/\/www.andreas-edler.de\/blog\/wp-json\/wp\/v2\/posts\/158530\/revisions"}],"wp:attachment":[{"href":"https:\/\/www.andreas-edler.de\/blog\/wp-json\/wp\/v2\/media?parent=158530"}],"wp:term":[{"taxonomy":"category","embeddable":true,"href":"https:\/\/www.andreas-edler.de\/blog\/wp-json\/wp\/v2\/categories?post=158530"},{"taxonomy":"post_tag","embeddable":true,"href":"https:\/\/www.andreas-edler.de\/blog\/wp-json\/wp\/v2\/tags?post=158530"}],"curies":[{"name":"wp","href":"https:\/\/api.w.org\/{rel}","templated":true}]}}