{"id":158526,"date":"2014-12-03T21:24:19","date_gmt":"2014-12-03T20:24:19","guid":{"rendered":"http:\/\/www.andreas-edler.de\/blog\/?p=158526"},"modified":"2021-02-15T11:11:08","modified_gmt":"2021-02-15T10:11:08","slug":"radwegbenutzungspflicht-an-der-eidinghausener-strasse-wieder-ein-wenig-aufgehoben","status":"publish","type":"post","link":"https:\/\/www.andreas-edler.de\/blog\/2014\/12\/radwegbenutzungspflicht-an-der-eidinghausener-strasse-wieder-ein-wenig-aufgehoben\/","title":{"rendered":"Radwegbenutzungspflicht an der Eidinghausener Stra\u00dfe wieder ein wenig aufgehoben"},"content":{"rendered":"<p>Seit Jahren merke ich bei den verantwortlichen Stellen an, dass die Radwegbenutzungspflicht an der <a href=\"http:\/\/www.andreas-edler.de\/blog\/rad-bad-oeynhausen\/eidinghausener-strasse\/\" title=\"Eidinghausener Stra\u00dfe\">Eidinghausener Stra\u00dfe<\/a> nicht den geltenden Regeln entspricht. Inzwischen behaupte ich sogar, dass die Benutzung des &#8222;Radweges&#8220; deutlich gef\u00e4hrlicher ist, als die sanierte Fahrbahn der Eidinghausener Stra\u00dfe zu benutzen. In n\u00f6rdlicher Richtung steht etwa auf H\u00f6he des Autohaus Bl\u00f6baum inzwischen ein &#8222;Stra\u00dfensch\u00e4den&#8220;-Schild rechts vom Gehweg und kann sich somit nur auf den katastrophalen Radweg beziehen. Hier benutze ich also nicht mehr den Radweg &#8211; besteht ja keine Benutzungspflicht, wenn die verantwortlichen Stellen schon darauf hinweisen, dass Gefahren bestehen.<br \/>\n<!--more--><br \/>\nZwischen dem Kreisel und dem Schlo\u00df Ovelg\u00f6nne wurde die <a href=\"http:\/\/www.andreas-edler.de\/blog\/2014\/03\/radverkehrsfuehrung-an-der-eidinghausener-strasse-schwagerstrasse\/\">Benutzungspflicht schon vor einiger Zeit aufgehoben<\/a>. In Richtung S\u00fcden fahrend, musste man allerdings kurz vor dem Eidinghausener Kreisel wieder auf den kombinierten Geh-\/Radweg wechseln. Ein entsprechendes Zeichen ordnete es an. Und ich schreibe absichtlich in der Vergangenheitsform. Per Threema und sp\u00e4ter auch in einem Telefonat wurde ich darauf aufmerksam gemacht, dass da wohl einige Schilder entfallen sind! Ich war&#8217;s nicht! ;-) Auf dem Nachhauseweg bin ich dann dort mal vorbei gefahren und habe nachgesehen.<\/p>\n<p>Tats\u00e4chlich ist nun vor dem Kreisel in s\u00fcdlicher Richtung keine Benutzungspflicht mehr angeordnet. Ich darf ganz legal im Kreisel die Fahrbahn benutzen. Folge ich der Eidinghausener Stra\u00dfe weiter, fehlt auch hier das bisher vorhandenen Zeichen 241. Ob es den gewaltigen Sch\u00e4den im Asphalt des Radweges geschuldet ist, auf die seit geraumer Zeit per &#8222;Radwegsch\u00e4den&#8220;-Schild hingewiesen wird? Keine Ahnung. Jedenfalls steht das erste Zeichen 241 in s\u00fcdlicher Richtung erst wieder hinter der Einm\u00fcndung &#8222;Im Leingarten&#8220;. Telefonisch wurde wohl schon in der Verwaltung nachgefragt, was diese sehr eigenwillige Regelung bedeuten soll, aber dort war man v\u00f6llig uninformiert, was diesen Sachverhalt anging. Ich kann mir aber nicht vorstellen, das jemand die Schilder geklaut hat.<\/p>\n<p>In Gegenrichtung hat sich \u00fcbrigens nichts getan. Immer noch ist der Weg in einem ganz \u00fcblen und gef\u00e4hrlichen Zustand und immer noch wird mit einem 241 die Benutzungspflicht angeordnet. Ich versteh&#8217;s einfach nicht.<\/p>\n","protected":false},"excerpt":{"rendered":"<p>Seit Jahren merke ich bei den verantwortlichen Stellen an, dass die Radwegbenutzungspflicht an der Eidinghausener Stra\u00dfe nicht den geltenden Regeln entspricht. Inzwischen behaupte ich sogar, dass die Benutzung des &#8222;Radweges&#8220; deutlich gef\u00e4hrlicher ist, als die sanierte Fahrbahn der Eidinghausener Stra\u00dfe &hellip;<\/p>\n<p class=\"read-more\"> <a class=\"more-link\" href=\"https:\/\/www.andreas-edler.de\/blog\/2014\/12\/radwegbenutzungspflicht-an-der-eidinghausener-strasse-wieder-ein-wenig-aufgehoben\/\"> <span class=\"screen-reader-text\">Radwegbenutzungspflicht an der Eidinghausener Stra\u00dfe wieder ein wenig aufgehoben<\/span> Weiterlesen &raquo;<\/a><\/p>\n","protected":false},"author":1,"featured_media":0,"comment_status":"open","ping_status":"open","sticky":false,"template":"","format":"standard","meta":{"ngg_post_thumbnail":0,"activitypub_content_warning":"","activitypub_content_visibility":"","activitypub_max_image_attachments":2,"activitypub_interaction_policy_quote":"anyone","activitypub_status":"","footnotes":""},"categories":[14,15,18,13],"tags":[262,110,168,34,412,71,260,374,72],"class_list":["post-158526","post","type-post","status-publish","format-standard","hentry","category-bad-oeynhausen","category-fahrrad","category-fraglich","category-verkehr","tag-eidinghausener-strasse","tag-fahrradfreundliche-stadt","tag-klimafreundliche-mobilitaet","tag-kommunikation","tag-mdrza","tag-regeln","tag-stvo","tag-verkehrswende","tag-verwaltung"],"share_on_mastodon":{"url":"","error":""},"_links":{"self":[{"href":"https:\/\/www.andreas-edler.de\/blog\/wp-json\/wp\/v2\/posts\/158526","targetHints":{"allow":["GET"]}}],"collection":[{"href":"https:\/\/www.andreas-edler.de\/blog\/wp-json\/wp\/v2\/posts"}],"about":[{"href":"https:\/\/www.andreas-edler.de\/blog\/wp-json\/wp\/v2\/types\/post"}],"author":[{"embeddable":true,"href":"https:\/\/www.andreas-edler.de\/blog\/wp-json\/wp\/v2\/users\/1"}],"replies":[{"embeddable":true,"href":"https:\/\/www.andreas-edler.de\/blog\/wp-json\/wp\/v2\/comments?post=158526"}],"version-history":[{"count":0,"href":"https:\/\/www.andreas-edler.de\/blog\/wp-json\/wp\/v2\/posts\/158526\/revisions"}],"wp:attachment":[{"href":"https:\/\/www.andreas-edler.de\/blog\/wp-json\/wp\/v2\/media?parent=158526"}],"wp:term":[{"taxonomy":"category","embeddable":true,"href":"https:\/\/www.andreas-edler.de\/blog\/wp-json\/wp\/v2\/categories?post=158526"},{"taxonomy":"post_tag","embeddable":true,"href":"https:\/\/www.andreas-edler.de\/blog\/wp-json\/wp\/v2\/tags?post=158526"}],"curies":[{"name":"wp","href":"https:\/\/api.w.org\/{rel}","templated":true}]}}