{"id":158351,"date":"2014-10-01T23:02:53","date_gmt":"2014-10-01T21:02:53","guid":{"rendered":"http:\/\/www.andreas-edler.de\/blog\/?p=158351"},"modified":"2023-09-05T10:17:19","modified_gmt":"2023-09-05T08:17:19","slug":"moeblierung","status":"publish","type":"post","link":"https:\/\/www.andreas-edler.de\/blog\/2014\/10\/moeblierung\/","title":{"rendered":"M\u00f6blierung"},"content":{"rendered":"<p>Je mehr ich dar\u00fcber nachdenke, desto weniger bin ich davon \u00fcberzeugt, dass die Investition von 50.000 Euro f\u00fcr neue B\u00e4nke in der Innenstadt unser dringenstes Problem ist. Die vorgestellten Modelle gestern sahen &#8211; bis auf eines &#8211; nicht schlecht aus, passten aber meiner Meinung nach nicht in die Klosterstra\u00dfe. So ganz allein war ich mit dieser Ansicht nicht. Allerdings konnte weder gesagt werden, wie teuer diese &#8211; vom Architekturb\u00fcro eigens designten &#8211; B\u00e4nke sind und naturgem\u00e4\u00df dann auch nicht, wieviele wir f\u00fcr T\u20ac 50 bekommen w\u00fcrden.<br \/>\n<!--more--><br \/>\nWarten wir mal die Bemusterung in den n\u00e4chsten Wochen ab. Ich k\u00f6nnte mir allerdings auch eine Variante vorstellen, in der das was da ist, einfach mal gepflegt wird. Im oberen Teil der Klosterstra\u00dfe schien mir auf einigen B\u00e4nken durchaus Moos zu sein. Das ist unabh\u00e4ngig von &#8222;modern&#8220; oder &#8222;klassisch&#8220; und hat andere Ursachen.<\/p>\n<p>Beschlossen haben wir gestern nix, war ja nur eine Bekanntgabe. Die Mittel dazu wurden von der CDU bereits in den letzten Haushalt geschrieben.<\/p>\n","protected":false},"excerpt":{"rendered":"<p>Je mehr ich dar\u00fcber nachdenke, desto weniger bin ich davon \u00fcberzeugt, dass die Investition von 50.000 Euro f\u00fcr neue B\u00e4nke in der Innenstadt unser dringenstes Problem ist. Die vorgestellten Modelle gestern sahen &#8211; bis auf eines &#8211; nicht schlecht aus, &hellip;<\/p>\n<p class=\"read-more\"> <a class=\"more-link\" href=\"https:\/\/www.andreas-edler.de\/blog\/2014\/10\/moeblierung\/\"> <span class=\"screen-reader-text\">M\u00f6blierung<\/span> Weiterlesen &raquo;<\/a><\/p>\n","protected":false},"author":1,"featured_media":0,"comment_status":"open","ping_status":"open","sticky":false,"template":"","format":"standard","meta":{"ngg_post_thumbnail":0,"activitypub_content_warning":"","activitypub_content_visibility":"","activitypub_max_image_attachments":2,"activitypub_interaction_policy_quote":"anyone","activitypub_status":"","footnotes":""},"categories":[14,45],"tags":[237,225,208,251,205,293,72],"class_list":["post-158351","post","type-post","status-publish","format-standard","hentry","category-bad-oeynhausen","category-politik","tag-ausschuss-fuer-stadtentwicklung","tag-finanzausschuss","tag-haushalt","tag-infrastruktur","tag-innenstadt","tag-isek","tag-verwaltung"],"share_on_mastodon":{"url":"","error":""},"_links":{"self":[{"href":"https:\/\/www.andreas-edler.de\/blog\/wp-json\/wp\/v2\/posts\/158351","targetHints":{"allow":["GET"]}}],"collection":[{"href":"https:\/\/www.andreas-edler.de\/blog\/wp-json\/wp\/v2\/posts"}],"about":[{"href":"https:\/\/www.andreas-edler.de\/blog\/wp-json\/wp\/v2\/types\/post"}],"author":[{"embeddable":true,"href":"https:\/\/www.andreas-edler.de\/blog\/wp-json\/wp\/v2\/users\/1"}],"replies":[{"embeddable":true,"href":"https:\/\/www.andreas-edler.de\/blog\/wp-json\/wp\/v2\/comments?post=158351"}],"version-history":[{"count":0,"href":"https:\/\/www.andreas-edler.de\/blog\/wp-json\/wp\/v2\/posts\/158351\/revisions"}],"wp:attachment":[{"href":"https:\/\/www.andreas-edler.de\/blog\/wp-json\/wp\/v2\/media?parent=158351"}],"wp:term":[{"taxonomy":"category","embeddable":true,"href":"https:\/\/www.andreas-edler.de\/blog\/wp-json\/wp\/v2\/categories?post=158351"},{"taxonomy":"post_tag","embeddable":true,"href":"https:\/\/www.andreas-edler.de\/blog\/wp-json\/wp\/v2\/tags?post=158351"}],"curies":[{"name":"wp","href":"https:\/\/api.w.org\/{rel}","templated":true}]}}