{"id":15833,"date":"2012-10-31T23:56:36","date_gmt":"2012-10-31T22:56:36","guid":{"rendered":"http:\/\/www.andreas-edler.de\/blog\/?p=15833"},"modified":"2012-11-01T10:58:32","modified_gmt":"2012-11-01T09:58:32","slug":"feierabendrunde-mit-anschlussservice","status":"publish","type":"post","link":"https:\/\/www.andreas-edler.de\/blog\/2012\/10\/feierabendrunde-mit-anschlussservice\/","title":{"rendered":"Feierabendrunde mit Anschlussservice"},"content":{"rendered":"<p>Feierabend, quasi Wochenende und auf dem Nachhauseweg schnell noch zwei Hemden und eine neue Flausch-Kapuzen-Jacke gekauft. 10 Minuten, l\u00e4nger dauert das ja nicht. Da es noch halbwegs hell war, wollte ich eigentlich noch &#8217;ne Runde mit dem Rad raus. Hatte aber nicht so richtig Lust. Die Frau hat mir die Entscheidung aber abgenommen, da der Nachwuchs mit einem Freund zum Karate-Training gefahren ist. Mit dem Rad &#8211; und ich sollte die beiden abholen. Na gut, dann eben doch die Klamotten gewechselt. Weil es schon d\u00e4mmerte habe ich die <a href=\"http:\/\/www.andreas-edler.de\/blog\/2012\/07\/sigma-evo-x-akkuumbau\/\" title=\"Sigma Evo X \u2013 Akkuumbau\">frisch reparierte &#8222;Sigma Evo X&#8220;<\/a> geschnappt, den Akku in den Flaschenhalter gestopft und die Lampe an den Lenker geklemmt. Bin aber nur ziellos durch Eidinghausen gegondelt und habe eine Runde auf der Nordumgehungstrasse gedreht. An der Halle musste ich etwas warten und dann bin ich mit den beiden Jungs nach Hause gezuckelt.<!--more--><\/p>\n<p>Tims Kumpel hat sein Rad gerade neu bekommen (mit 10 Jahren) und fuhr wirklich sehr langsam. Ich habe mir das angeschaut und als erstes den v\u00f6llig falsch eingestellten Sattel bemerkt. Der Kleine sa\u00df darauf wie ein Affe auf dem Schleifstein. Wer hat dem das so eingestellt? Zu Hause dann gleich mit dem Rad in den Schuppen und das Werkzeug gez\u00fcckt. Sattel gerichtet, besser. Einmal die Bremsen gecheckt und gleich die Hasskappe bekommen. Vorne bremste gar nicht und hinten mit M\u00fch&#8216; und Not. Das Rad hatte keinen R\u00fccktritt (Wobei ich das eher positiv bewerte &#8211; nur sollte dann der Rest in Ordnung sein!). Soviel dazu. In dem Zustand h\u00e4tte ich den Jungen nicht mit dem Ger\u00e4t auf die Stra\u00dfe gelassen. Also noch mehr Werkzeug gesucht und die Vorderradbremse versucht einzustellen. Das Baumarktrad ist mit &#8222;billig&#8220; ziemlich schmeichelnd umschrieben und ich verstehe, warum einige Radh\u00e4ndler sich weigern an den Dingern Service durchzuf\u00fchren bzw. die Komponenten vern\u00fcnftig einzustellen. Das war fast nicht m\u00f6glich. Vorne bremst es jetzt leidlich, hinten haben die V-Brakes derart viel Spiel auf den Haltern, das eine mir genehme Einstellung nicht zu erreichen war. Nach einer kleinen Runde auf dem Wendehammer wurde aber gesagt, dass es jetzt wirklich besser f\u00e4hrt!<\/p>\n<p>Die Kassette eiert auf der Hinterradnabe rum, die Kettenschaltung &#8211; an der immerhin Shimano steht &#8211; ist hakelig und zu den Felgen habe ich gar kein Vertrauen und sie haben auch schon &#8217;ne Acht drin. Daf\u00fcr ist das Licht wirklich gut. Akkugepufert und l\u00e4sst sich auch einschalten, wenn der Dynamo nicht am Rad l\u00e4uft. Als der Kumpel abgeholt wurde, habe ich erkl\u00e4rt, was ich gemacht habe und man war erstaunt. Das Rad sei doch ganz neu! Da m\u00fcssten die Nachbarn dran rumgespielt haben. Ja, das glaube ich auch. Ich verstehe, dass Geld eine Rolle spielt, aber in dem Fall kann ich wirklich nur empfehlen sich auf dem Gebrauchtmarkt umzusehen. In dem Alter der Kinder werden die R\u00e4der doch schnell gewechselt und man bekommt sehr gut dastehende R\u00e4der f\u00fcr weniger Geld als ein neues Baumarktrad. Nur der &#8222;Makel&#8220; &#8218;gebraucht&#8216;, den kann man nicht weg bekommen. Daf\u00fcr hat man mehr Sicherheit. Allerdings: auch hier muss man sich verdammt noch mal darum k\u00fcmmern!<\/p>\n<p>13,0 Km | 14 Km\/h Schnitt | 39,8 Km\/h max. | 96 H\u00f6henmeter<\/p>\n","protected":false},"excerpt":{"rendered":"<p>Feierabend, quasi Wochenende und auf dem Nachhauseweg schnell noch zwei Hemden und eine neue Flausch-Kapuzen-Jacke gekauft. 10 Minuten, l\u00e4nger dauert das ja nicht. Da es noch halbwegs hell war, wollte ich eigentlich noch &#8217;ne Runde mit dem Rad raus. Hatte &hellip;<\/p>\n<p class=\"read-more\"> <a class=\"more-link\" href=\"https:\/\/www.andreas-edler.de\/blog\/2012\/10\/feierabendrunde-mit-anschlussservice\/\"> <span class=\"screen-reader-text\">Feierabendrunde mit Anschlussservice<\/span> Weiterlesen &raquo;<\/a><\/p>\n","protected":false},"author":1,"featured_media":0,"comment_status":"open","ping_status":"open","sticky":false,"template":"","format":"standard","meta":{"ngg_post_thumbnail":0,"activitypub_content_warning":"","activitypub_content_visibility":"","activitypub_max_image_attachments":2,"activitypub_interaction_policy_quote":"anyone","activitypub_status":"","footnotes":""},"categories":[15],"tags":[33,76],"class_list":["post-15833","post","type-post","status-publish","format-standard","hentry","category-fahrrad","tag-service","tag-sicherheit"],"share_on_mastodon":{"url":"","error":""},"_links":{"self":[{"href":"https:\/\/www.andreas-edler.de\/blog\/wp-json\/wp\/v2\/posts\/15833","targetHints":{"allow":["GET"]}}],"collection":[{"href":"https:\/\/www.andreas-edler.de\/blog\/wp-json\/wp\/v2\/posts"}],"about":[{"href":"https:\/\/www.andreas-edler.de\/blog\/wp-json\/wp\/v2\/types\/post"}],"author":[{"embeddable":true,"href":"https:\/\/www.andreas-edler.de\/blog\/wp-json\/wp\/v2\/users\/1"}],"replies":[{"embeddable":true,"href":"https:\/\/www.andreas-edler.de\/blog\/wp-json\/wp\/v2\/comments?post=15833"}],"version-history":[{"count":0,"href":"https:\/\/www.andreas-edler.de\/blog\/wp-json\/wp\/v2\/posts\/15833\/revisions"}],"wp:attachment":[{"href":"https:\/\/www.andreas-edler.de\/blog\/wp-json\/wp\/v2\/media?parent=15833"}],"wp:term":[{"taxonomy":"category","embeddable":true,"href":"https:\/\/www.andreas-edler.de\/blog\/wp-json\/wp\/v2\/categories?post=15833"},{"taxonomy":"post_tag","embeddable":true,"href":"https:\/\/www.andreas-edler.de\/blog\/wp-json\/wp\/v2\/tags?post=15833"}],"curies":[{"name":"wp","href":"https:\/\/api.w.org\/{rel}","templated":true}]}}