{"id":158325,"date":"2014-09-27T23:39:10","date_gmt":"2014-09-27T21:39:10","guid":{"rendered":"http:\/\/www.andreas-edler.de\/blog\/?p=158325"},"modified":"2014-09-28T10:45:17","modified_gmt":"2014-09-28T08:45:17","slug":"herbstarbeiten","status":"publish","type":"post","link":"https:\/\/www.andreas-edler.de\/blog\/2014\/09\/herbstarbeiten\/","title":{"rendered":"Herbstarbeiten"},"content":{"rendered":"<p>Der Sommer ist vorbei &#8211; soviel ist sicher. Und im Herbst muss man den Garten auf den Winter und das n\u00e4chste Jahr vorbereiten. Bei uns beschr\u00e4nkt sich das im Wesentlichen auf das K\u00fcrzen aller Pflanzen die wachsen wie Kraut. Efeu, die Hecke, Efeu, Flieder und Efeu. Was man so hat halt. Also bin ich ganz fr\u00fch angefangen &#8211; als der Rest der Familie in L\u00f6hne beim Babyschwimmen weilte &#8211; und habe mit der elektrischen Heckenschere dem Efeu ein wenig den Spa\u00df verdorben. Das Zeug hat aber auch fies gewuchert. Jetzt sieht es wieder halbwegs manierlich aus. <\/p>\n<p style=\"text-align:center;font-size: smaller;\"><img decoding=\"async\" src=\"http:\/\/www.andreas-edler.de\/grafik\/blog_2014\/20140927_hecke_kurz.jpg\" width=\"470\" border=\"0\" alt=\"\" title=\"\"><\/p>\n<p><!--more--> Die B\u00fcsche zum unter uns gelegenen Grundst\u00fcck habe ich auch radikal abgeschnitten. Im letzten Jahr hatte ich eine H\u00e4lfte der dicke St\u00e4mme entfernt, damit der Rest in diesem Jahr dicht nachw\u00e4chst Das hat geklappt. Heute waren die restlichen dicken \u00c4ste dran. Im n\u00e4chsten Jahr sollten wir dann nicht so riesig hohe, daf\u00fcr aber dichtere B\u00fcsche haben. So der Plan. Den Flieder schneide bzw. s\u00e4ge ich bereits im dritten Jahr so. Es stehen noch 4 hohe St\u00e4mme und unten w\u00e4chst es sch\u00f6n nach. <\/p>\n<p style=\"text-align:center;font-size: smaller;\"><img decoding=\"async\" src=\"http:\/\/www.andreas-edler.de\/grafik\/blog_2014\/20140927_haenger_voll.jpg\" width=\"470\" border=\"0\" alt=\"\" title=\"\"><\/p>\n<p> Den Gr\u00fcnschnitt habe ich kurz vor 14 Uhr noch beim Recyclinghof abgeladen und danach fix den Rasen gem\u00e4ht. Das muss dieses Jahr aber noch ein paar Mal gemacht werden, wenn das Wetter so bleibt. Das Gras w\u00e4chst, als h\u00e4tte es noch was vor.<\/p>\n","protected":false},"excerpt":{"rendered":"<p>Der Sommer ist vorbei &#8211; soviel ist sicher. Und im Herbst muss man den Garten auf den Winter und das n\u00e4chste Jahr vorbereiten. Bei uns beschr\u00e4nkt sich das im Wesentlichen auf das K\u00fcrzen aller Pflanzen die wachsen wie Kraut. Efeu, &hellip;<\/p>\n<p class=\"read-more\"> <a class=\"more-link\" href=\"https:\/\/www.andreas-edler.de\/blog\/2014\/09\/herbstarbeiten\/\"> <span class=\"screen-reader-text\">Herbstarbeiten<\/span> Weiterlesen &raquo;<\/a><\/p>\n","protected":false},"author":1,"featured_media":0,"comment_status":"open","ping_status":"open","sticky":false,"template":"","format":"standard","meta":{"ngg_post_thumbnail":0,"activitypub_content_warning":"","activitypub_content_visibility":"","activitypub_max_image_attachments":2,"activitypub_interaction_policy_quote":"anyone","activitypub_status":"","footnotes":""},"categories":[22,1],"tags":[31,38],"class_list":["post-158325","post","type-post","status-publish","format-standard","hentry","category-basteln","category-allgemein","tag-garten","tag-haus"],"share_on_mastodon":{"url":"","error":""},"_links":{"self":[{"href":"https:\/\/www.andreas-edler.de\/blog\/wp-json\/wp\/v2\/posts\/158325","targetHints":{"allow":["GET"]}}],"collection":[{"href":"https:\/\/www.andreas-edler.de\/blog\/wp-json\/wp\/v2\/posts"}],"about":[{"href":"https:\/\/www.andreas-edler.de\/blog\/wp-json\/wp\/v2\/types\/post"}],"author":[{"embeddable":true,"href":"https:\/\/www.andreas-edler.de\/blog\/wp-json\/wp\/v2\/users\/1"}],"replies":[{"embeddable":true,"href":"https:\/\/www.andreas-edler.de\/blog\/wp-json\/wp\/v2\/comments?post=158325"}],"version-history":[{"count":0,"href":"https:\/\/www.andreas-edler.de\/blog\/wp-json\/wp\/v2\/posts\/158325\/revisions"}],"wp:attachment":[{"href":"https:\/\/www.andreas-edler.de\/blog\/wp-json\/wp\/v2\/media?parent=158325"}],"wp:term":[{"taxonomy":"category","embeddable":true,"href":"https:\/\/www.andreas-edler.de\/blog\/wp-json\/wp\/v2\/categories?post=158325"},{"taxonomy":"post_tag","embeddable":true,"href":"https:\/\/www.andreas-edler.de\/blog\/wp-json\/wp\/v2\/tags?post=158325"}],"curies":[{"name":"wp","href":"https:\/\/api.w.org\/{rel}","templated":true}]}}