{"id":15633,"date":"2012-10-23T23:38:43","date_gmt":"2012-10-23T21:38:43","guid":{"rendered":"http:\/\/www.andreas-edler.de\/blog\/?p=15633"},"modified":"2022-06-19T16:22:28","modified_gmt":"2022-06-19T14:22:28","slug":"feierabendrunde-55","status":"publish","type":"post","link":"https:\/\/www.andreas-edler.de\/blog\/2012\/10\/feierabendrunde-55\/","title":{"rendered":"Feierabendrunde"},"content":{"rendered":"<p>Heute etwas fr\u00fcher Feierabend gemacht, weil ich als Mitglied des Ausschuss f\u00fcr Stadtentwicklung an der Ortsbesichtigung in Volmerdingsen teilnehmen wollte. Die Anwohner m\u00f6chten die dort gef\u00e4llten Platanen nicht durch andere B\u00e4ume ersetzt haben, sondern den Gehweg durchg\u00e4ngig breiter. Zus\u00e4tzlich soll dieser als Radweg ausgebaut werden. Das hat die Verwaltung ja auch so ungef\u00e4hr vor, nur kann man halt keine Benutzungspflicht anordnen. Auf der Volmerdingsener Stra\u00dfe besteht nunmal ums Verrecken keine besondere Gef\u00e4hrdungssituation. Also auch keine Benutzungspflicht und dann reicht auch ein &#8222;Radfahrer frei&#8220;. Es ging somit auch um Fahrr\u00e4der und die einzigen die mit diesem Verkehrsmittel vor Ort waren, waren Herr Freudenberg vom Seniorenbeirat und ich. <a href=\"http:\/\/www.andreas-edler.de\/blog\/2009\/08\/rad-exkursion-in-volmerdingsen\/\">Wir beiden waren \u00fcbrigens auch schon vor 3 Jahren bei der letzten Exkursion zum exakt gleichen Thema an dieser Stelle.<\/a><\/p>\n<p>Nach der Besichtigung ging&#8217;s weiter ins Rathaus, wo ich die <a href=\"http:\/\/www.andreas-edler.de\/blog\/2012\/10\/stadionumbau-an-der-mindener-strasse\/\">Sondersitzung des Sportausschusses<\/a> verfolgen wollte. Nat\u00fcrlich auch mit dem Rad. Ich hab&#8216; ja schon des\u00f6fteren gesagt, dass Oeynhausens Infrastruktur gar nicht so schlecht ist. Selbst diese &#8222;weiten&#8220; Strecken sind kein Problem. <\/p>\n<p>14,3 Km | 22 Km\/h Schnitt | 40,8 Km\/h max. | 96 H\u00f6henmeter<\/p>\n","protected":false},"excerpt":{"rendered":"<p>Heute etwas fr\u00fcher Feierabend gemacht, weil ich als Mitglied des Ausschuss f\u00fcr Stadtentwicklung an der Ortsbesichtigung in Volmerdingsen teilnehmen wollte. Die Anwohner m\u00f6chten die dort gef\u00e4llten Platanen nicht durch andere B\u00e4ume ersetzt haben, sondern den Gehweg durchg\u00e4ngig breiter. Zus\u00e4tzlich soll &hellip;<\/p>\n<p class=\"read-more\"> <a class=\"more-link\" href=\"https:\/\/www.andreas-edler.de\/blog\/2012\/10\/feierabendrunde-55\/\"> <span class=\"screen-reader-text\">Feierabendrunde<\/span> Weiterlesen &raquo;<\/a><\/p>\n","protected":false},"author":1,"featured_media":0,"comment_status":"open","ping_status":"open","sticky":false,"template":"","format":"standard","meta":{"ngg_post_thumbnail":0,"activitypub_content_warning":"","activitypub_content_visibility":"","activitypub_max_image_attachments":2,"activitypub_interaction_policy_quote":"anyone","activitypub_status":"","footnotes":""},"categories":[15,45,13],"tags":[237,110,251,168,77,70,72,422],"class_list":["post-15633","post","type-post","status-publish","format-standard","hentry","category-fahrrad","category-politik","category-verkehr","tag-ausschuss-fuer-stadtentwicklung","tag-fahrradfreundliche-stadt","tag-infrastruktur","tag-klimafreundliche-mobilitaet","tag-stadtrat","tag-umwelt","tag-verwaltung","tag-volmerdingsener-strasse"],"share_on_mastodon":{"url":"","error":""},"_links":{"self":[{"href":"https:\/\/www.andreas-edler.de\/blog\/wp-json\/wp\/v2\/posts\/15633","targetHints":{"allow":["GET"]}}],"collection":[{"href":"https:\/\/www.andreas-edler.de\/blog\/wp-json\/wp\/v2\/posts"}],"about":[{"href":"https:\/\/www.andreas-edler.de\/blog\/wp-json\/wp\/v2\/types\/post"}],"author":[{"embeddable":true,"href":"https:\/\/www.andreas-edler.de\/blog\/wp-json\/wp\/v2\/users\/1"}],"replies":[{"embeddable":true,"href":"https:\/\/www.andreas-edler.de\/blog\/wp-json\/wp\/v2\/comments?post=15633"}],"version-history":[{"count":0,"href":"https:\/\/www.andreas-edler.de\/blog\/wp-json\/wp\/v2\/posts\/15633\/revisions"}],"wp:attachment":[{"href":"https:\/\/www.andreas-edler.de\/blog\/wp-json\/wp\/v2\/media?parent=15633"}],"wp:term":[{"taxonomy":"category","embeddable":true,"href":"https:\/\/www.andreas-edler.de\/blog\/wp-json\/wp\/v2\/categories?post=15633"},{"taxonomy":"post_tag","embeddable":true,"href":"https:\/\/www.andreas-edler.de\/blog\/wp-json\/wp\/v2\/tags?post=15633"}],"curies":[{"name":"wp","href":"https:\/\/api.w.org\/{rel}","templated":true}]}}