{"id":15318,"date":"2012-10-15T22:03:39","date_gmt":"2012-10-15T20:03:39","guid":{"rendered":"http:\/\/www.andreas-edler.de\/blog\/?p=15318"},"modified":"2012-10-15T22:03:39","modified_gmt":"2012-10-15T20:03:39","slug":"feierabendrunde-52","status":"publish","type":"post","link":"https:\/\/www.andreas-edler.de\/blog\/2012\/10\/feierabendrunde-52\/","title":{"rendered":"Feierabendrunde"},"content":{"rendered":"<p>Nache Schicht habe ich den sch\u00f6nen Herbsttag f\u00fcr eine kleine Runde genutzt. Hoch zur Steinegge, runter zum Exterkreisel, nach Hollwiesen, den Sprickberg rauf, \u00fcber Bonneberg auf die Eben\u00f6de und dann nach Hause rollen. War aber doch ganz sch\u00f6n kaputt. Bin auch einen Monat nicht gefahren :-(<\/p>\n<p>25 Km | 19,5 Km\/h Schnitt| 49,5 Km\/h max. | 342 H\u00f6henmeter<\/p>\n","protected":false},"excerpt":{"rendered":"<p>Nache Schicht habe ich den sch\u00f6nen Herbsttag f\u00fcr eine kleine Runde genutzt. Hoch zur Steinegge, runter zum Exterkreisel, nach Hollwiesen, den Sprickberg rauf, \u00fcber Bonneberg auf die Eben\u00f6de und dann nach Hause rollen. War aber doch ganz sch\u00f6n kaputt. Bin &hellip;<\/p>\n<p class=\"read-more\"> <a class=\"more-link\" href=\"https:\/\/www.andreas-edler.de\/blog\/2012\/10\/feierabendrunde-52\/\"> <span class=\"screen-reader-text\">Feierabendrunde<\/span> Weiterlesen &raquo;<\/a><\/p>\n","protected":false},"author":1,"featured_media":0,"comment_status":"open","ping_status":"open","sticky":false,"template":"","format":"standard","meta":{"ngg_post_thumbnail":0,"activitypub_content_warning":"","activitypub_content_visibility":"","activitypub_max_image_attachments":2,"activitypub_interaction_policy_quote":"anyone","activitypub_status":"","footnotes":""},"categories":[15],"tags":[],"class_list":["post-15318","post","type-post","status-publish","format-standard","hentry","category-fahrrad"],"share_on_mastodon":{"url":"","error":""},"_links":{"self":[{"href":"https:\/\/www.andreas-edler.de\/blog\/wp-json\/wp\/v2\/posts\/15318","targetHints":{"allow":["GET"]}}],"collection":[{"href":"https:\/\/www.andreas-edler.de\/blog\/wp-json\/wp\/v2\/posts"}],"about":[{"href":"https:\/\/www.andreas-edler.de\/blog\/wp-json\/wp\/v2\/types\/post"}],"author":[{"embeddable":true,"href":"https:\/\/www.andreas-edler.de\/blog\/wp-json\/wp\/v2\/users\/1"}],"replies":[{"embeddable":true,"href":"https:\/\/www.andreas-edler.de\/blog\/wp-json\/wp\/v2\/comments?post=15318"}],"version-history":[{"count":0,"href":"https:\/\/www.andreas-edler.de\/blog\/wp-json\/wp\/v2\/posts\/15318\/revisions"}],"wp:attachment":[{"href":"https:\/\/www.andreas-edler.de\/blog\/wp-json\/wp\/v2\/media?parent=15318"}],"wp:term":[{"taxonomy":"category","embeddable":true,"href":"https:\/\/www.andreas-edler.de\/blog\/wp-json\/wp\/v2\/categories?post=15318"},{"taxonomy":"post_tag","embeddable":true,"href":"https:\/\/www.andreas-edler.de\/blog\/wp-json\/wp\/v2\/tags?post=15318"}],"curies":[{"name":"wp","href":"https:\/\/api.w.org\/{rel}","templated":true}]}}