{"id":15285,"date":"2012-10-14T10:20:51","date_gmt":"2012-10-14T08:20:51","guid":{"rendered":"http:\/\/www.andreas-edler.de\/blog\/?p=15285"},"modified":"2012-10-14T10:20:51","modified_gmt":"2012-10-14T08:20:51","slug":"fahrradbeauftragter-gesucht","status":"publish","type":"post","link":"https:\/\/www.andreas-edler.de\/blog\/2012\/10\/fahrradbeauftragter-gesucht\/","title":{"rendered":"Fahrradbeauftragter gesucht"},"content":{"rendered":"<p>Vor fast einem halben Jahrzehnt haben einige Fraktionen und interessierte B\u00fcrger der Stadt Bad Oeynhausen einen Anlauf genommen, Bad Oeynhausen &#8222;fahrradfreundlich&#8220; zu machen. Die Verwaltung hat sogar ein bisschen mitgezogen und einen Fahrradbeauftragten installiert. Das ganze Projekt ist aber ziemlich schnell eingeschlafen, der Beauftragte in den Ruhestand gegangen und auch fast ein Jahr vorher bereits &#8211; zumindest nach au\u00dfen hin &#8211; wenig produktiv gewesen. Das hat nicht nur bei mir zu einigem Unmut gesorgt.<\/p>\n<p><a href=\"http:\/\/www.badoeynhausen.de\/index.php?id=641&#038;tx_ttnews[pointer]=1&#038;tx_ttnews[pointer]=1\">Aber es soll f\u00fcr &#8222;Nachschub&#8220; gesorgt werden!<\/a> Ich wollte das schon immer hier schreiben, habe die Stellenausschreibung f\u00fcr den Verkehrsplaner mit dem Schwerpunkt &#8222;Fahrradbeauftragter&#8220; aber auch erst vor kurzer Zeit \u00fcberhaupt entdeckt und bin dann immer dr\u00fcber weg gekommen. Nun l\u00e4uft die Bewerbungsfrist morgen schon ab. Ich hoffe es gab ein paar passende und engagierte Bewerber!<\/p>\n","protected":false},"excerpt":{"rendered":"<p>Vor fast einem halben Jahrzehnt haben einige Fraktionen und interessierte B\u00fcrger der Stadt Bad Oeynhausen einen Anlauf genommen, Bad Oeynhausen &#8222;fahrradfreundlich&#8220; zu machen. Die Verwaltung hat sogar ein bisschen mitgezogen und einen Fahrradbeauftragten installiert. Das ganze Projekt ist aber ziemlich &hellip;<\/p>\n<p class=\"read-more\"> <a class=\"more-link\" href=\"https:\/\/www.andreas-edler.de\/blog\/2012\/10\/fahrradbeauftragter-gesucht\/\"> <span class=\"screen-reader-text\">Fahrradbeauftragter gesucht<\/span> Weiterlesen &raquo;<\/a><\/p>\n","protected":false},"author":1,"featured_media":0,"comment_status":"open","ping_status":"open","sticky":false,"template":"","format":"standard","meta":{"ngg_post_thumbnail":0,"activitypub_content_warning":"","activitypub_content_visibility":"","activitypub_max_image_attachments":2,"activitypub_interaction_policy_quote":"anyone","activitypub_status":"","footnotes":""},"categories":[14,15],"tags":[72],"class_list":["post-15285","post","type-post","status-publish","format-standard","hentry","category-bad-oeynhausen","category-fahrrad","tag-verwaltung"],"share_on_mastodon":{"url":"","error":""},"_links":{"self":[{"href":"https:\/\/www.andreas-edler.de\/blog\/wp-json\/wp\/v2\/posts\/15285","targetHints":{"allow":["GET"]}}],"collection":[{"href":"https:\/\/www.andreas-edler.de\/blog\/wp-json\/wp\/v2\/posts"}],"about":[{"href":"https:\/\/www.andreas-edler.de\/blog\/wp-json\/wp\/v2\/types\/post"}],"author":[{"embeddable":true,"href":"https:\/\/www.andreas-edler.de\/blog\/wp-json\/wp\/v2\/users\/1"}],"replies":[{"embeddable":true,"href":"https:\/\/www.andreas-edler.de\/blog\/wp-json\/wp\/v2\/comments?post=15285"}],"version-history":[{"count":0,"href":"https:\/\/www.andreas-edler.de\/blog\/wp-json\/wp\/v2\/posts\/15285\/revisions"}],"wp:attachment":[{"href":"https:\/\/www.andreas-edler.de\/blog\/wp-json\/wp\/v2\/media?parent=15285"}],"wp:term":[{"taxonomy":"category","embeddable":true,"href":"https:\/\/www.andreas-edler.de\/blog\/wp-json\/wp\/v2\/categories?post=15285"},{"taxonomy":"post_tag","embeddable":true,"href":"https:\/\/www.andreas-edler.de\/blog\/wp-json\/wp\/v2\/tags?post=15285"}],"curies":[{"name":"wp","href":"https:\/\/api.w.org\/{rel}","templated":true}]}}