{"id":15233,"date":"2012-10-07T22:38:12","date_gmt":"2012-10-07T20:38:12","guid":{"rendered":"http:\/\/www.andreas-edler.de\/blog\/?p=15233"},"modified":"2013-11-02T14:36:52","modified_gmt":"2013-11-02T13:36:52","slug":"krone-oder-nicht","status":"publish","type":"post","link":"https:\/\/www.andreas-edler.de\/blog\/2012\/10\/krone-oder-nicht\/","title":{"rendered":"Krone oder nicht"},"content":{"rendered":"<p>Freitagabend im Kino ist mir ein St\u00fcckchen Zahn abgebrochen. Der war schon ein paar Mal geflickt worden und ich h\u00e4tte schon vor Jahren nicht gedacht, dass der noch so lange durchh\u00e4lt. Sch\u00f6n scharfe Kante, die ich da hinten im Mund hatte. Beste Voraussetzungungen, um eine Woche in Urlaub zu fahren. Am Samstag jedoch alles gut und Schmerzen hatte ich auch keine. Am Abreisetag Sonntag gab es zum Fr\u00fchst\u00fcck lecker Br\u00f6tchen und von dem Zahn verabschiedete sich die andere Seite auch noch, so dass nur noch die Plompe im Mund war. Sogar ich habe mich dann mal zum zahn\u00e4rztlichen Notdienst bewegt. An der Bahnhofstra\u00dfe in Bad Oeynhausen \u2013 Gl\u00fcck im Ungl\u00fcck. Der Arzt hat dann, nachdem Plan A mit dem provisorischen Kleistern nicht klappte, ein wenig gebohrt, und noch ein wenig und etwas mehr \u2026 und lie\u00df mich dann r\u00f6ntgen weil ich keine Schmerzen dabei hatte. Wunderte mich angesichts des Blutes an den Instrumenten und dem weiteren gro\u00dfen Brocken Zahn und Plombe auch. Aber mit der Wurzel schien alles OK und das restliche Viertel das noch stand war auch soweit i.O. \u2013 jedenfalls habe ich ein gro\u00dfes Provisorium bekommen. Und die Aussicht auf eine Krone :-(<\/p>\n<p><a href=\"http:\/\/www.andreas-edler.de\/blog\/urlaub\/legoland-und-schweiz-10-2012\/\">Wie es mit dem Urlaub weiter ging, habe ich auch beschrieben!<\/a><\/p>\n","protected":false},"excerpt":{"rendered":"<p>Freitagabend im Kino ist mir ein St\u00fcckchen Zahn abgebrochen. Der war schon ein paar Mal geflickt worden und ich h\u00e4tte schon vor Jahren nicht gedacht, dass der noch so lange durchh\u00e4lt. Sch\u00f6n scharfe Kante, die ich da hinten im Mund &hellip;<\/p>\n<p class=\"read-more\"> <a class=\"more-link\" href=\"https:\/\/www.andreas-edler.de\/blog\/2012\/10\/krone-oder-nicht\/\"> <span class=\"screen-reader-text\">Krone oder nicht<\/span> Weiterlesen &raquo;<\/a><\/p>\n","protected":false},"author":1,"featured_media":0,"comment_status":"open","ping_status":"open","sticky":false,"template":"","format":"standard","meta":{"ngg_post_thumbnail":0,"activitypub_content_warning":"","activitypub_content_visibility":"","activitypub_max_image_attachments":2,"activitypub_interaction_policy_quote":"anyone","activitypub_status":"","footnotes":""},"categories":[1],"tags":[17,7],"class_list":["post-15233","post","type-post","status-publish","format-standard","hentry","category-allgemein","tag-auf-der-piste","tag-gesundheit"],"share_on_mastodon":{"url":"","error":""},"_links":{"self":[{"href":"https:\/\/www.andreas-edler.de\/blog\/wp-json\/wp\/v2\/posts\/15233","targetHints":{"allow":["GET"]}}],"collection":[{"href":"https:\/\/www.andreas-edler.de\/blog\/wp-json\/wp\/v2\/posts"}],"about":[{"href":"https:\/\/www.andreas-edler.de\/blog\/wp-json\/wp\/v2\/types\/post"}],"author":[{"embeddable":true,"href":"https:\/\/www.andreas-edler.de\/blog\/wp-json\/wp\/v2\/users\/1"}],"replies":[{"embeddable":true,"href":"https:\/\/www.andreas-edler.de\/blog\/wp-json\/wp\/v2\/comments?post=15233"}],"version-history":[{"count":0,"href":"https:\/\/www.andreas-edler.de\/blog\/wp-json\/wp\/v2\/posts\/15233\/revisions"}],"wp:attachment":[{"href":"https:\/\/www.andreas-edler.de\/blog\/wp-json\/wp\/v2\/media?parent=15233"}],"wp:term":[{"taxonomy":"category","embeddable":true,"href":"https:\/\/www.andreas-edler.de\/blog\/wp-json\/wp\/v2\/categories?post=15233"},{"taxonomy":"post_tag","embeddable":true,"href":"https:\/\/www.andreas-edler.de\/blog\/wp-json\/wp\/v2\/tags?post=15233"}],"curies":[{"name":"wp","href":"https:\/\/api.w.org\/{rel}","templated":true}]}}