{"id":148115,"date":"2014-08-23T09:02:33","date_gmt":"2014-08-23T07:02:33","guid":{"rendered":"http:\/\/www.andreas-edler.de\/blog\/?p=148115"},"modified":"2014-08-23T09:02:53","modified_gmt":"2014-08-23T07:02:53","slug":"radfahrerin-gerammt","status":"publish","type":"post","link":"https:\/\/www.andreas-edler.de\/blog\/2014\/08\/radfahrerin-gerammt\/","title":{"rendered":"Radfahrerin gerammt"},"content":{"rendered":"<p>Die Polizei hat vor sechs Tagen einen wirklich sehr schwurbeligen Pressebericht vefasst, den ich immer noch in Pocket zum Kommentieren gespeichert hatte. <cite>Pol. Mi-L\u00fc. 17.08.2014: <b><a href=\"http:\/\/www.presseportal.de\/polizeipresse\/pm\/43553\/2809131\/pol-mi-pedelec-fahrerin-bei-unfall-leicht-verletzt\/rss\">Pedelec-Fahrerin bei Unfall leicht verletzt<\/a><\/b><br \/>\n&#8230; Pedelec-Fahrerin &#8230; befuhr &#8230; die Mei\u00dfener Dorfstra\u00dfe in Fahrtrichtung Forststra\u00dfe. Sie fuhr auf der Fahrbahn. Ein &#8230; fuhr mit seinem Opel Vivaro die Mei\u00dfener Dorfstra\u00dfe aus Richtung Stollenweg kommend in Fahrtrichtung Forststra\u00dfe. Der Opel-Fahrer bog nach links ab und kollidierte hierbei mit der aus seiner Sicht von links kommenden Pedelec-Fahrerin.<\/cite> Hmmm. Die Pedelec-Fahrerin fuhr auf der Fahrbahn. Finde ich gut. Was das aber mit dem Unfall zu tun hat, erschlie\u00dft sich ohne die Information, ob es dort einen benutzungspflichtigen Radweg gibt, \u00fcberhaupt nicht. Weiterhin wird erw\u00e4hnt, dass die Pedelec-Fahrerin f\u00fcr den Autofahrer von links kam &#8211; und suggeriert so eine &#8222;rechts vor links&#8220; Situation. Ohne weitere Informationen ist n\u00e4mlich auch diese Angabe v\u00f6llig wertlos. Und nat\u00fcrlich verletzte sich die Pedelec-Fahrerin auch im Artikel wieder selbst.<\/p>\n<p>Also: fuhr auf der Fahrbahn = selbst Schuld, kam von links = der Autofahrer hatte Vorfahrt, verletzte sich = hat sie nun davon<br \/>\n<!--more--><br \/>\nSchaut man sich <a href=\"https:\/\/goo.gl\/maps\/I8bg9\">die Stra\u00dfe auf Google-Maps<\/a> aber mal an, dann stellt es sich etwas anders dar. Der Autofahrer kam aus Richtung Stollenweg auf der Mei\u00dfener Dorfstra\u00dfe (im Bild also von links) und die Pedelec-Fahrerin befuhr die Mei\u00dfener Dorfstra\u00dfe, welche im Verlauf zur Forststra\u00dfe wird und der Bemalung nach durchg\u00e4ngig <b>vorfahrtsberechtigt<\/b> ist. Zudem vermute ich &#8211; auf den Bilder kann ich es nicht richtig erkennen &#8211; dass es dort gar keinen Radweg gibt.<\/p>\n<p>Guckt man also nur 10 Sekunden genauer hin, bleibt aus dem ganzen schwurbeligen Artikel nur: der Autofahrer hat der Pedelecfahrerin stumpf die Vorfahrt genommen, sie gerammt und leicht verletzt. Warum er das tat, aus Vorsatz, aus Tr\u00e4umerei oder D\u00e4mlichkeit, kann nat\u00fcrlich nicht hergeleitet werden.<\/p>\n<p>Nur, liebe Polizei, WARUM VERDAMMT SCHREIBT IHR SO VERSCHWURBELT UND LASST DAS WIRKLICH WICHTIGE WEG? <\/p>\n","protected":false},"excerpt":{"rendered":"<p>Die Polizei hat vor sechs Tagen einen wirklich sehr schwurbeligen Pressebericht vefasst, den ich immer noch in Pocket zum Kommentieren gespeichert hatte. Pol. Mi-L\u00fc. 17.08.2014: Pedelec-Fahrerin bei Unfall leicht verletzt &#8230; Pedelec-Fahrerin &#8230; befuhr &#8230; die Mei\u00dfener Dorfstra\u00dfe in Fahrtrichtung &hellip;<\/p>\n<p class=\"read-more\"> <a class=\"more-link\" href=\"https:\/\/www.andreas-edler.de\/blog\/2014\/08\/radfahrerin-gerammt\/\"> <span class=\"screen-reader-text\">Radfahrerin gerammt<\/span> Weiterlesen &raquo;<\/a><\/p>\n","protected":false},"author":1,"featured_media":0,"comment_status":"open","ping_status":"open","sticky":false,"template":"","format":"standard","meta":{"ngg_post_thumbnail":0,"activitypub_content_warning":"","activitypub_content_visibility":"","activitypub_max_image_attachments":2,"activitypub_interaction_policy_quote":"anyone","activitypub_status":"","footnotes":""},"categories":[15,13],"tags":[34,127,59],"class_list":["post-148115","post","type-post","status-publish","format-standard","hentry","category-fahrrad","category-verkehr","tag-kommunikation","tag-polizei","tag-presse"],"share_on_mastodon":{"url":"","error":""},"_links":{"self":[{"href":"https:\/\/www.andreas-edler.de\/blog\/wp-json\/wp\/v2\/posts\/148115","targetHints":{"allow":["GET"]}}],"collection":[{"href":"https:\/\/www.andreas-edler.de\/blog\/wp-json\/wp\/v2\/posts"}],"about":[{"href":"https:\/\/www.andreas-edler.de\/blog\/wp-json\/wp\/v2\/types\/post"}],"author":[{"embeddable":true,"href":"https:\/\/www.andreas-edler.de\/blog\/wp-json\/wp\/v2\/users\/1"}],"replies":[{"embeddable":true,"href":"https:\/\/www.andreas-edler.de\/blog\/wp-json\/wp\/v2\/comments?post=148115"}],"version-history":[{"count":0,"href":"https:\/\/www.andreas-edler.de\/blog\/wp-json\/wp\/v2\/posts\/148115\/revisions"}],"wp:attachment":[{"href":"https:\/\/www.andreas-edler.de\/blog\/wp-json\/wp\/v2\/media?parent=148115"}],"wp:term":[{"taxonomy":"category","embeddable":true,"href":"https:\/\/www.andreas-edler.de\/blog\/wp-json\/wp\/v2\/categories?post=148115"},{"taxonomy":"post_tag","embeddable":true,"href":"https:\/\/www.andreas-edler.de\/blog\/wp-json\/wp\/v2\/tags?post=148115"}],"curies":[{"name":"wp","href":"https:\/\/api.w.org\/{rel}","templated":true}]}}