{"id":142970,"date":"2014-08-15T15:20:33","date_gmt":"2014-08-15T13:20:33","guid":{"rendered":"http:\/\/www.andreas-edler.de\/blog\/?p=142970"},"modified":"2014-08-15T15:20:33","modified_gmt":"2014-08-15T13:20:33","slug":"zweimal-grundig","status":"publish","type":"post","link":"https:\/\/www.andreas-edler.de\/blog\/2014\/08\/zweimal-grundig\/","title":{"rendered":"Zweimal Grundig"},"content":{"rendered":"<p><figure id=\"attachment_142977\" aria-describedby=\"caption-attachment-142977\" style=\"width: 150px\" class=\"wp-caption alignright\"><a href=\"http:\/\/www.andreas-edler.de\/blog\/wp-content\/uploads\/2014\/08\/2014-08-15-15.01.01.jpg\"><img loading=\"lazy\" decoding=\"async\" src=\"http:\/\/www.andreas-edler.de\/blog\/wp-content\/uploads\/2014\/08\/2014-08-15-15.01.01-150x150.jpg\" alt=\"Grundig HiFi-Box 206a - Typschild\" width=\"150\" height=\"150\" class=\"size-thumbnail wp-image-142977\" \/><\/a><figcaption id=\"caption-attachment-142977\" class=\"wp-caption-text\">Grundig HiFi-Box 206a &#8211; Typschild<\/figcaption><\/figure> <a href=\"http:\/\/www.andreas-edler.de\/blog\/2013\/07\/speiseroehrenkrebs\/\" title=\"Speiser\u00f6hrenkrebs\">Als mein Vater nach seiner OP im Krankenhaus lag<\/a>, habe ich ihm ein <a href=\"http:\/\/www.andreas-edler.de\/blog\/2011\/11\/grundig-cosmopolit-7-web\/\" title=\"Grundig Cosmopolit 7 Web\">kleines Radio<\/a> besorgt. Inzwischen steht es bei mir und sorgt im Wintergarten f\u00fcr Musik. Und auch wenn der eingebaute Monolautsprecher des Cosmopolit Web 7 gar nicht mal so schlecht klingt, ist etwas mehr Volumen sicher nicht schlecht. Bei meiner Mutter standen noch Reste der allerersten Stereoanlage meines Vaters herum: die Boxen.<\/p>\n<p>Der Telefunken Receiver hat jahrelang in meinem Jugendzimmer treue Dienste geleistet, ist aber vor vielen Jahren bereits \u00fcber den Jordan gegangen. Und auch das Telefunken Top-Loader-Kassettendeck existiert nicht mehr. Mit dem Equipment wurden damals schon meine und die meiner Schwester ersten Worte aufgenommen, was den R\u00fcckschluss zul\u00e4sst, dass die Anlage &#8211; auch die Boxen &#8211; mindestens 41 Jahre alt sind. Und diese Boxen &#8211; Grundig HiFi-Box 206a &#8211; habe ich neulich mal nach hier geholt. Bei meiner Mutter standen sie in der Ecke und verstaubten ungenutzt. Mein alter <a href=\"http:\/\/www.andreas-edler.de\/blog\/2014\/04\/yamaha-ax570\/\" title=\"Yamaha AX570\">Yamaha AX 570<\/a> stand auch arbeitslos im Keller, so dass einer Verbandelung der drei Komponenten nichts im Wege stand.<br \/>\n<!--more--> <figure id=\"attachment_142979\" aria-describedby=\"caption-attachment-142979\" style=\"width: 550px\" class=\"wp-caption aligncenter\"><a href=\"http:\/\/www.andreas-edler.de\/blog\/wp-content\/uploads\/2014\/08\/2014-08-15-15.01.31.jpg\"><img loading=\"lazy\" decoding=\"async\" src=\"http:\/\/www.andreas-edler.de\/blog\/wp-content\/uploads\/2014\/08\/2014-08-15-15.01.31-1024x563.jpg\" alt=\"Grundig Cosmopolit 7 Web und HiFi-Box 206a\" width=\"550\" height=\"302\" class=\"size-large wp-image-142979\" srcset=\"https:\/\/www.andreas-edler.de\/blog\/wp-content\/uploads\/2014\/08\/2014-08-15-15.01.31-1024x563.jpg 1024w, https:\/\/www.andreas-edler.de\/blog\/wp-content\/uploads\/2014\/08\/2014-08-15-15.01.31-300x165.jpg 300w, https:\/\/www.andreas-edler.de\/blog\/wp-content\/uploads\/2014\/08\/2014-08-15-15.01.31-100x55.jpg 100w, https:\/\/www.andreas-edler.de\/blog\/wp-content\/uploads\/2014\/08\/2014-08-15-15.01.31-150x82.jpg 150w, https:\/\/www.andreas-edler.de\/blog\/wp-content\/uploads\/2014\/08\/2014-08-15-15.01.31-200x110.jpg 200w, https:\/\/www.andreas-edler.de\/blog\/wp-content\/uploads\/2014\/08\/2014-08-15-15.01.31-450x247.jpg 450w, https:\/\/www.andreas-edler.de\/blog\/wp-content\/uploads\/2014\/08\/2014-08-15-15.01.31-600x330.jpg 600w, https:\/\/www.andreas-edler.de\/blog\/wp-content\/uploads\/2014\/08\/2014-08-15-15.01.31-900x495.jpg 900w\" sizes=\"auto, (max-width: 550px) 100vw, 550px\" \/><\/a><figcaption id=\"caption-attachment-142979\" class=\"wp-caption-text\">Grundig Cosmopolit 7 Web und HiFi-Box 206a<\/figcaption><\/figure> Das Cosmopolit profitiert deutlich von der Verst\u00e4rkung durch den Yamaha. Klingt wesentlich offener und nat\u00fcrlich viel volumin\u00f6ser. Die \u00fcber 40 Jahre alten Grundig Boxen klingen zun\u00e4chst ein bisschen &#8222;pampig&#8220;, machen aber nach ein bisschen einh\u00f6ren echt viel Spa\u00df und k\u00f6nnen auch richtig laute T\u00f6ne anschlagen. Die Dinger sind im \u00fcbrigen auch keine Sperrholzkistchen, sondern wiegen richtig was. Ich habe sie noch nie aufgeschraubt und kann daher nicht sagen, was darin werkelt. Es kann jedenfalls was.<\/p>\n<p>Und jetzt hat&#8217;s gerade aufgeh\u00f6rt zu regnen &#8230; wie praktisch, dass der Post fertig ist. Kann ich wieder raus an der Terrasse basteln ;-)<\/p>\n","protected":false},"excerpt":{"rendered":"<p>Als mein Vater nach seiner OP im Krankenhaus lag, habe ich ihm ein kleines Radio besorgt. Inzwischen steht es bei mir und sorgt im Wintergarten f\u00fcr Musik. Und auch wenn der eingebaute Monolautsprecher des Cosmopolit Web 7 gar nicht mal &hellip;<\/p>\n<p class=\"read-more\"> <a class=\"more-link\" href=\"https:\/\/www.andreas-edler.de\/blog\/2014\/08\/zweimal-grundig\/\"> <span class=\"screen-reader-text\">Zweimal Grundig<\/span> Weiterlesen &raquo;<\/a><\/p>\n","protected":false},"author":1,"featured_media":0,"comment_status":"open","ping_status":"open","sticky":false,"template":"","format":"standard","meta":{"ngg_post_thumbnail":0,"activitypub_content_warning":"","activitypub_content_visibility":"","activitypub_max_image_attachments":2,"activitypub_interaction_policy_quote":"anyone","activitypub_status":"","footnotes":""},"categories":[22,1],"tags":[29,144,46],"class_list":["post-142970","post","type-post","status-publish","format-standard","hentry","category-basteln","category-allgemein","tag-musik","tag-sammeln","tag-technik"],"share_on_mastodon":{"url":"","error":""},"_links":{"self":[{"href":"https:\/\/www.andreas-edler.de\/blog\/wp-json\/wp\/v2\/posts\/142970","targetHints":{"allow":["GET"]}}],"collection":[{"href":"https:\/\/www.andreas-edler.de\/blog\/wp-json\/wp\/v2\/posts"}],"about":[{"href":"https:\/\/www.andreas-edler.de\/blog\/wp-json\/wp\/v2\/types\/post"}],"author":[{"embeddable":true,"href":"https:\/\/www.andreas-edler.de\/blog\/wp-json\/wp\/v2\/users\/1"}],"replies":[{"embeddable":true,"href":"https:\/\/www.andreas-edler.de\/blog\/wp-json\/wp\/v2\/comments?post=142970"}],"version-history":[{"count":0,"href":"https:\/\/www.andreas-edler.de\/blog\/wp-json\/wp\/v2\/posts\/142970\/revisions"}],"wp:attachment":[{"href":"https:\/\/www.andreas-edler.de\/blog\/wp-json\/wp\/v2\/media?parent=142970"}],"wp:term":[{"taxonomy":"category","embeddable":true,"href":"https:\/\/www.andreas-edler.de\/blog\/wp-json\/wp\/v2\/categories?post=142970"},{"taxonomy":"post_tag","embeddable":true,"href":"https:\/\/www.andreas-edler.de\/blog\/wp-json\/wp\/v2\/tags?post=142970"}],"curies":[{"name":"wp","href":"https:\/\/api.w.org\/{rel}","templated":true}]}}