{"id":13320,"date":"2012-09-24T22:07:41","date_gmt":"2012-09-24T20:07:41","guid":{"rendered":"http:\/\/www.andreas-edler.de\/blog\/?p=13320"},"modified":"2012-09-24T22:07:41","modified_gmt":"2012-09-24T20:07:41","slug":"fahrstunden","status":"publish","type":"post","link":"https:\/\/www.andreas-edler.de\/blog\/2012\/09\/fahrstunden\/","title":{"rendered":"Fahrstunden"},"content":{"rendered":"<p>Jeden Tag an dem ich mit dem Rad zur Arbeit und zur\u00fcck fahre, nimmt mir mindestens ein Autofahrer an Einm\u00fcndungen oder Hofeinfahrten die Vorfahrt. Wenn hinter diesen Autofahrern niemand steht, finde ich es \u00e4u\u00dferst unh\u00f6flich, dickefellig und nicht zuletzt gef\u00e4hrlich, von demselben wenn er nicht zur\u00fcck setzt. Ich m\u00f6chte mal sehen wie der Autofahrer ausrastet, wenn ich mich vor ihn stellen w\u00fcrde. Freitag fuhr ich den benutzungspflichtigen Radweg der Eidinghausener Stra\u00dfe Richtung Norden und hinter der Werrebr\u00fccke stand ein PKW mit der Front bis \u00fcber die H\u00e4lfte des Radweges. Ich war weithin sichtbar, hinter dem PKW niemand. Trotzdem blieb der Wagen stehen &#8211; obwohl auf der Eidinghausener absehbar soviel Verkehr war, dass eine Einfahrt oder Querung nicht m\u00f6glich gewesen ist.<!--more--><\/p>\n<p>Ich bin langsamer geworden und vor dem Wagen hergezirkelt. Kurz vorher habe ich gesehen, dass es sich um einen Fahrschulwagen handelte. Gesagt habe ich nichts, aber mein weises Haupt gesch\u00fcttelt. Das hat den Fahrlehrer animiert, mir etwas hinterher zu rufen. Was habe ich gar nicht verstanden, aber wenn er diskutieren will, dann bin ich doch so nett, halte an und drehe um. In der Diskussion konnte der Fahrlehrer irgendwie nicht klar machen, warum Vorfahrt nehmen super ist. Aber er m\u00fcsse seiner Fahrsch\u00fclerin &#8222;ran tasten&#8220; beibringen. Aufpassen scheint da nicht mehr drin zu sein. Und dass die beiden schon 100 Meter bevor ich bei den beiden war nicht mehr getastet haben, ist auch egal. Die standen dumpf auf dem Radweg und guckten mich an.<\/p>\n<p>Auf meine Einlassung, dass man dann doch wohl einfach 1 Meter zur\u00fcck f\u00e4hrt, wurde mir erkl\u00e4rt, dass die Fahrsch\u00fclerin dann in der Pr\u00fcfung sofort durchfallen w\u00fcrde? Ich wei\u00df nicht, ob man meinen Facepalm \u00fcber dem Kopf gesehen hat. Auf meine Frage warum, erw\u00e4hnte der Fahrlehrer, dass die Sch\u00fcler sich doch nicht umgucken, sondern einfach zur\u00fccksetzen und dann durchfallen. Nat\u00fcrlich muss man sich umgucken und vergewissern, dass hinter einem frei ist, habe ich erwidert und zus\u00e4tzlich erw\u00e4hnt, dass ich gar nicht erwarte Platz gemacht zu bekommen, wenn hinter dem Wagen eine Schlange anderer Autos st\u00fcnde. Auch wenn das trotzdem Mist ist, bin ich ja nicht p\u00e4pstlicher als der Papst. Nur wenn frei ist, dann sollte und muss man IMHO einfach Platz machen. Immerhin habe ich Vorfahrt.<\/p>\n<p>Mit t\u00f6dlicher Sicherheit w\u00fcrde sie dann durchfallen, war die Erwiderung. T\u00f6dlich ist es sein Verhalten, konnte ich da nur erwidern, leider zumeist f\u00fcr den Radfahrer. Zur\u00fccksetzen ist v\u00f6llig korrekt, wenn man sich vorher umguckt. Das mit dem Umgucken w\u00fcsste ich nicht besser, dass ist der Unterschied zwischen Theorie und Praxis. Das macht keiner und darum sagt er das seinen Fahrsch\u00fclern nicht. WTF? Da blieb mir echt die Spucke weg und ich habe ihm gesagt, dass er doch nicht vor dem Versuch seinen Sch\u00fclern was beizubringen schon resignieren solle.<\/p>\n<p>Das Gespr\u00e4ch verlief tats\u00e4chlich sehr ruhig und freundlich. Aber ich bin entsetzt, wie sich der Fahrlehrer in der Situation argumentativ verhielt. Das ist eine Katastrophe. Kein Wunder, dass Autofahrer so fahren wie sie fahren. Da wird ganz offensiv gelehrt, dass man Radfahrern nicht Platz machen muss. Und das mit der Begr\u00fcndung dass die Sch\u00fcler durchfallen, weil Umgucken nicht gelernt sondern vergessen wird. Ich hoffe sehr stark, dass ich das alles nur v\u00f6llig falsch verstanden habe!<\/p>\n","protected":false},"excerpt":{"rendered":"<p>Jeden Tag an dem ich mit dem Rad zur Arbeit und zur\u00fcck fahre, nimmt mir mindestens ein Autofahrer an Einm\u00fcndungen oder Hofeinfahrten die Vorfahrt. Wenn hinter diesen Autofahrern niemand steht, finde ich es \u00e4u\u00dferst unh\u00f6flich, dickefellig und nicht zuletzt gef\u00e4hrlich, &hellip;<\/p>\n<p class=\"read-more\"> <a class=\"more-link\" href=\"https:\/\/www.andreas-edler.de\/blog\/2012\/09\/fahrstunden\/\"> <span class=\"screen-reader-text\">Fahrstunden<\/span> Weiterlesen &raquo;<\/a><\/p>\n","protected":false},"author":1,"featured_media":0,"comment_status":"open","ping_status":"open","sticky":false,"template":"","format":"standard","meta":{"ngg_post_thumbnail":0,"activitypub_content_warning":"","activitypub_content_visibility":"","activitypub_max_image_attachments":2,"activitypub_interaction_policy_quote":"anyone","activitypub_status":"","footnotes":""},"categories":[14,15],"tags":[37,71,78],"class_list":["post-13320","post","type-post","status-publish","format-standard","hentry","category-bad-oeynhausen","category-fahrrad","tag-auto","tag-regeln","tag-schule"],"share_on_mastodon":{"url":"","error":""},"_links":{"self":[{"href":"https:\/\/www.andreas-edler.de\/blog\/wp-json\/wp\/v2\/posts\/13320","targetHints":{"allow":["GET"]}}],"collection":[{"href":"https:\/\/www.andreas-edler.de\/blog\/wp-json\/wp\/v2\/posts"}],"about":[{"href":"https:\/\/www.andreas-edler.de\/blog\/wp-json\/wp\/v2\/types\/post"}],"author":[{"embeddable":true,"href":"https:\/\/www.andreas-edler.de\/blog\/wp-json\/wp\/v2\/users\/1"}],"replies":[{"embeddable":true,"href":"https:\/\/www.andreas-edler.de\/blog\/wp-json\/wp\/v2\/comments?post=13320"}],"version-history":[{"count":0,"href":"https:\/\/www.andreas-edler.de\/blog\/wp-json\/wp\/v2\/posts\/13320\/revisions"}],"wp:attachment":[{"href":"https:\/\/www.andreas-edler.de\/blog\/wp-json\/wp\/v2\/media?parent=13320"}],"wp:term":[{"taxonomy":"category","embeddable":true,"href":"https:\/\/www.andreas-edler.de\/blog\/wp-json\/wp\/v2\/categories?post=13320"},{"taxonomy":"post_tag","embeddable":true,"href":"https:\/\/www.andreas-edler.de\/blog\/wp-json\/wp\/v2\/tags?post=13320"}],"curies":[{"name":"wp","href":"https:\/\/api.w.org\/{rel}","templated":true}]}}