{"id":128936,"date":"2014-07-25T19:18:23","date_gmt":"2014-07-25T17:18:23","guid":{"rendered":"http:\/\/www.andreas-edler.de\/blog\/?p=128936"},"modified":"2019-06-16T09:45:59","modified_gmt":"2019-06-16T07:45:59","slug":"radwegbenutzungspflicht-weserstrasse","status":"publish","type":"post","link":"https:\/\/www.andreas-edler.de\/blog\/2014\/07\/radwegbenutzungspflicht-weserstrasse\/","title":{"rendered":"Radwegbenutzungspflicht Weserstra\u00dfe"},"content":{"rendered":"<p><figure id=\"attachment_128944\" aria-describedby=\"caption-attachment-128944\" style=\"width: 550px\" class=\"wp-caption aligncenter\"><a href=\"http:\/\/www.andreas-edler.de\/blog\/wp-content\/uploads\/2014\/07\/20140725_weserstrasse.jpg\"><img loading=\"lazy\" decoding=\"async\" src=\"http:\/\/www.andreas-edler.de\/blog\/wp-content\/uploads\/2014\/07\/20140725_weserstrasse-1024x370.jpg\" alt=\"Zeichen 240 an der Weserstra\u00dfe\" width=\"550\" height=\"198\" class=\"size-large wp-image-128944\" srcset=\"https:\/\/www.andreas-edler.de\/blog\/wp-content\/uploads\/2014\/07\/20140725_weserstrasse-1024x370.jpg 1024w, https:\/\/www.andreas-edler.de\/blog\/wp-content\/uploads\/2014\/07\/20140725_weserstrasse-300x108.jpg 300w, https:\/\/www.andreas-edler.de\/blog\/wp-content\/uploads\/2014\/07\/20140725_weserstrasse-100x36.jpg 100w, https:\/\/www.andreas-edler.de\/blog\/wp-content\/uploads\/2014\/07\/20140725_weserstrasse-150x54.jpg 150w, https:\/\/www.andreas-edler.de\/blog\/wp-content\/uploads\/2014\/07\/20140725_weserstrasse-200x72.jpg 200w, https:\/\/www.andreas-edler.de\/blog\/wp-content\/uploads\/2014\/07\/20140725_weserstrasse-450x162.jpg 450w, https:\/\/www.andreas-edler.de\/blog\/wp-content\/uploads\/2014\/07\/20140725_weserstrasse-600x217.jpg 600w, https:\/\/www.andreas-edler.de\/blog\/wp-content\/uploads\/2014\/07\/20140725_weserstrasse-900x325.jpg 900w, https:\/\/www.andreas-edler.de\/blog\/wp-content\/uploads\/2014\/07\/20140725_weserstrasse.jpg 1200w\" sizes=\"auto, (max-width: 550px) 100vw, 550px\" \/><\/a><figcaption id=\"caption-attachment-128944\" class=\"wp-caption-text\">Zeichen 240 an der Weserstra\u00dfe<\/figcaption><\/figure><br \/>\n<cite>[Anrede]<br \/>\n<br \/>\nvern\u00fcnftigerweise wurde vor einiger Zeit die Benutzungspflicht der unzureichenden Radwege an der Weserstra\u00dfe aufgehoben.<br \/>\n<br \/>\nInzwischen wurde ich bereits mehrfach auf ein vergessenes Schild in H\u00f6he des S\u00fcdbahnhofes angesprochen. Mir ist das selbst auch schon aufgefallen, aber ich bin immer wieder dr\u00fcber weg gekommen, eine Mail zu schreiben. Heute wurde ich erneut angesprochen.<br \/>\n<br \/>\nIm Anhang ist ein Bild, um welches Schild es sich handelt. Bitte entfernen Sie dies doch auch noch. An der Stelle macht es \u00fcberhaupt keinen Sinn.<br \/>\n<br \/>\nViele Gr\u00fc\u00dfe<br \/>\n<br \/>\nAndreas Edler<\/cite><\/p>\n","protected":false},"excerpt":{"rendered":"<p>[Anrede] vern\u00fcnftigerweise wurde vor einiger Zeit die Benutzungspflicht der unzureichenden Radwege an der Weserstra\u00dfe aufgehoben. Inzwischen wurde ich bereits mehrfach auf ein vergessenes Schild in H\u00f6he des S\u00fcdbahnhofes angesprochen. Mir ist das selbst auch schon aufgefallen, aber ich bin immer &hellip;<\/p>\n<p class=\"read-more\"> <a class=\"more-link\" href=\"https:\/\/www.andreas-edler.de\/blog\/2014\/07\/radwegbenutzungspflicht-weserstrasse\/\"> <span class=\"screen-reader-text\">Radwegbenutzungspflicht Weserstra\u00dfe<\/span> Weiterlesen &raquo;<\/a><\/p>\n","protected":false},"author":1,"featured_media":0,"comment_status":"open","ping_status":"open","sticky":false,"template":"","format":"standard","meta":{"ngg_post_thumbnail":0,"activitypub_content_warning":"","activitypub_content_visibility":"","activitypub_max_image_attachments":2,"activitypub_interaction_policy_quote":"anyone","activitypub_status":"","footnotes":""},"categories":[14,15,13],"tags":[110,251,207,72,336],"class_list":["post-128936","post","type-post","status-publish","format-standard","hentry","category-bad-oeynhausen","category-fahrrad","category-verkehr","tag-fahrradfreundliche-stadt","tag-infrastruktur","tag-radweg","tag-verwaltung","tag-weserstrasse"],"share_on_mastodon":{"url":"","error":""},"_links":{"self":[{"href":"https:\/\/www.andreas-edler.de\/blog\/wp-json\/wp\/v2\/posts\/128936","targetHints":{"allow":["GET"]}}],"collection":[{"href":"https:\/\/www.andreas-edler.de\/blog\/wp-json\/wp\/v2\/posts"}],"about":[{"href":"https:\/\/www.andreas-edler.de\/blog\/wp-json\/wp\/v2\/types\/post"}],"author":[{"embeddable":true,"href":"https:\/\/www.andreas-edler.de\/blog\/wp-json\/wp\/v2\/users\/1"}],"replies":[{"embeddable":true,"href":"https:\/\/www.andreas-edler.de\/blog\/wp-json\/wp\/v2\/comments?post=128936"}],"version-history":[{"count":0,"href":"https:\/\/www.andreas-edler.de\/blog\/wp-json\/wp\/v2\/posts\/128936\/revisions"}],"wp:attachment":[{"href":"https:\/\/www.andreas-edler.de\/blog\/wp-json\/wp\/v2\/media?parent=128936"}],"wp:term":[{"taxonomy":"category","embeddable":true,"href":"https:\/\/www.andreas-edler.de\/blog\/wp-json\/wp\/v2\/categories?post=128936"},{"taxonomy":"post_tag","embeddable":true,"href":"https:\/\/www.andreas-edler.de\/blog\/wp-json\/wp\/v2\/tags?post=128936"}],"curies":[{"name":"wp","href":"https:\/\/api.w.org\/{rel}","templated":true}]}}