{"id":12452,"date":"2012-07-19T21:25:21","date_gmt":"2012-07-19T19:25:21","guid":{"rendered":"http:\/\/www.andreas-edler.de\/blog\/?p=12452"},"modified":"2019-10-27T19:44:46","modified_gmt":"2019-10-27T18:44:46","slug":"breitenbachstrasse-hat-keinen-radweg","status":"publish","type":"post","link":"https:\/\/www.andreas-edler.de\/blog\/2012\/07\/breitenbachstrasse-hat-keinen-radweg\/","title":{"rendered":"Breitenbachstra\u00dfe hat keinen Radweg"},"content":{"rendered":"<p>Ein \u00e4lterer Herr wurde auf der Breitenbachstra\u00dfe angefahren. Ein Auto kam aus einer Firmenausfahrt und der Mann war nicht auf der Fahrbahn unterwegs, zudem fuhr er der Beschreibung nach auch noch in die falsche Richtung. \u00dcblicherweise dresche ich dann immer drauf, wenn die Polizei in ihren Meldungen schreibt, dass der Radler in die verkehrte Richtung fuhr. Gleichzeitig erw\u00e4hne ich aber auch immer, dass das saugef\u00e4hrlich ist und mich diese Geisterfahrer jeden Tag f\u00fcrchterlich nerven. Gar nicht verstehen kann ich dann die Polizei, wenn sie sich auch noch kombinierte Geh- und Radwege &#8222;ausdenkt&#8220;. Das hat mich dazu animiert, doch tats\u00e4chlich mal bei der Pressestelle nachzufragen, wie so eine Meldung zustande kommt.<\/p>\n<p>\u00c4rgerlich auch, dass beide Lokalzeitungen die Meldung einfach kommentarlos \u00fcbernommen haben. Ein bisschen redaktionelle Arbeit schadet doch nun wirklich nicht. Was soll ich dann vom Rest der Meldungen halten? <!--more--><\/p>\n<p><cite>Sehr geehrte Damen und Herren,<br \/>\n<br \/>\nin Ihrer Pressemitteilung zum Radfahrerunfall auf der Breitenbachstra\u00dfe vom 18.07.2012 | 11:28 Uhr (<a href=\"http:\/\/www.presseportal.de\/polizeipresse\/pm\/43553\/2291144\/pol-mi-radfahrer-bei-unfallleicht-verletzt\/rss\">Link<\/a>)<br \/>\nschreiben Sie:<br \/>\n<br \/>\n&#8222;Nach Feststellungen der Polizei war der Mann gegen 15.30 Uhr auf dem kombinierten Geh- und Radweg in Richtung Tannenbergstra\u00dfe unterwegs,&#8220;<br \/>\n<br \/>\nAnhand welcher Kennzeichnungen stellt die Polizei fest, dass es sich um einen kombinierten Geh- und Radweg handelt? Mir sind dazu nur die Zeichen 237, 240 und 241 bekannt, welche an der gesamten Breitenbachstra\u00dfe nicht aufgestellt sind. Es findet sich auch kein Zusatzzeichen &#8222;Radfahrer frei&#8220;. An der Breitenbachstra\u00dfe gibt es somit keinen kombinierten Geh- und Radweg.<br \/>\n<br \/>\nIhrer Beschreibung nach fuhr der Radfahrer auf der n\u00f6rdlichen Seite der Breitenbachstra\u00dfe in Richtung Tannenbergstra\u00dfe, ansonsten g\u00e4be es keine Firmenausfahrt, die er queren m\u00fcsste. Daraus ergibt sich, dass der Radfahrer verbotenerweise auf einem Gehweg &#8211; noch dazu in der falschen Richtung &#8211; unterwegs war.<br \/>\n<br \/>\nWarum erw\u00e4hnen Sie das nicht bzw. stellen den Sachverhalt falsch dar? Warum erw\u00e4hnen Sie nicht, dass er auf der Fahrbahn &#8211; wo er eigentlich h\u00e4tte fahren m\u00fcssen &#8211; aller Voraussicht nach nicht verunfallt w\u00e4re, da die Gef\u00e4hrdungssituation nicht aufgetreten w\u00e4re? Ich w\u00fcnsche mir als radfahrender Verkehrsteilnehmer viel mehr, Sie w\u00fcrden die geltenden gesetzlichen Vorgaben deutlicher hervorheben. Das Fahren auf der Fahrbahn, seit 1998 die Regel in der StVO, wird bei Ihnen nie propagiert.<br \/>\n<br \/>\nMit freundlichen Gr\u00fc\u00dfen<br \/>\n<br \/>\nAndreas Edler<\/cite><\/p>\n","protected":false},"excerpt":{"rendered":"<p>Ein \u00e4lterer Herr wurde auf der Breitenbachstra\u00dfe angefahren. Ein Auto kam aus einer Firmenausfahrt und der Mann war nicht auf der Fahrbahn unterwegs, zudem fuhr er der Beschreibung nach auch noch in die falsche Richtung. \u00dcblicherweise dresche ich dann immer &hellip;<\/p>\n<p class=\"read-more\"> <a class=\"more-link\" href=\"https:\/\/www.andreas-edler.de\/blog\/2012\/07\/breitenbachstrasse-hat-keinen-radweg\/\"> <span class=\"screen-reader-text\">Breitenbachstra\u00dfe hat keinen Radweg<\/span> Weiterlesen &raquo;<\/a><\/p>\n","protected":false},"author":1,"featured_media":0,"comment_status":"open","ping_status":"open","sticky":false,"template":"","format":"standard","meta":{"ngg_post_thumbnail":0,"activitypub_content_warning":"","activitypub_content_visibility":"","activitypub_max_image_attachments":2,"activitypub_interaction_policy_quote":"anyone","activitypub_status":"","footnotes":""},"categories":[14,15,13],"tags":[237,401,251,34,127,59,207,76],"class_list":["post-12452","post","type-post","status-publish","format-standard","hentry","category-bad-oeynhausen","category-fahrrad","category-verkehr","tag-ausschuss-fuer-stadtentwicklung","tag-breitenbachstrasse","tag-infrastruktur","tag-kommunikation","tag-polizei","tag-presse","tag-radweg","tag-sicherheit"],"share_on_mastodon":{"url":"","error":""},"_links":{"self":[{"href":"https:\/\/www.andreas-edler.de\/blog\/wp-json\/wp\/v2\/posts\/12452","targetHints":{"allow":["GET"]}}],"collection":[{"href":"https:\/\/www.andreas-edler.de\/blog\/wp-json\/wp\/v2\/posts"}],"about":[{"href":"https:\/\/www.andreas-edler.de\/blog\/wp-json\/wp\/v2\/types\/post"}],"author":[{"embeddable":true,"href":"https:\/\/www.andreas-edler.de\/blog\/wp-json\/wp\/v2\/users\/1"}],"replies":[{"embeddable":true,"href":"https:\/\/www.andreas-edler.de\/blog\/wp-json\/wp\/v2\/comments?post=12452"}],"version-history":[{"count":0,"href":"https:\/\/www.andreas-edler.de\/blog\/wp-json\/wp\/v2\/posts\/12452\/revisions"}],"wp:attachment":[{"href":"https:\/\/www.andreas-edler.de\/blog\/wp-json\/wp\/v2\/media?parent=12452"}],"wp:term":[{"taxonomy":"category","embeddable":true,"href":"https:\/\/www.andreas-edler.de\/blog\/wp-json\/wp\/v2\/categories?post=12452"},{"taxonomy":"post_tag","embeddable":true,"href":"https:\/\/www.andreas-edler.de\/blog\/wp-json\/wp\/v2\/tags?post=12452"}],"curies":[{"name":"wp","href":"https:\/\/api.w.org\/{rel}","templated":true}]}}