{"id":12358,"date":"2012-07-10T07:34:34","date_gmt":"2012-07-10T05:34:34","guid":{"rendered":"http:\/\/www.andreas-edler.de\/blog\/?p=12358"},"modified":"2013-11-02T14:38:24","modified_gmt":"2013-11-02T13:38:24","slug":"erneuter-massengentest-in-halle","status":"publish","type":"post","link":"https:\/\/www.andreas-edler.de\/blog\/2012\/07\/erneuter-massengentest-in-halle\/","title":{"rendered":"Erneuter Massengentest in Halle"},"content":{"rendered":"<p>Im Fall Nelli Graf hat die Polizei bereits 1.500 &#8222;Freiwillige&#8220; zum Speicheltest geladen &#8211; und die Kritik in der Presse blieb aus. Eine einzige Lobhudelei auf diese Ma\u00dfnahme war zu lesen. Obwohl Gerichte bereits entschieden hatten, dass die Tests rechtswidrig sind. Nun hat sich &#8211; oh Wunder &#8211; heraus gestellt, dass bei den bisher untersuchten der M\u00f6rder nicht dabei war. Was macht also die Polizei? Sie erweitert einfach den Kreis der zu Untersuchenden!<\/p>\n<p>Wenigstens wird dieses Vorgehen heute <a href=\"http:\/\/www.nw-news.de\/lokale_news\/guetersloh\/guetersloh\/6868297_Der_Massengentest_und_die_Datenfrage.html\">leicht kritisch in der Neuen-Westf\u00e4lischen behandelt<\/a>, die Gerichtsurteile werden erw\u00e4hnt.<\/p>\n<p>Sehr bedenklich finde ich was Kriminalhauptkommissar Ralf \u00d6stermann im Interview \u00e4u\u00dfert <cite>Zun\u00e4chst setzen wir auf Freiwilligkeit, danach versuchen wir die Betroffenen auf anderem Wege auszuschlie\u00dfen<\/cite> Er beschreibt hier schon nahezu die Aufhebung der Unschuldsvermutung. Zuerst mal Verdacht f\u00fcr alle und davon werden dann mit dem Ausschlussverfahren die Unschuldigen aussortiert. Ja, das steht dort. <cite>Wir sind uns schlie\u00dflich recht sicher, dass wir im richtigen Gebiet suchen.&#8220; Er w\u00e4re &#8222;froh, wenn uns der Gesetzgeber eine strengere Handhabe geben w\u00fcrde&#8220;, sagt \u00d6stermann, &#8222;wir versuchen schlie\u00dflich, einen M\u00f6rder zu finden&#8220;.<\/cite> Immerhin suchen wir einen M\u00f6rder! Sch\u00f6nes Totschlagargument. Frau von der Leyen hatte \u00e4hnliches mit &#8222;Denkt doch an die Kinder!&#8220;. Wer etwas dagegen sagt ist ein Unmensch oder hat was zu verbergen. Das ist unlauter, Bl\u00f6dsinn und gef\u00e4hrlich, weil vern\u00fcnftige Argumente gegen solche Massentests damit von vornherein unterdr\u00fcckt werden.<\/p>\n<p>Ich find&#8217;s gut, dass die NW endlich auch mal die tats\u00e4chliche Lage zumindest erw\u00e4hnt, wenn sie nicht schon \u00f6ffentlich die Polizei f\u00fcr ihr Vorgehen kritisiert.<\/p>\n","protected":false},"excerpt":{"rendered":"<p>Im Fall Nelli Graf hat die Polizei bereits 1.500 &#8222;Freiwillige&#8220; zum Speicheltest geladen &#8211; und die Kritik in der Presse blieb aus. Eine einzige Lobhudelei auf diese Ma\u00dfnahme war zu lesen. Obwohl Gerichte bereits entschieden hatten, dass die Tests rechtswidrig &hellip;<\/p>\n<p class=\"read-more\"> <a class=\"more-link\" href=\"https:\/\/www.andreas-edler.de\/blog\/2012\/07\/erneuter-massengentest-in-halle\/\"> <span class=\"screen-reader-text\">Erneuter Massengentest in Halle<\/span> Weiterlesen &raquo;<\/a><\/p>\n","protected":false},"author":1,"featured_media":0,"comment_status":"open","ping_status":"open","sticky":false,"template":"","format":"standard","meta":{"ngg_post_thumbnail":0,"activitypub_content_warning":"","activitypub_content_visibility":"","activitypub_max_image_attachments":2,"activitypub_interaction_policy_quote":"anyone","activitypub_status":"","footnotes":""},"categories":[1],"tags":[34,59,73],"class_list":["post-12358","post","type-post","status-publish","format-standard","hentry","category-allgemein","tag-kommunikation","tag-presse","tag-recht"],"share_on_mastodon":{"url":"","error":""},"_links":{"self":[{"href":"https:\/\/www.andreas-edler.de\/blog\/wp-json\/wp\/v2\/posts\/12358","targetHints":{"allow":["GET"]}}],"collection":[{"href":"https:\/\/www.andreas-edler.de\/blog\/wp-json\/wp\/v2\/posts"}],"about":[{"href":"https:\/\/www.andreas-edler.de\/blog\/wp-json\/wp\/v2\/types\/post"}],"author":[{"embeddable":true,"href":"https:\/\/www.andreas-edler.de\/blog\/wp-json\/wp\/v2\/users\/1"}],"replies":[{"embeddable":true,"href":"https:\/\/www.andreas-edler.de\/blog\/wp-json\/wp\/v2\/comments?post=12358"}],"version-history":[{"count":0,"href":"https:\/\/www.andreas-edler.de\/blog\/wp-json\/wp\/v2\/posts\/12358\/revisions"}],"wp:attachment":[{"href":"https:\/\/www.andreas-edler.de\/blog\/wp-json\/wp\/v2\/media?parent=12358"}],"wp:term":[{"taxonomy":"category","embeddable":true,"href":"https:\/\/www.andreas-edler.de\/blog\/wp-json\/wp\/v2\/categories?post=12358"},{"taxonomy":"post_tag","embeddable":true,"href":"https:\/\/www.andreas-edler.de\/blog\/wp-json\/wp\/v2\/tags?post=12358"}],"curies":[{"name":"wp","href":"https:\/\/api.w.org\/{rel}","templated":true}]}}