{"id":12225,"date":"2012-06-17T19:21:39","date_gmt":"2012-06-17T17:21:39","guid":{"rendered":"http:\/\/www.andreas-edler.de\/blog\/?p=12225"},"modified":"2012-06-17T21:39:30","modified_gmt":"2012-06-17T19:39:30","slug":"t42-tut-doch-noch","status":"publish","type":"post","link":"https:\/\/www.andreas-edler.de\/blog\/2012\/06\/t42-tut-doch-noch\/","title":{"rendered":"T42 tut doch noch"},"content":{"rendered":"<p>Seit Jahren habe ich einen ThinkPad T42 auf dem Scho\u00df, davor einen T23 und davor einen 600er. Den erstgenannten habe ich mir nicht gekauft, weil die anderen den Geist aufgegeben h\u00e4tten, sondern weil mir die Leistung zu mager wurde. Der T42 (<a href=\"http:\/\/www.andreas-edler.de\/blog\/2008\/04\/akkulaufzeit\/\">den habe ich tats\u00e4chlich schon 4 Jahre<\/a>) tat aber unter Windows 7 ganz ausgezeichnet und alles was ich wollte. Bis er letztlich mir nichts dir nichts die Displaybeleuchtung ausschaltete. In den einschl\u00e4gigen Foren habe ich dazu nichts gefunden und darum einen <a href=\"http:\/\/www.andreas-edler.de\/blog\/2012\/04\/thinkpad-edge-e325\/\">ThinkPad Edge E325<\/a> als Ersatz angeschafft &#8211; auch weil ich mir mal ein neues Laptop g\u00f6nnen wollte. <\/p>\n<p style=\"text-align:center;font-size: smaller;\"><img decoding=\"async\" src=\"http:\/\/www.andreas-edler.de\/grafik\/blog_2012\/20120617_t42_innen.jpg\" width=\"470\" border=\"0\" alt=\"\" title=\"\"><\/p>\n<p><!--more--> Au\u00dferdem war der L\u00fcfter vom alten Ger\u00e4t schon derbe laut &#8230; also ganz sch\u00f6n viel zu machen. Habe ich heute morgen dann mal aufgeschraubt. Vor einiger Zeit hatte ich spa\u00dfeshalber mal Linux Mint auf die Kiste installiert und heute habe ich den L\u00fcfter durchgepustet, Dreck aus den Gittern entfernt und ein bisschen an allen Kabeln rumgewackelt. Seit 10 Stunden werkelt das Ding nun vor sich hin, ohne dass sich einmal die Display-Hintergrundbeleuchtung verabschiedet h\u00e4tte! Menno. Allerdings ist mein Vertrauen in das Teil ein bisschen getr\u00fcbt, als dass ich damit noch produktiv arbeiten wollte. Vielleicht kriege ich ja noch was daf\u00fcr &#8230; ist immerhin mit 1.400&#215;1.050 Aufl\u00f6sung und 1,5 GB Ram. Der l\u00e4uft ganz nett, Akku ist auch fast neu und h\u00e4lt 2 Stunden durch.<\/p>\n","protected":false},"excerpt":{"rendered":"<p>Seit Jahren habe ich einen ThinkPad T42 auf dem Scho\u00df, davor einen T23 und davor einen 600er. Den erstgenannten habe ich mir nicht gekauft, weil die anderen den Geist aufgegeben h\u00e4tten, sondern weil mir die Leistung zu mager wurde. Der &hellip;<\/p>\n<p class=\"read-more\"> <a class=\"more-link\" href=\"https:\/\/www.andreas-edler.de\/blog\/2012\/06\/t42-tut-doch-noch\/\"> <span class=\"screen-reader-text\">T42 tut doch noch<\/span> Weiterlesen &raquo;<\/a><\/p>\n","protected":false},"author":1,"featured_media":0,"comment_status":"open","ping_status":"open","sticky":false,"template":"","format":"standard","meta":{"ngg_post_thumbnail":0,"activitypub_content_warning":"","activitypub_content_visibility":"","activitypub_max_image_attachments":2,"activitypub_interaction_policy_quote":"anyone","activitypub_status":"","footnotes":""},"categories":[22],"tags":[24,64],"class_list":["post-12225","post","type-post","status-publish","format-standard","hentry","category-basteln","tag-computer","tag-konsum"],"share_on_mastodon":{"url":"","error":""},"_links":{"self":[{"href":"https:\/\/www.andreas-edler.de\/blog\/wp-json\/wp\/v2\/posts\/12225","targetHints":{"allow":["GET"]}}],"collection":[{"href":"https:\/\/www.andreas-edler.de\/blog\/wp-json\/wp\/v2\/posts"}],"about":[{"href":"https:\/\/www.andreas-edler.de\/blog\/wp-json\/wp\/v2\/types\/post"}],"author":[{"embeddable":true,"href":"https:\/\/www.andreas-edler.de\/blog\/wp-json\/wp\/v2\/users\/1"}],"replies":[{"embeddable":true,"href":"https:\/\/www.andreas-edler.de\/blog\/wp-json\/wp\/v2\/comments?post=12225"}],"version-history":[{"count":0,"href":"https:\/\/www.andreas-edler.de\/blog\/wp-json\/wp\/v2\/posts\/12225\/revisions"}],"wp:attachment":[{"href":"https:\/\/www.andreas-edler.de\/blog\/wp-json\/wp\/v2\/media?parent=12225"}],"wp:term":[{"taxonomy":"category","embeddable":true,"href":"https:\/\/www.andreas-edler.de\/blog\/wp-json\/wp\/v2\/categories?post=12225"},{"taxonomy":"post_tag","embeddable":true,"href":"https:\/\/www.andreas-edler.de\/blog\/wp-json\/wp\/v2\/tags?post=12225"}],"curies":[{"name":"wp","href":"https:\/\/api.w.org\/{rel}","templated":true}]}}