{"id":12221,"date":"2012-06-17T21:37:10","date_gmt":"2012-06-17T19:37:10","guid":{"rendered":"http:\/\/www.andreas-edler.de\/blog\/?p=12221"},"modified":"2012-06-17T21:38:32","modified_gmt":"2012-06-17T19:38:32","slug":"kurz-hoch-zum-suedweg","status":"publish","type":"post","link":"https:\/\/www.andreas-edler.de\/blog\/2012\/06\/kurz-hoch-zum-suedweg\/","title":{"rendered":"Kurz hoch zum S\u00fcdweg"},"content":{"rendered":"<p>Den Nachmittag haben wir heute genutzt, um mit dem Fahrrad nach Oberbecksen hoch zu fahren. Tim ist sogar auf der ganzen Strecke nicht abgestiegen und immer gefahren! Die SRAM-Schaltung macht jedoch irgendwie Probleme. Aus dem 7. Gang schaltet sie manchmal nicht zur\u00fcck, der Zug steht aus dem Drehgriff raus und man muss erst die Klickbox an der Nabe einmal abnehmen und wieder drauf setzen. Keine Ahnung was das ist. <\/p>\n<p style=\"text-align:center;font-size: smaller;\"><img decoding=\"async\" src=\"http:\/\/www.andreas-edler.de\/grafik\/blog_2012\/20120617_portablick.jpg\" width=\"470\" border=\"0\" alt=\"\" title=\"\"><\/p>\n<p><!--more--> Auf dem R\u00fcckweg noch einmal die Aussicht kanpp unterhalb der Lohe genossen und dann die Triftenstra\u00dfe lang zur\u00fcck. Es haben mich sowohl dort, als auch auf der Hermann-L\u00f6ns-Stra\u00dfe und zuletzt auch dem Hahnenkamp wieder Autos mit arg wenig Abstand \u00fcberholt. im Hahnenkamp habe ich dann mal kurz das Gespr\u00e4ch gesucht, weil es Anwohner und sogar fast Nachbarn waren. Und auch in dem Fall wieder: &#8222;Hier ist doch ein soooo breiter Radweg.&#8220; Nein, Herr Nachbar, an der Hahnenkampstra\u00dfe und dem D\u00f6rgen gibt es gar keinen Radweg. Nur einen schmalen Gehweg, der (ich m\u00fcsste das sogar erst noch nachsehen, weil es so uninteressant ist) maximal &#8222;Radfahrer frei&#8220; ist. Der Angesprochene hielt sogar die kleinen quadratischen Radroutenschilder f\u00fcr Verkehrszeichen, die eine Benutzung des Gehweges signalisieren. Herrje, kein Wunder dass Autofahrer sich so benehmen, wie sie es tun.<\/p>\n<p>Die Begr\u00fcndung f\u00fcr das zu dichte \u00dcberholen war \u00fcbrigens &#8211; tata! &#8211; der Gegenverkehr, der \u00fcberraschend auftauchte, weil er bei Einleitung des \u00dcberholvorgangs *vor* der H\u00fcgelkuppe nicht gesehen werden konnte. Ahja, nicht wissen was Radwege sind, an einer nicht einsehbaren Stelle \u00fcberholen, Mindestabstand nicht mal ansatzweise einhalten und mir dann erkl\u00e4ren wollen, wo ich mit dem Fahrrad fahren soll. Wenigstens war das Gespr\u00e4ch entspannt &#8211; ich empfehle trotzdem eine kleine Auffrischung des Wissens um die StVO.<\/p>\n<p>15,5 Km | 13 Km\/h Schnitt | 37 Km\/h max. | 218 H\u00f6henmeter<\/p>\n","protected":false},"excerpt":{"rendered":"<p>Den Nachmittag haben wir heute genutzt, um mit dem Fahrrad nach Oberbecksen hoch zu fahren. Tim ist sogar auf der ganzen Strecke nicht abgestiegen und immer gefahren! Die SRAM-Schaltung macht jedoch irgendwie Probleme. Aus dem 7. Gang schaltet sie manchmal &hellip;<\/p>\n<p class=\"read-more\"> <a class=\"more-link\" href=\"https:\/\/www.andreas-edler.de\/blog\/2012\/06\/kurz-hoch-zum-suedweg\/\"> <span class=\"screen-reader-text\">Kurz hoch zum S\u00fcdweg<\/span> Weiterlesen &raquo;<\/a><\/p>\n","protected":false},"author":1,"featured_media":0,"comment_status":"open","ping_status":"open","sticky":false,"template":"","format":"standard","meta":{"ngg_post_thumbnail":0,"activitypub_content_warning":"","activitypub_content_visibility":"","activitypub_max_image_attachments":2,"activitypub_interaction_policy_quote":"anyone","activitypub_status":"","footnotes":""},"categories":[15],"tags":[69,71,5],"class_list":["post-12221","post","type-post","status-publish","format-standard","hentry","category-fahrrad","tag-besuch","tag-regeln","tag-unterwegs"],"share_on_mastodon":{"url":"","error":""},"_links":{"self":[{"href":"https:\/\/www.andreas-edler.de\/blog\/wp-json\/wp\/v2\/posts\/12221","targetHints":{"allow":["GET"]}}],"collection":[{"href":"https:\/\/www.andreas-edler.de\/blog\/wp-json\/wp\/v2\/posts"}],"about":[{"href":"https:\/\/www.andreas-edler.de\/blog\/wp-json\/wp\/v2\/types\/post"}],"author":[{"embeddable":true,"href":"https:\/\/www.andreas-edler.de\/blog\/wp-json\/wp\/v2\/users\/1"}],"replies":[{"embeddable":true,"href":"https:\/\/www.andreas-edler.de\/blog\/wp-json\/wp\/v2\/comments?post=12221"}],"version-history":[{"count":0,"href":"https:\/\/www.andreas-edler.de\/blog\/wp-json\/wp\/v2\/posts\/12221\/revisions"}],"wp:attachment":[{"href":"https:\/\/www.andreas-edler.de\/blog\/wp-json\/wp\/v2\/media?parent=12221"}],"wp:term":[{"taxonomy":"category","embeddable":true,"href":"https:\/\/www.andreas-edler.de\/blog\/wp-json\/wp\/v2\/categories?post=12221"},{"taxonomy":"post_tag","embeddable":true,"href":"https:\/\/www.andreas-edler.de\/blog\/wp-json\/wp\/v2\/tags?post=12221"}],"curies":[{"name":"wp","href":"https:\/\/api.w.org\/{rel}","templated":true}]}}