{"id":12164,"date":"2012-06-05T14:45:43","date_gmt":"2012-06-05T12:45:43","guid":{"rendered":"http:\/\/www.andreas-edler.de\/blog\/?p=12164"},"modified":"2012-06-05T14:51:03","modified_gmt":"2012-06-05T12:51:03","slug":"erste-kurze-fahrt-mit-dem-bergamont-sweep-n8","status":"publish","type":"post","link":"https:\/\/www.andreas-edler.de\/blog\/2012\/06\/erste-kurze-fahrt-mit-dem-bergamont-sweep-n8\/","title":{"rendered":"Erste kurze Fahrt mit dem Bergamont Sweep N8"},"content":{"rendered":"<p>So, die ersten Kilometer mit dem Bergamont gefahren.<\/p>\n<p>Gef\u00e4llt mir <b>eigentlich<\/b> ganz gut. Es l\u00e4uft sehr ruhig, die Starrgabel vorne merke ich kaum, dachte das ruckelt mehr. Bei meinem ebenfalls ungefederten Sub 30 zieht es mir auf den Radwegen regelm\u00e4\u00dfig die Plomben aus den Backenz\u00e4hnen, das Bergamont federt insgesamt besser weg. Die Nexus-Schaltung ist gew\u00f6hnungsbed\u00fcrftig, das Drehen am Griff zum Schalten wie bei der Vespa f\u00fchlt sich am Rad merkw\u00fcrdig an. Au\u00dferdem ist es nicht so butterweich wie angepriesen. Selbst mein v\u00f6llig verrotztes, schiefes 10 Jahre alte LX-Schaltwerk bekommt das mindestens genauso hin. Der Gangsprung zwischen dem 5. und 6. Gang der Nexus 8 ist gewaltig und st\u00f6rt ein bisschen. Daf\u00fcr k\u00f6nnte der 8. Gang ruhig l\u00e4nger ausgelegt sein. Was mache ich denn bei R\u00fcckenwind? Die Sitzposition gef\u00e4llt mir viel besser als auf dem Purgatory, da macht sich das l\u00e4ngere Oberrohr und die aufrechtere Sitzposition bemerkbar. Obwohl die etwas flacher werden wird, denn derSattel ist noch deutlich zu niedrig und ich hatte heute morgen keinen Innensechskant dabei. <\/p>\n<p style=\"text-align:center;font-size: smaller;\"><img decoding=\"async\" src=\"http:\/\/www.andreas-edler.de\/grafik\/blog_2012\/20120605_bergamont.jpg\" width=\"470\" border=\"0\" alt=\"\" title=\"\"><\/p>\n<p><!--more--> Und auf die Nase gelegt h\u00e4tte ich mich heute morgen auch schon beinahe. Die schmalen Reifen und die Unf\u00e4higkeit der Stadt Bad Oeynhausen, an Auffahrten Nullabsenkungen hinzubekommen seien gedankt. Ich wollte in L\u00e4ngsrichtung auf den Gehweg an der Kirchbreite fahren, kurz vor dem Eidinghausener Kreisel. Denn ab dort muss ich ja leider auf den Radweg &#8211; naja, und die Autos stauten sich zudem auf der Fahrbahn ;-). Auf den Weg wollte ich so wie immer auffahren. Kleiner Schlenker, P\u00f6ter vom Sattel, Vorderrad leicht gemacht und rauf. Nur geht das mit den schmalen 28ern nicht. Zumindest nicht heute morgen. Das Rad fuhr einfach nicht die 2,5 Zentimeter hohe Kante hinauf, sondern rutschte sch\u00f6n geradeaus daran entlang. Die gesamte Masse hatte aber eher noch den Schwung Richtung Gehweg, so dass wir insgesamt nach rechts kippten und ich mit M\u00fche und Not das Schleudern in den Griff bekam, indem ich durch eine gl\u00fccklicherweise sehr l\u00f6chrige Hecke in einen Vorgarten fuhr. Nichts Passiert! R\u00e4der ohne Acht, Lack nicht verkratzt, Schuhe heile und der Rasen hat auch nichts abbekommen. Man, man, man. Das geht mit 26er Schwalbe Landcruiser definitiv besser, viel besser!<\/p>\n<p>Bin gespannt, wie das am Donnerstag wird und ob mein Schnellschuss die richtige Entscheidung war. Optisch auf jeden Fall &#8211; fahrtechnisch bin ich mittel \u00fcberzeugt bis jetzt. Ich denke, ich habe mir da eher ein Rad zum gem\u00fctlichen Schlendern gekauft, statt zum z\u00fcgigen Kilometer fressen.<\/p>\n","protected":false},"excerpt":{"rendered":"<p>So, die ersten Kilometer mit dem Bergamont gefahren. Gef\u00e4llt mir eigentlich ganz gut. Es l\u00e4uft sehr ruhig, die Starrgabel vorne merke ich kaum, dachte das ruckelt mehr. Bei meinem ebenfalls ungefederten Sub 30 zieht es mir auf den Radwegen regelm\u00e4\u00dfig &hellip;<\/p>\n<p class=\"read-more\"> <a class=\"more-link\" href=\"https:\/\/www.andreas-edler.de\/blog\/2012\/06\/erste-kurze-fahrt-mit-dem-bergamont-sweep-n8\/\"> <span class=\"screen-reader-text\">Erste kurze Fahrt mit dem Bergamont Sweep N8<\/span> Weiterlesen &raquo;<\/a><\/p>\n","protected":false},"author":1,"featured_media":0,"comment_status":"open","ping_status":"open","sticky":false,"template":"","format":"standard","meta":{"ngg_post_thumbnail":0,"activitypub_content_warning":"","activitypub_content_visibility":"","activitypub_max_image_attachments":2,"activitypub_interaction_policy_quote":"anyone","activitypub_status":"","footnotes":""},"categories":[15],"tags":[28],"class_list":["post-12164","post","type-post","status-publish","format-standard","hentry","category-fahrrad","tag-test"],"share_on_mastodon":{"url":"","error":""},"_links":{"self":[{"href":"https:\/\/www.andreas-edler.de\/blog\/wp-json\/wp\/v2\/posts\/12164","targetHints":{"allow":["GET"]}}],"collection":[{"href":"https:\/\/www.andreas-edler.de\/blog\/wp-json\/wp\/v2\/posts"}],"about":[{"href":"https:\/\/www.andreas-edler.de\/blog\/wp-json\/wp\/v2\/types\/post"}],"author":[{"embeddable":true,"href":"https:\/\/www.andreas-edler.de\/blog\/wp-json\/wp\/v2\/users\/1"}],"replies":[{"embeddable":true,"href":"https:\/\/www.andreas-edler.de\/blog\/wp-json\/wp\/v2\/comments?post=12164"}],"version-history":[{"count":0,"href":"https:\/\/www.andreas-edler.de\/blog\/wp-json\/wp\/v2\/posts\/12164\/revisions"}],"wp:attachment":[{"href":"https:\/\/www.andreas-edler.de\/blog\/wp-json\/wp\/v2\/media?parent=12164"}],"wp:term":[{"taxonomy":"category","embeddable":true,"href":"https:\/\/www.andreas-edler.de\/blog\/wp-json\/wp\/v2\/categories?post=12164"},{"taxonomy":"post_tag","embeddable":true,"href":"https:\/\/www.andreas-edler.de\/blog\/wp-json\/wp\/v2\/tags?post=12164"}],"curies":[{"name":"wp","href":"https:\/\/api.w.org\/{rel}","templated":true}]}}